{"id":21030,"date":"2024-08-09T21:32:05","date_gmt":"2024-08-09T21:32:05","guid":{"rendered":"https:\/\/tvbrazilusa.com\/2024\/08\/09\/filipe-martins-e-retido-em-presidio-por-falta-de-tornozeleira-eletronica-defesa-denuncia-abuso-de-autoridade\/"},"modified":"2024-08-09T21:36:30","modified_gmt":"2024-08-09T21:36:30","slug":"filipe-martins-e-retido-em-presidio-por-falta-de-tornozeleira-eletronica-defesa-denuncia-abuso-de-autoridade","status":"publish","type":"post","link":"https:\/\/tvbrazilusa.com\/pt\/2024\/08\/09\/filipe-martins-e-retido-em-presidio-por-falta-de-tornozeleira-eletronica-defesa-denuncia-abuso-de-autoridade\/","title":{"rendered":"Filipe Martins \u00e9 retido em pres\u00eddio por falta de tornozeleira eletr\u00f4nica; defesa denuncia \u2018abuso de autoridade\u2019"},"content":{"rendered":"<p> <script async src=\"https:\/\/pagead2.googlesyndication.com\/pagead\/js\/adsbygoogle.js?client=ca-pub-8864793242727901\"\r\n     crossorigin=\"anonymous\"><\/script><br \/>\n<\/p>\n<div>\n<p>A defesa de Filipe Martins informou nesta sexta-feira, 9 de agosto de 2024, que o ex-assessor da Presid\u00eancia para Assuntos Internacionais est\u00e1 retido no Complexo M\u00e9dico de Pinhais, no Paran\u00e1, devido \u00e0 falta de tornozeleira eletr\u00f4nica. Martins, que atuou durante o governo Bolsonaro, assinou um termo diante do Supremo Tribunal Federal alegando que o aparelho seria colocado em um prazo de cinco dias.<\/p>\n<p>Contudo, logo ap\u00f3s a assinatura do termo, o chefe do Departamento Penitenci\u00e1rio Nacional comunicou que o ex-assessor deveria sair j\u00e1 com o equipamento acoplado. O local, no entanto, est\u00e1 com a tornozeleira em falta, conforme informou o advogado Ricardo Scheiffer. Segundo informa\u00e7\u00f5es da Oeste, a defesa classificou a situa\u00e7\u00e3o como \u201cabuso de autoridade\u201d.<\/p>\n<h2 class=\"wp-block-heading\">Provas apresentadas por Filipe Martins a Alexandre de Moraes<\/h2>\n<p>A defesa de Filipe Martins, nos \u00faltimos meses, reuniu comprovantes da Uber que refor\u00e7am a tese de que o ex-assessor n\u00e3o viajou para os Estados Unidos em 30 de dezembro de 2022. Conforme os documentos apresentados, Martins esteve em uma hamburgueria no centro de Bras\u00edlia na referida data. No dia seguinte, ele se dirigiu ao aeroporto da capital federal para viajar para Curitiba.<\/p>\n<p>Ao chegar \u00e0 Curitiba, Martins tamb\u00e9m utilizou o servi\u00e7o de transporte por aplicativo, de acordo com os comprovantes. Vale destacar que, na ocasi\u00e3o, o ex-presidente Bolsonaro j\u00e1 havia embarcado para o exterior. Al\u00e9m disso, o governo dos Estados Unidos informou que Martins n\u00e3o esteve no pa\u00eds na data informada pelo ministro do STF, Alexandre de Moraes.<\/p>\n<h2 class=\"wp-block-heading\">O que motivou a pris\u00e3o de Filipe Martins?<\/h2>\n<p>Em fevereiro deste ano, foi divulgada a informa\u00e7\u00f5es sobre exist\u00eancia de bilhetes de passagens a\u00e9reas que comprovaram a presen\u00e7a de Martins no Brasil na data alegada por Moraes para justificar a pris\u00e3o. A defesa apresentou esses bilhetes ao STF, e a Latam confirmou a ida do ex-assessor a Curitiba.<\/p>\n<p>No entanto, mesmo com essas provas, Moraes rejeitou o pedido de soltura, o que gerou revolta entre os defensores de Martins. A postura do ministro, associada \u00e0 falta de tornozeleiras eletr\u00f4nicas, tem sido alvo de cr\u00edticas e acusa\u00e7\u00f5es de abuso de autoridade por parte da defesa do ex-assessor.<\/p>\n<h2 class=\"wp-block-heading\">Quais s\u00e3o as consequ\u00eancias desse caso para a justi\u00e7a brasileira?<\/h2>\n<p>O caso de Filipe Martins levanta quest\u00f5es importantes sobre a atua\u00e7\u00e3o do judici\u00e1rio no Brasil. A aus\u00eancia de tornozeleiras eletr\u00f4nicas e a decis\u00e3o do ministro Alexandre de Moraes de ignorar provas-chave t\u00eam gerado debate sobre os limites da autoridade judicial e o direito \u00e0 defesa.<\/p>\n<ul class=\"wp-block-list\">\n<li><strong>Abuso de autoridade:<\/strong> Acusa\u00e7\u00f5es relativas \u00e0 falta de tornozeleira e decis\u00f5es judiciais controversas.<\/li>\n<li><strong>Provas ignoradas:<\/strong> Comprovantes de transporte e presen\u00e7a de Martins no Brasil na data contestada.<\/li>\n<li><strong>Implica\u00e7\u00f5es judiciais:<\/strong> Discuss\u00e3o sobre os limites e responsabilidades do poder judici\u00e1rio.<\/li>\n<\/ul>\n<p>Filipe Martins, conhecido por seu papel no governo Bolsonaro, agora se encontra no centro de um pol\u00eamico debate jur\u00eddico que pode ter repercuss\u00f5es significativas. O caso continua a evoluir, e os desdobramentos ser\u00e3o acompanhados de perto por todas as partes interessadas.<\/p>\n<p>Com o alvar\u00e1 de soltura concedido, a expectativa \u00e9 que o equipamento de monitoramento eletr\u00f4nico seja providenciado o mais r\u00e1pido poss\u00edvel, permitindo a sa\u00edda de Martins do Complexo M\u00e9dico de Pinhais. A defesa espera que, com essa medida, possam seguir com os tr\u00e2mites judiciais necess\u00e1rios para garantir os direitos de seu cliente.<\/p>\n<p>Enquanto isso, a sociedade observa com apreens\u00e3o os desenvolvimentos do caso, que pode estabelecer um precedente importante para futuras decis\u00f5es judiciais e a gest\u00e3o do sistema penitenci\u00e1rio no pa\u00eds.<\/p>\n<\/p><\/div>\n<p><br \/>\n<br \/><a href=\"https:\/\/terrabrasilnoticias.com\/2024\/08\/filipe-martins-e-retido-em-presidio-por-falta-de-tornozeleira-eletronica-defesa-denuncia-abuso-de-autoridade\/\">Source link <\/a><\/p>","protected":false},"excerpt":{"rendered":"<p>A defesa de Filipe Martins informou nesta sexta-feira, 9 de agosto de 2024, que o ex-assessor da Presid\u00eancia para Assuntos Internacionais est\u00e1 retido no Complexo M\u00e9dico de Pinhais, no Paran\u00e1,&hellip;<\/p>","protected":false},"author":1,"featured_media":21031,"comment_status":"closed","ping_status":"open","sticky":false,"template":"","format":"standard","meta":{"content-type":"","footnotes":""},"categories":[16],"tags":[],"class_list":["post-21030","post","type-post","status-publish","format-standard","has-post-thumbnail","hentry","category-noticias"],"_links":{"self":[{"href":"https:\/\/tvbrazilusa.com\/pt\/wp-json\/wp\/v2\/posts\/21030","targetHints":{"allow":["GET"]}}],"collection":[{"href":"https:\/\/tvbrazilusa.com\/pt\/wp-json\/wp\/v2\/posts"}],"about":[{"href":"https:\/\/tvbrazilusa.com\/pt\/wp-json\/wp\/v2\/types\/post"}],"author":[{"embeddable":true,"href":"https:\/\/tvbrazilusa.com\/pt\/wp-json\/wp\/v2\/users\/1"}],"replies":[{"embeddable":true,"href":"https:\/\/tvbrazilusa.com\/pt\/wp-json\/wp\/v2\/comments?post=21030"}],"version-history":[{"count":1,"href":"https:\/\/tvbrazilusa.com\/pt\/wp-json\/wp\/v2\/posts\/21030\/revisions"}],"predecessor-version":[{"id":21032,"href":"https:\/\/tvbrazilusa.com\/pt\/wp-json\/wp\/v2\/posts\/21030\/revisions\/21032"}],"wp:featuredmedia":[{"embeddable":true,"href":"https:\/\/tvbrazilusa.com\/pt\/wp-json\/wp\/v2\/media\/21031"}],"wp:attachment":[{"href":"https:\/\/tvbrazilusa.com\/pt\/wp-json\/wp\/v2\/media?parent=21030"}],"wp:term":[{"taxonomy":"category","embeddable":true,"href":"https:\/\/tvbrazilusa.com\/pt\/wp-json\/wp\/v2\/categories?post=21030"},{"taxonomy":"post_tag","embeddable":true,"href":"https:\/\/tvbrazilusa.com\/pt\/wp-json\/wp\/v2\/tags?post=21030"}],"curies":[{"name":"wp","href":"https:\/\/api.w.org\/{rel}","templated":true}]}}