{"id":21048,"date":"2024-08-09T21:41:23","date_gmt":"2024-08-09T21:41:23","guid":{"rendered":"https:\/\/tvbrazilusa.com\/2024\/08\/09\/filipe-martins-e-retido-em-presidio-sob-alegacao-de-falta-de-tornozeleira-paulo-figueiredo\/"},"modified":"2024-08-09T21:55:09","modified_gmt":"2024-08-09T21:55:09","slug":"filipe-martins-e-retido-em-presidio-sob-alegacao-de-falta-de-tornozeleira-paulo-figueiredo","status":"publish","type":"post","link":"https:\/\/tvbrazilusa.com\/pt\/2024\/08\/09\/filipe-martins-e-retido-em-presidio-sob-alegacao-de-falta-de-tornozeleira-paulo-figueiredo\/","title":{"rendered":"Filipe Martins \u00e9 retido em pres\u00eddio sob alega\u00e7\u00e3o de falta de tornozeleira &#8211; Paulo Figueiredo"},"content":{"rendered":"<p> <script async src=\"https:\/\/pagead2.googlesyndication.com\/pagead\/js\/adsbygoogle.js?client=ca-pub-8864793242727901\"\r\n     crossorigin=\"anonymous\"><\/script><br \/>\n<\/p>\n<div id=\"wtr-content\" data-bg=\"#FFFFFF\" data-fg=\"#006d91\" data-width=\"25\" data-mute=\"1\" data-fgopacity=\"1.00\" data-mutedopacity=\"0.5\" data-placement=\"bottom\" data-placement-offset=\"0\" data-content-offset=\"262\" data-placement-touch=\"bottom\" data-placement-offset-touch=\"0\" data-transparent=\"\" data-shadow=\"0\" data-touch=\"1\" data-non-touch=\"1\" data-comments=\"0\" data-commentsbg=\"transparent\" data-location=\"page\" data-mutedfg=\"#006d91\" data-endfg=\"#006d91\" data-rtl=\"\">\n<pre class=\"wp-block-preformatted has-small-font-size\">Foto: Arthur Max\/MRE<\/pre>\n<h2 class=\"wp-block-heading\">Defesa denunciou \u2018abuso de autoridade\u2019 no caso do ex-assessor<\/h2>\n<p>Liberado na manh\u00e3 desta sexta-feira (9) ap\u00f3s seis meses de pris\u00e3o preventiva, Filipe Martins, ex-assessor de Jair Bolsonaro, permanece retido no Complexo M\u00e9dico Penal de Pinhais, no Paran\u00e1, sob a alega\u00e7\u00e3o de falta de tornozeleira eletr\u00f4nica.<\/p>\n<p>Segundo informa\u00e7\u00f5es fornecidas pela defesa, o alvar\u00e1 de soltura foi cumprido por volta das 10h da manh\u00e3 e, no mesmo hor\u00e1rio, Filipe assinou um termo de compromisso se comprometendo a entrar em contato com as autoridades para instala\u00e7\u00e3o da tornozeleira dentro de cinco dias, conforme procedimento padr\u00e3o.<\/p>\n<p>Entretanto, o advogado de Filipe, ao tentar finalizar os procedimentos de soltura, foi surpreendido por um funcion\u00e1rio da unidade que informou que a equipe estava sendo mobilizada para instalar a tornozeleira no pr\u00f3prio pres\u00eddio, contrariando o termo de compromisso previamente assinado.<\/p>\n<p>A defesa questiona a legalidade da reten\u00e7\u00e3o, alegando que n\u00e3o havia qualquer fundamenta\u00e7\u00e3o legal para manter Martins no pres\u00eddio ap\u00f3s o cumprimento do alvar\u00e1 de soltura. Para os advogados Ricardo Scheiffer e Sebasti\u00e3o Coelho, que defendem Martins, a situa\u00e7\u00e3o pode ser classificada como abuso de autoridade e equipar\u00e1vel a um sequestro.<\/p>\n<p>A defesa argumenta que a diretoria do Departamento Penitenci\u00e1rio do Paran\u00e1 (DEPEN-PR) est\u00e1 tratando o caso de Filipe Martins de forma distinta do que normalmente faria para a libera\u00e7\u00e3o de um detento. A situa\u00e7\u00e3o estaria causando resist\u00eancia entre os funcion\u00e1rios do pres\u00eddio, que temem responder por abuso de autoridade caso cumpram ordens que n\u00e3o est\u00e3o devidamente fundamentadas.<\/p>\n<p>Questionado pela\u00a0<strong>Gazeta do Povo<\/strong>\u00a0sobre o assunto, o DEPEN emitiu o seguinte comunicado:<br \/><em>A Pol\u00edcia Penal do Paran\u00e1 informa que a instala\u00e7\u00e3o da tornozeleira eletr\u00f4nica \u00e9 um procedimento padr\u00e3o realizado no ato da soltura, conforme determina\u00e7\u00e3o judicial. A instala\u00e7\u00e3o ainda na unidade penal visa garantir a imediata execu\u00e7\u00e3o do monitoramento, seguindo rigorosamente o protocolo padr\u00e3o de seguran\u00e7a.<\/em><\/p>\n<p><em>Importante ressaltar que a ordem emitida pelo Supremo Tribunal Federal n\u00e3o continha autoriza\u00e7\u00e3o para que o custodiado fosse liberado sem a tornozeleira eletr\u00f4nica e, em havendo equipamento \u00e0 disposi\u00e7\u00e3o do r\u00e9u dentro do prazo para execu\u00e7\u00e3o do mandado, n\u00e3o h\u00e1 qualquer justificativa f\u00e1tica ou jur\u00eddica para que o equpiamento n\u00e3o fosse instalado.<\/em><\/p>\n<p><em>Reiteramos que todos os procedimentos est\u00e3o sendo realizados em conformidade com as normas vigentes, e a instala\u00e7\u00e3o da monitora\u00e7\u00e3o eletr\u00f4nica est\u00e1 sedo efetuada.<\/em><\/p>\n<p>A tornozeleira eletr\u00f4nica foi uma das restri\u00e7\u00f5es impostas por Alexandre de Moraes, do Supremo Tribunal Federal (STF), como condi\u00e7\u00e3o para sua soltura. Veja a lista completa de restri\u00e7\u00f5es:<\/p>\n<p>Proibi\u00e7\u00e3o de comunicar-se com outros investigados mencionados na peti\u00e7\u00e3o, por qualquer meio, incluindo o presidente Jair Bolsonaro.<\/p>\n<p>Proibi\u00e7\u00e3o de ausentar-se de sua comarca, com recolhimento domiciliar no per\u00edodo noturno e nos finais de semana.<\/p>\n<p>Uso obrigat\u00f3rio de tornozeleira eletr\u00f4nica.<\/p>\n<p>Obriga\u00e7\u00e3o de apresentar-se semanalmente \u00e0 vara de execu\u00e7\u00e3o penal de sua comarca.<\/p>\n<p>Proibi\u00e7\u00e3o de deixar o pa\u00eds, com a entrega obrigat\u00f3ria de seus passaportes e o cancelamento de todos os passaportes emitidos em seu nome.<\/p>\n<p>Suspens\u00e3o imediata de quaisquer documentos de porte de arma de fogo em seu nome e proibi\u00e7\u00e3o de realizar atividades relacionadas a colecionamento de armas, tiro desportivo e ca\u00e7a.<\/p>\n<p>Proibi\u00e7\u00e3o de utilizar redes sociais, sob pena de multa di\u00e1ria de R$ 20.000 por postagem.<\/p>\n<p><strong><a href=\"https:\/\/www.gazetadopovo.com.br\/vida-e-cidadania\/filipe-martins-e-retido-em-presidio-sob-alegacao-de-falta-de-tornozeleira\/\">Source link<\/a><\/strong><\/p>\n<\/div>\n<p><br \/>\n<br \/><a href=\"https:\/\/paulofigueiredoshow.com\/filipe-martins-e-retido-em-presidio-sob-alegacao-de-falta-de-tornozeleira\/\">Source link <\/a><\/p>","protected":false},"excerpt":{"rendered":"<p>Foto: Arthur Max\/MRE Defesa denunciou \u2018abuso de autoridade\u2019 no caso do ex-assessor Liberado na manh\u00e3 desta sexta-feira (9) ap\u00f3s seis meses de pris\u00e3o preventiva, Filipe Martins, ex-assessor de Jair Bolsonaro,&hellip;<\/p>","protected":false},"author":1,"featured_media":4060,"comment_status":"closed","ping_status":"open","sticky":false,"template":"","format":"standard","meta":{"content-type":"","footnotes":""},"categories":[16],"tags":[9698,9699,9362,1982,679,9700],"class_list":["post-21048","post","type-post","status-publish","format-standard","has-post-thumbnail","hentry","category-noticias","tag-abuso","tag-alegacao","tag-autoridade","tag-falta","tag-filipe","tag-retido"],"_links":{"self":[{"href":"https:\/\/tvbrazilusa.com\/pt\/wp-json\/wp\/v2\/posts\/21048","targetHints":{"allow":["GET"]}}],"collection":[{"href":"https:\/\/tvbrazilusa.com\/pt\/wp-json\/wp\/v2\/posts"}],"about":[{"href":"https:\/\/tvbrazilusa.com\/pt\/wp-json\/wp\/v2\/types\/post"}],"author":[{"embeddable":true,"href":"https:\/\/tvbrazilusa.com\/pt\/wp-json\/wp\/v2\/users\/1"}],"replies":[{"embeddable":true,"href":"https:\/\/tvbrazilusa.com\/pt\/wp-json\/wp\/v2\/comments?post=21048"}],"version-history":[{"count":1,"href":"https:\/\/tvbrazilusa.com\/pt\/wp-json\/wp\/v2\/posts\/21048\/revisions"}],"predecessor-version":[{"id":21049,"href":"https:\/\/tvbrazilusa.com\/pt\/wp-json\/wp\/v2\/posts\/21048\/revisions\/21049"}],"wp:featuredmedia":[{"embeddable":true,"href":"https:\/\/tvbrazilusa.com\/pt\/wp-json\/wp\/v2\/media\/4060"}],"wp:attachment":[{"href":"https:\/\/tvbrazilusa.com\/pt\/wp-json\/wp\/v2\/media?parent=21048"}],"wp:term":[{"taxonomy":"category","embeddable":true,"href":"https:\/\/tvbrazilusa.com\/pt\/wp-json\/wp\/v2\/categories?post=21048"},{"taxonomy":"post_tag","embeddable":true,"href":"https:\/\/tvbrazilusa.com\/pt\/wp-json\/wp\/v2\/tags?post=21048"}],"curies":[{"name":"wp","href":"https:\/\/api.w.org\/{rel}","templated":true}]}}