{"id":21086,"date":"2024-08-09T22:34:37","date_gmt":"2024-08-09T22:34:37","guid":{"rendered":"https:\/\/tvbrazilusa.com\/2024\/08\/09\/fabio-wajngarten-deixa-a-defesa-de-jair-bolsonaro-no-stf-paulo-figueiredo\/"},"modified":"2024-08-09T22:35:17","modified_gmt":"2024-08-09T22:35:17","slug":"fabio-wajngarten-deixa-a-defesa-de-jair-bolsonaro-no-stf-paulo-figueiredo","status":"publish","type":"post","link":"https:\/\/tvbrazilusa.com\/pt\/2024\/08\/09\/fabio-wajngarten-deixa-a-defesa-de-jair-bolsonaro-no-stf-paulo-figueiredo\/","title":{"rendered":"Fabio Wajngarten deixa a defesa de Jair Bolsonaro no STF &#8211; Paulo Figueiredo"},"content":{"rendered":"<p> <script async src=\"https:\/\/pagead2.googlesyndication.com\/pagead\/js\/adsbygoogle.js?client=ca-pub-8864793242727901\"\r\n     crossorigin=\"anonymous\"><\/script><br \/>\n<\/p>\n<div id=\"wtr-content\" data-bg=\"#FFFFFF\" data-fg=\"#006d91\" data-width=\"25\" data-mute=\"1\" data-fgopacity=\"1.00\" data-mutedopacity=\"0.5\" data-placement=\"bottom\" data-placement-offset=\"0\" data-content-offset=\"262\" data-placement-touch=\"bottom\" data-placement-offset-touch=\"0\" data-transparent=\"\" data-shadow=\"0\" data-touch=\"1\" data-non-touch=\"1\" data-comments=\"0\" data-commentsbg=\"transparent\" data-location=\"page\" data-mutedfg=\"#006d91\" data-endfg=\"#006d91\" data-rtl=\"\">\n<h3 class=\"wp-block-heading\">Ren\u00fancia do advogado foi informada ao ministro do STF Alexandre de Moraes na 5\u00aa feira (9.ago)<\/h3>\n<p>O ex-presidente\u00a0Jair Bolsonaro\u00a0(PL) informou ao ministro do\u00a0STF\u00a0(Supremo Tribunal Federal) na 5\u00aa feira (8.ago.2024) que Fabio Wajngarten, ex-secret\u00e1rio de Comunica\u00e7\u00e3o do governo, deixar\u00e1 sua defesa em todos os casos em que atuava que tramitam na Corte.<\/p>\n<p><em>\u201cJair Messias Bolsonaro, j\u00e1 qualificado nos autos, por seus procuradores, vem, respeitosamente, \u00e0 presen\u00e7a de Vossa Excel\u00eancia, requerer a juntada da peti\u00e7\u00e3o de ren\u00fancia do advogado Fabio Wajngarten ao mandato que lhe foi conferido\u201d<\/em>, diz o documento assinado por um dos advogados do ex-presidente Bolsonaro, Paulo Amador da Cunha Bueno.<\/p>\n<p>O assessor Fabio Wajngarten, ex-secret\u00e1rio de Comunica\u00e7\u00e3o do governo de Jair Bolsonaro, enfrenta\u00a0press\u00e3o\u00a0para deixar a equipe de advogados do ex-presidente. H\u00e1 uma tentativa de aliados para afast\u00e1-lo tamb\u00e9m da comunica\u00e7\u00e3o do ex-chefe do Executivo.<\/p>\n<p>Segundo apurou o\u00a0<strong>Poder360<\/strong>, a press\u00e3o vem desde o seu\u00a0indiciamento\u00a0por associa\u00e7\u00e3o criminosa e lavagem de dinheiro no caso das joias sauditas. Com a ren\u00fancia, as a\u00e7\u00f5es do ex-presidente que tramitam no STF n\u00e3o contar\u00e3o mais com a defesa do advogado.<\/p>\n<p>Wajngarten \u00e9 suspeito de recomprar o rel\u00f3gio Rolex, presente saudita supostamente desviado e vendido nos Estados Unidos por auxiliares de Bolsonaro. O ex-Secom (Secretaria de Comunica\u00e7\u00e3o Social) enfrenta um processo de fritura entre os aliados do ex-presidente, principalmente, da ala mais pr\u00f3xima ao governador de S\u00e3o Paulo,\u00a0Tarc\u00edsio de Freitas\u00a0(Republicanos).<\/p>\n<p><a href=\"https:\/\/www.poder360.com.br\/poder-justica\/fabio-wajngarten-deixa-a-defesa-de-jair-bolsonaro-no-stf\/\">Source link<\/a><\/p>\n<\/div>\n<p><br \/>\n<br \/><a href=\"https:\/\/paulofigueiredoshow.com\/fabio-wajngarten-deixa-a-defesa-de-jair-bolsonaro-no-stf\/\">Source link <\/a><\/p>","protected":false},"excerpt":{"rendered":"<p>Ren\u00fancia do advogado foi informada ao ministro do STF Alexandre de Moraes na 5\u00aa feira (9.ago) O ex-presidente\u00a0Jair Bolsonaro\u00a0(PL) informou ao ministro do\u00a0STF\u00a0(Supremo Tribunal Federal) na 5\u00aa feira (8.ago.2024) que&hellip;<\/p>","protected":false},"author":1,"featured_media":21087,"comment_status":"closed","ping_status":"open","sticky":false,"template":"","format":"standard","meta":{"content-type":"","footnotes":""},"categories":[16],"tags":[136,9703,1396,871],"class_list":["post-21086","post","type-post","status-publish","format-standard","has-post-thumbnail","hentry","category-noticias","tag-bolsonaro","tag-fabio-wajngarten","tag-renuncia","tag-stf"],"_links":{"self":[{"href":"https:\/\/tvbrazilusa.com\/pt\/wp-json\/wp\/v2\/posts\/21086","targetHints":{"allow":["GET"]}}],"collection":[{"href":"https:\/\/tvbrazilusa.com\/pt\/wp-json\/wp\/v2\/posts"}],"about":[{"href":"https:\/\/tvbrazilusa.com\/pt\/wp-json\/wp\/v2\/types\/post"}],"author":[{"embeddable":true,"href":"https:\/\/tvbrazilusa.com\/pt\/wp-json\/wp\/v2\/users\/1"}],"replies":[{"embeddable":true,"href":"https:\/\/tvbrazilusa.com\/pt\/wp-json\/wp\/v2\/comments?post=21086"}],"version-history":[{"count":1,"href":"https:\/\/tvbrazilusa.com\/pt\/wp-json\/wp\/v2\/posts\/21086\/revisions"}],"predecessor-version":[{"id":21088,"href":"https:\/\/tvbrazilusa.com\/pt\/wp-json\/wp\/v2\/posts\/21086\/revisions\/21088"}],"wp:featuredmedia":[{"embeddable":true,"href":"https:\/\/tvbrazilusa.com\/pt\/wp-json\/wp\/v2\/media\/21087"}],"wp:attachment":[{"href":"https:\/\/tvbrazilusa.com\/pt\/wp-json\/wp\/v2\/media?parent=21086"}],"wp:term":[{"taxonomy":"category","embeddable":true,"href":"https:\/\/tvbrazilusa.com\/pt\/wp-json\/wp\/v2\/categories?post=21086"},{"taxonomy":"post_tag","embeddable":true,"href":"https:\/\/tvbrazilusa.com\/pt\/wp-json\/wp\/v2\/tags?post=21086"}],"curies":[{"name":"wp","href":"https:\/\/api.w.org\/{rel}","templated":true}]}}