{"id":2110,"date":"2024-07-15T13:30:00","date_gmt":"2024-07-15T13:30:00","guid":{"rendered":"https:\/\/tvbrazilusa.com\/?p=2110"},"modified":"2024-07-15T13:35:08","modified_gmt":"2024-07-15T13:35:08","slug":"uberlandia-expande-programa-de-habitacao-minha-casa-minha-vida","status":"publish","type":"post","link":"https:\/\/tvbrazilusa.com\/pt\/2024\/07\/15\/uberlandia-expande-programa-de-habitacao-minha-casa-minha-vida\/","title":{"rendered":"Uberl\u00e2ndia expande programa de habita\u00e7\u00e3o Minha Casa Minha Vida!"},"content":{"rendered":"<p> <script async src=\"https:\/\/pagead2.googlesyndication.com\/pagead\/js\/adsbygoogle.js?client=ca-pub-8864793242727901\"\r\n     crossorigin=\"anonymous\"><\/script><br \/>\n<\/p>\n<div>\n<p>Uberl\u00e2ndia, uma das cidades mais din\u00e2micas economicamente no Brasil, est\u00e1 prestes a receber um significativo impulso em sua estrutura habitacional. Com a expans\u00e3o do conhecido programa federal <strong><a href=\"https:\/\/www.caixa.gov.br\/voce\/habitacao\/minha-casa-minha-vida\/Paginas\/default.aspx\">Minha Casa Minha Vida<\/a><\/strong>, o objetivo agora \u00e9 proporcionar habita\u00e7\u00e3o acess\u00edvel \u00e0s fam\u00edlias de menor renda, com um foco especial nas regi\u00f5es do Jardim Ipanema e do Residencial Pequis. Este desenvolvimento promete n\u00e3o s\u00f3 melhorar a qualidade de vida dos moradores, mas tamb\u00e9m estimular a economia local.<\/p>\n<p>Este an\u00fancio \u00e9 uma boa not\u00edcia para quem busca estabilidade habitacional em Uberl\u00e2ndia. A constru\u00e7\u00e3o de 736 novas unidades habitacionais est\u00e1 planejada para alterar o panorama urbano e social dessas \u00e1reas, promovendo inclus\u00e3o e sustentabilidade. Al\u00e9m disso, o programa visa fortalecer o mercado de trabalho local com a gera\u00e7\u00e3o de novos empregos, desde a constru\u00e7\u00e3o at\u00e9 servi\u00e7os indiretos gerados pelo aumento populacional nas \u00e1reas.<\/p>\n<h2 class=\"wp-block-heading\">Como funciona o programa Minha Casa Minha Vida em Uberl\u00e2ndia?<\/h2>\n<p>O <strong>Minha Casa Minha Vida<\/strong> \u00e9 segmentado em diferentes faixas de renda, cada uma projetada para atender um grupo espec\u00edfico dentro da sociedade. Em Uberl\u00e2ndia, as novas moradias s\u00e3o direcionadas primariamente \u00e0s fam\u00edlias da faixa um, que precisam ter uma renda bruta mensal de<strong> at\u00e9 R$ 2.640<\/strong>. Essa iniciativa \u00e9 uma esperan\u00e7a para muitos que sonham com a casa pr\u00f3pria.<\/p>\n<h2 class=\"wp-block-heading\">Quem se beneficia com as novas unidades?<\/h2>\n<p>As novas unidades habitacionais beneficiar\u00e3o principalmente as fam\u00edlias enquadradas na faixa um da renda, que constitui a base da pir\u00e2mide econ\u00f4mica da cidade. Al\u00e9m disso, h\u00e1 uma aten\u00e7\u00e3o especial \u00e0s fam\u00edlias em situa\u00e7\u00e3o de vulnerabilidade social, incluindo pessoas que est\u00e3o em situa\u00e7\u00e3o de rua, que tamb\u00e9m poder\u00e3o ser contempladas pelo programa.<\/p>\n<h2 class=\"wp-block-heading\">Quais s\u00e3o os prazos e crit\u00e9rios para inscri\u00e7\u00e3o?<\/h2>\n<p>Para participar e poder ser um dos benefici\u00e1rios do programa em <strong>Uberl\u00e2ndia<\/strong>, os interessados dever\u00e3o se inscrever ou atualizar o cadastro at\u00e9 o dia 31 de outubro. A inscri\u00e7\u00e3o \u00e9 um passo crucial para n\u00e3o perder a oportunidade de adquirir uma moradia digna dentro dos crit\u00e9rios estabelecidos pelo programa.<\/p>\n<p>As condi\u00e7\u00f5es de financiamento variam conforme a faixa de renda, com subs\u00eddios governamentais e taxas de juros diferenciadas, tornando o sonho da casa pr\u00f3pria mais acess\u00edvel. Para mais detalhes sobre essas condi\u00e7\u00f5es, \u00e9 recomend\u00e1vel consultar a Caixa Econ\u00f4mica Federal ou seus correspondentes autorizados.<\/p>\n<h2 class=\"wp-block-heading\">O impacto da expans\u00e3o do Minha Casa Minha Vida em Uberl\u00e2ndia<\/h2>\n<p>A amplia\u00e7\u00e3o do programa <a href=\"https:\/\/terrabrasilnoticias.com\/\">Minha Casa Minha Vida <\/a>em Uberl\u00e2ndia estima n\u00e3o apenas resolver parte significativa do d\u00e9ficit habitacional, mas tamb\u00e9m modelar um estilo de vida mais equilibrado e justo para seus moradores. Com a constru\u00e7\u00e3o de<strong> 736 novas casas<\/strong>, este projeto n\u00e3o somente remodela a paisagem urbana, mas tamb\u00e9m promove um crescimento sustent\u00e1vel e inclusivo.<\/p>\n<p>Mantendo-se atualizado sobre as condi\u00e7\u00f5es e prazos do programa, voc\u00ea pode garantir n\u00e3o s\u00f3 um lar, mas tamb\u00e9m um futuro mais seguro e est\u00e1vel em Uberl\u00e2ndia. Fique atento e n\u00e3o perca as datas importantes e os crit\u00e9rios de sele\u00e7\u00e3o!<\/p>\n<\/p><\/div>\n<p><br \/>\n<br \/><a href=\"https:\/\/terrabrasilnoticias.com\/2024\/07\/uberlandia-expande-programa-de-habitacao-minha-casa-minha-vida\/\">Source link <\/a><\/p>","protected":false},"excerpt":{"rendered":"<p>Uberl\u00e2ndia, uma das cidades mais din\u00e2micas economicamente no Brasil, est\u00e1 prestes a receber um significativo impulso em sua estrutura habitacional. Com a expans\u00e3o do conhecido programa federal Minha Casa Minha&hellip;<\/p>","protected":false},"author":1,"featured_media":2111,"comment_status":"closed","ping_status":"open","sticky":false,"template":"","format":"standard","meta":{"content-type":"","footnotes":""},"categories":[16],"tags":[],"class_list":["post-2110","post","type-post","status-publish","format-standard","has-post-thumbnail","hentry","category-noticias"],"_links":{"self":[{"href":"https:\/\/tvbrazilusa.com\/pt\/wp-json\/wp\/v2\/posts\/2110","targetHints":{"allow":["GET"]}}],"collection":[{"href":"https:\/\/tvbrazilusa.com\/pt\/wp-json\/wp\/v2\/posts"}],"about":[{"href":"https:\/\/tvbrazilusa.com\/pt\/wp-json\/wp\/v2\/types\/post"}],"author":[{"embeddable":true,"href":"https:\/\/tvbrazilusa.com\/pt\/wp-json\/wp\/v2\/users\/1"}],"replies":[{"embeddable":true,"href":"https:\/\/tvbrazilusa.com\/pt\/wp-json\/wp\/v2\/comments?post=2110"}],"version-history":[{"count":1,"href":"https:\/\/tvbrazilusa.com\/pt\/wp-json\/wp\/v2\/posts\/2110\/revisions"}],"predecessor-version":[{"id":2112,"href":"https:\/\/tvbrazilusa.com\/pt\/wp-json\/wp\/v2\/posts\/2110\/revisions\/2112"}],"wp:featuredmedia":[{"embeddable":true,"href":"https:\/\/tvbrazilusa.com\/pt\/wp-json\/wp\/v2\/media\/2111"}],"wp:attachment":[{"href":"https:\/\/tvbrazilusa.com\/pt\/wp-json\/wp\/v2\/media?parent=2110"}],"wp:term":[{"taxonomy":"category","embeddable":true,"href":"https:\/\/tvbrazilusa.com\/pt\/wp-json\/wp\/v2\/categories?post=2110"},{"taxonomy":"post_tag","embeddable":true,"href":"https:\/\/tvbrazilusa.com\/pt\/wp-json\/wp\/v2\/tags?post=2110"}],"curies":[{"name":"wp","href":"https:\/\/api.w.org\/{rel}","templated":true}]}}