{"id":21112,"date":"2024-08-09T22:38:39","date_gmt":"2024-08-09T22:38:39","guid":{"rendered":"https:\/\/tvbrazilusa.com\/2024\/08\/09\/nj-declara-estado-de-emergencia-enquanto-fortes-tempestades-atingem-o-estado\/"},"modified":"2024-08-09T23:00:09","modified_gmt":"2024-08-09T23:00:09","slug":"nj-declara-estado-de-emergencia-enquanto-fortes-tempestades-atingem-o-estado","status":"publish","type":"post","link":"https:\/\/tvbrazilusa.com\/pt\/2024\/08\/09\/nj-declara-estado-de-emergencia-enquanto-fortes-tempestades-atingem-o-estado\/","title":{"rendered":"NJ declara estado de emerg\u00eancia enquanto fortes tempestades atingem o estado"},"content":{"rendered":"<script async src=\"https:\/\/pagead2.googlesyndication.com\/pagead\/js\/adsbygoogle.js?client=ca-pub-8864793242727901\"\r\n     crossorigin=\"anonymous\"><\/script>\n<div>\n<p class=\"article__paragraph article__paragraph--left\" id=\"YKL5DEP3ARHNPFV4MI5Y2ZKKRQ\">A governadora interina Tahesha Way declarou que Nova Jersey entrou em estado de emerg\u00eancia \u00e0s 18h de sexta-feira em meio a tempestades no estado, anunciou o gabinete do governador na sexta-feira \u00e0 noite. <\/p>\n<p class=\"article__paragraph article__paragraph--left\" id=\"O2P6EA6BJFCFLBRL3XZCU3MZDA\">\u201cDeclarei Estado de Emerg\u00eancia a partir das 18h de hoje, 9 de agosto de 2024, devido aos impactos clim\u00e1ticos severos causados \u200b\u200bpela tempestade tropical Debby\u201d, disse Way em um an\u00fancio. \u201cPe\u00e7o a todos os moradores que fiquem em ambientes fechados e fora das estradas at\u00e9 que a tempestade passe. Se voc\u00ea precisar dirigir, diminua a velocidade e tenha cuidado extra.\u201d<\/p>\n<p class=\"article__paragraph article__paragraph--left\" id=\"ONRIW4HM2ZAAXCKSJ2B36Z622M\">Nova Jersey passou a maior parte do dia <a href=\"https:\/\/www.nj.com\/weather\/2024\/08\/tornado-watch-extended-in-11-nj-counties-parts-of-pa-and-ny.html\">Sexta-feira em estado de alerta de tornado<\/a> em v\u00e1rios condados enquanto os resqu\u00edcios da tempestade tropical Debby trouxeram ventos fortes e chuvas torrenciais ao estado. <\/p>\n<p class=\"article__paragraph article__paragraph--left\" id=\"M6WCJLXZ6NALNMWMWWDWNUWHWQ\">Dezessete condados em todo o Garden State passaram a maior parte do dia sob alerta de tornado com ventos fortes. Chuva e inunda\u00e7\u00f5es com linhas de energia ca\u00eddas tamb\u00e9m eram preocupa\u00e7\u00f5es na sexta-feira \u00e0 noite. <\/p>\n<section class=\"Stories-By-Author-module_wrapper__ezbcK Stories-By-Author-module_nj__Ap1-Y\"\/>\n<p class=\"article__paragraph article__paragraph--left\" id=\"THAH45ZFQBAMHOQ5IHPYZ52OHM\"><i>Nosso jornalismo precisa do seu apoio. Por favor, assine hoje mesmo <\/i><a href=\"https:\/\/www.nj.com\/\"><i>NJ.com<\/i><\/a><i>.<\/i><\/p>\n<p class=\"article__paragraph article__paragraph--left\" id=\"NQLWY5D6UNDY3GUWUDFR3R44UQ\"><i>Matthew Enuco pode ser contatado em <\/i><a href=\"https:\/\/www.nj.com\/news\/2024\/08\/mailto:Menuco@njadvancemedia.com\"><i>Menuco@njadvancemedia.com<\/i><\/a>. <i>Seguir <\/i><a href=\"https:\/\/twitter.com\/MediaManMatt\"><i>Matt em X<\/i><\/a><\/p>\n<\/div>\n<p><script async src=\"\/\/platform.twitter.com\/widgets.js\" charset=\"utf-8\"><\/script><br \/>\n<br \/><br \/>\n<br \/><a href=\"https:\/\/www.nj.com\/news\/2024\/08\/nj-declares-state-of-emergency-as-heavy-storms-hit-the-state.html\">Source link <\/a><\/p>","protected":false},"excerpt":{"rendered":"<p>A governadora interina Tahesha Way declarou que Nova Jersey entrou em estado de emerg\u00eancia \u00e0s 18h de sexta-feira em meio a tempestades no estado, anunciou o gabinete do governador na&hellip;<\/p>","protected":false},"author":1,"featured_media":21113,"comment_status":"closed","ping_status":"open","sticky":false,"template":"","format":"standard","meta":{"content-type":"","footnotes":""},"categories":[1],"tags":[],"class_list":["post-21112","post","type-post","status-publish","format-standard","has-post-thumbnail","hentry","category-uncategorized"],"_links":{"self":[{"href":"https:\/\/tvbrazilusa.com\/pt\/wp-json\/wp\/v2\/posts\/21112","targetHints":{"allow":["GET"]}}],"collection":[{"href":"https:\/\/tvbrazilusa.com\/pt\/wp-json\/wp\/v2\/posts"}],"about":[{"href":"https:\/\/tvbrazilusa.com\/pt\/wp-json\/wp\/v2\/types\/post"}],"author":[{"embeddable":true,"href":"https:\/\/tvbrazilusa.com\/pt\/wp-json\/wp\/v2\/users\/1"}],"replies":[{"embeddable":true,"href":"https:\/\/tvbrazilusa.com\/pt\/wp-json\/wp\/v2\/comments?post=21112"}],"version-history":[{"count":1,"href":"https:\/\/tvbrazilusa.com\/pt\/wp-json\/wp\/v2\/posts\/21112\/revisions"}],"predecessor-version":[{"id":21114,"href":"https:\/\/tvbrazilusa.com\/pt\/wp-json\/wp\/v2\/posts\/21112\/revisions\/21114"}],"wp:featuredmedia":[{"embeddable":true,"href":"https:\/\/tvbrazilusa.com\/pt\/wp-json\/wp\/v2\/media\/21113"}],"wp:attachment":[{"href":"https:\/\/tvbrazilusa.com\/pt\/wp-json\/wp\/v2\/media?parent=21112"}],"wp:term":[{"taxonomy":"category","embeddable":true,"href":"https:\/\/tvbrazilusa.com\/pt\/wp-json\/wp\/v2\/categories?post=21112"},{"taxonomy":"post_tag","embeddable":true,"href":"https:\/\/tvbrazilusa.com\/pt\/wp-json\/wp\/v2\/tags?post=21112"}],"curies":[{"name":"wp","href":"https:\/\/api.w.org\/{rel}","templated":true}]}}