{"id":21135,"date":"2024-08-09T23:20:50","date_gmt":"2024-08-09T23:20:50","guid":{"rendered":"https:\/\/tvbrazilusa.com\/2024\/08\/09\/homem-que-atacou-a-policia-no-capitolio-dos-eua-com-postes-pega-20-anos-uma-das-sentencas-mais-longas-de-6-de-janeiro\/"},"modified":"2024-08-09T23:35:16","modified_gmt":"2024-08-09T23:35:16","slug":"homem-que-atacou-a-policia-no-capitolio-dos-eua-com-postes-pega-20-anos-uma-das-sentencas-mais-longas-de-6-de-janeiro","status":"publish","type":"post","link":"https:\/\/tvbrazilusa.com\/pt\/2024\/08\/09\/homem-que-atacou-a-policia-no-capitolio-dos-eua-com-postes-pega-20-anos-uma-das-sentencas-mais-longas-de-6-de-janeiro\/","title":{"rendered":"Homem que atacou a pol\u00edcia no Capit\u00f3lio dos EUA com postes pega 20 anos, uma das senten\u00e7as mais longas de 6 de janeiro"},"content":{"rendered":"<script async src=\"https:\/\/pagead2.googlesyndication.com\/pagead\/js\/adsbygoogle.js?client=ca-pub-8864793242727901\"\r\n     crossorigin=\"anonymous\"><\/script>\n<div id=\"\">\n<p class=\"dist__Box-sc-1fnzlkn-0 dist__TextBase-sc-1fnzlkn-3 CGHCP htMUPQ article-text\"><strong>WASHINGTON<\/strong> \u2013 Um homem da Calif\u00f3rnia com hist\u00f3rico de viol\u00eancia pol\u00edtica foi condenado na sexta-feira a 20 anos de pris\u00e3o por atacar repetidamente a pol\u00edcia com mastros de bandeira e outras armas improvisadas durante o motim de 6 de janeiro de 2021, no Capit\u00f3lio dos EUA. <\/p>\n<p class=\"dist__Box-sc-1fnzlkn-0 dist__TextBase-sc-1fnzlkn-3 CGHCP htMUPQ article-text\">A senten\u00e7a de David Nicholas Dempsey est\u00e1 entre as mais longas entre centenas de processos por tumulto no Capit\u00f3lio. Os promotores o descreveram como um dos membros mais violentos da multid\u00e3o de apoiadores de Donald Trump que atacou o Capit\u00f3lio enquanto os legisladores se reuniam para certificar a vit\u00f3ria de Joe Biden na elei\u00e7\u00e3o presidencial de 2020. <\/p>\n<p class=\"dist__Box-sc-1fnzlkn-0 dist__TextBase-sc-1fnzlkn-3 CGHCP htMUPQ article-text\">Dempsey, que \u00e9 de Van Nuys, pisou na cabe\u00e7a de policiais. Ele balan\u00e7ou varas em policiais que defendiam um t\u00fanel, atingiu um policial na cabe\u00e7a com uma muleta de metal e atacou policiais com spray de pimenta e peda\u00e7os quebrados de mob\u00edlia, disseram os promotores.<\/p>\n<p class=\"dist__Box-sc-1fnzlkn-0 dist__TextBase-sc-1fnzlkn-3 CGHCP htMUPQ article-text\">Ele subiu em outros manifestantes, usando-os como \u201candaimes humanos\u201d para alcan\u00e7ar policiais que guardavam a entrada de um t\u00fanel. Ele feriu pelo menos dois policiais, disseram os promotores.<\/p>\n<p class=\"dist__Box-sc-1fnzlkn-0 dist__TextBase-sc-1fnzlkn-3 CGHCP htMUPQ article-text\">\u201cSua conduta em 6 de janeiro foi excepcionalmente flagrante\u201d, disse o Juiz Distrital dos EUA Royce Lamberth a Dempsey. \u201cVoc\u00ea n\u00e3o se deixou levar pelo momento.\u201d<\/p>\n<p class=\"dist__Box-sc-1fnzlkn-0 dist__TextBase-sc-1fnzlkn-3 CGHCP htMUPQ article-text\">Dempsey se declarou culpado em janeiro de duas acusa\u00e7\u00f5es de agress\u00e3o a policiais com uma arma perigosa.<\/p>\n<p class=\"dist__Box-sc-1fnzlkn-0 dist__TextBase-sc-1fnzlkn-3 CGHCP htMUPQ article-text\">Apenas o ex-l\u00edder dos Proud Boys, Enrique Tarrio, recebeu uma senten\u00e7a maior no ataque de 6 de janeiro. Tarrio foi condenado a 22 anos por orquestrar um compl\u00f4 para impedir a transfer\u00eancia pac\u00edfica de poder de Trump para Joe Biden ap\u00f3s a elei\u00e7\u00e3o presidencial de 2020.<\/p>\n<p class=\"dist__Box-sc-1fnzlkn-0 dist__TextBase-sc-1fnzlkn-3 CGHCP htMUPQ article-text\">Dempsey chamou sua conduta de \u201crepreens\u00edvel\u201d e pediu desculpas aos policiais que agrediu.<\/p>\n<p class=\"dist__Box-sc-1fnzlkn-0 dist__TextBase-sc-1fnzlkn-3 CGHCP htMUPQ article-text\">\u201cVoc\u00ea estava cumprindo seus deveres, e eu respondi com hostilidade e viol\u00eancia\u201d, disse ele antes de saber sua senten\u00e7a.<\/p>\n<p class=\"dist__Box-sc-1fnzlkn-0 dist__TextBase-sc-1fnzlkn-3 CGHCP htMUPQ article-text\">Os promotores do Departamento de Justi\u00e7a recomendaram uma pena de pris\u00e3o de 21 anos e 10 meses para Dempsey, um ex-trabalhador da constru\u00e7\u00e3o civil e funcion\u00e1rio de um restaurante fast-food. A viol\u00eancia de Dempsey foi t\u00e3o extrema que ele atacou um colega desordeiro que estava tentando desarm\u00e1-lo, <a href=\"https:\/\/storage.courtlistener.com\/recap\/gov.uscourts.dcd.235380\/gov.uscourts.dcd.235380.69.0.pdf\">Os promotores escreveram<\/a>.<\/p>\n<p class=\"dist__Box-sc-1fnzlkn-0 dist__TextBase-sc-1fnzlkn-3 CGHCP htMUPQ article-text\">\u201cDavid Dempsey \u00e9 a personifica\u00e7\u00e3o da viol\u00eancia pol\u00edtica\u201d, disse o procurador-assistente dos EUA Douglas Brasher ao juiz.<\/p>\n<p class=\"dist__Box-sc-1fnzlkn-0 dist__TextBase-sc-1fnzlkn-3 CGHCP htMUPQ article-text\">A advogada de defesa Amy Collins, que buscava uma senten\u00e7a de 6 anos e seis meses, descreveu a recomenda\u00e7\u00e3o de senten\u00e7a do governo como \u201crid\u00edcula\u201d.<\/p>\n<p class=\"dist__Box-sc-1fnzlkn-0 dist__TextBase-sc-1fnzlkn-3 CGHCP htMUPQ article-text\">\u201cIsso o torna uma estat\u00edstica\u201d, ela disse. \u201cN\u00e3o considera a pessoa que ele \u00e9, o quanto ele cresceu.\u201d<\/p>\n<p class=\"dist__Box-sc-1fnzlkn-0 dist__TextBase-sc-1fnzlkn-3 CGHCP htMUPQ article-text\">Dempsey estava usando um colete t\u00e1tico, um capacete e uma polaina com a bandeira americana cobrindo seu rosto quando atacou a pol\u00edcia em um t\u00fanel que levava \u00e0s portas do Lower West Terrace. Ele atirou spray de pimenta no detetive Phuson Nguyen do Departamento de Pol\u00edcia Metropolitana no momento em que outro manifestante puxou a m\u00e1scara de g\u00e1s do policial, escreveram os promotores.<\/p>\n<p class=\"dist__Box-sc-1fnzlkn-0 dist__TextBase-sc-1fnzlkn-3 CGHCP htMUPQ article-text\">\u201cO spray abrasador queimou os pulm\u00f5es, a garganta, os olhos e o rosto do detetive Nguyen e o deixou sem f\u00f4lego, com medo de perder a consci\u00eancia e ser dominado pela multid\u00e3o\u201d, escreveram.<\/p>\n<p class=\"dist__Box-sc-1fnzlkn-0 dist__TextBase-sc-1fnzlkn-3 CGHCP htMUPQ article-text\">Dempsey ent\u00e3o atingiu o sargento do MPD Jason Mastony na cabe\u00e7a com uma muleta de metal, quebrando a prote\u00e7\u00e3o de sua m\u00e1scara de g\u00e1s e cortando sua cabe\u00e7a.<\/p>\n<p class=\"dist__Box-sc-1fnzlkn-0 dist__TextBase-sc-1fnzlkn-3 CGHCP htMUPQ article-text\">\u201cEu desmoronei e me segurei contra a parede enquanto meus ouvidos zumbiam. Consegui ficar de p\u00e9 novamente e segurar a linha por mais alguns minutos at\u00e9 que outro ataque de manifestantes empurrou a linha policial para longe do limite do t\u00fanel\u201d, disse Mastony em uma declara\u00e7\u00e3o enviada ao tribunal.<\/p>\n<p class=\"dist__Box-sc-1fnzlkn-0 dist__TextBase-sc-1fnzlkn-3 CGHCP htMUPQ article-text\">Dempsey est\u00e1 preso desde sua pris\u00e3o em agosto de 2021.<\/p>\n<p class=\"dist__Box-sc-1fnzlkn-0 dist__TextBase-sc-1fnzlkn-3 CGHCP htMUPQ article-text\">Seu registro criminal na Calif\u00f3rnia inclui condena\u00e7\u00f5es por roubo, furto e agress\u00e3o. A condena\u00e7\u00e3o por agress\u00e3o decorreu de uma reuni\u00e3o em outubro de 2019, perto do P\u00eder de Santa Monica, onde Dempsey atacou pessoas que se manifestavam pacificamente contra o ent\u00e3o presidente Trump, disseram os promotores.<\/p>\n<p class=\"dist__Box-sc-1fnzlkn-0 dist__TextBase-sc-1fnzlkn-3 CGHCP htMUPQ article-text\">\u201cO protesto pac\u00edfico se tornou violento quando Dempsey tirou uma lata de spray de urso de suas cal\u00e7as e a dispersou \u00e0 queima-roupa contra v\u00e1rios manifestantes\u201d, escreveram eles, observando que Dempsey foi condenado a 200 dias de pris\u00e3o.<\/p>\n<p class=\"dist__Box-sc-1fnzlkn-0 dist__TextBase-sc-1fnzlkn-3 CGHCP htMUPQ article-text\">Dempsey se envolveu em pelo menos tr\u00eas outros atos de \u201cviol\u00eancia pol\u00edtica cruel\u201d que n\u00e3o levaram a acusa\u00e7\u00f5es criminais \u201cpor v\u00e1rios motivos\u201d, de acordo com os promotores. Eles disseram que Dempsey atingiu um contramanifestante na cabe\u00e7a com um skate em um com\u00edcio de junho de 2019 em Los Angeles, usou o mesmo skate para agredir algu\u00e9m em um protesto de agosto de 2020 em Tujunga, Calif\u00f3rnia, e atacou um manifestante com spray de pimenta e um bast\u00e3o de metal durante um protesto de agosto de 2020 em Beverly Hills, Calif\u00f3rnia.<\/p>\n<p class=\"dist__Box-sc-1fnzlkn-0 dist__TextBase-sc-1fnzlkn-3 CGHCP htMUPQ article-text\">Mais de 1.400 pessoas foram acusadas de crimes federais relacionados a 6 de janeiro. Mais de 900 delas foram condenadas e sentenciadas, com cerca de dois ter\u00e7os recebendo penas de pris\u00e3o variando de alguns dias aos 22 anos que Tarrio recebeu.<\/p>\n<\/div>\n<p>Copyright 2024 The Associated Press. Todos os direitos reservados. Este material n\u00e3o pode ser publicado, transmitido, reescrito ou redistribu\u00eddo sem permiss\u00e3o.<\/p>\n<p><br \/>\n<br \/><a href=\"https:\/\/www.clickorlando.com\/news\/politics\/2024\/08\/09\/man-who-attacked-police-at-the-us-capitol-with-poles-gets-20-years-one-of-longest-jan-6-sentences\/\">Source link <\/a><\/p>","protected":false},"excerpt":{"rendered":"<p>WASHINGTON \u2013 Um homem da Calif\u00f3rnia com hist\u00f3rico de viol\u00eancia pol\u00edtica foi condenado na sexta-feira a 20 anos de pris\u00e3o por atacar repetidamente a pol\u00edcia com mastros de bandeira e&hellip;<\/p>","protected":false},"author":1,"featured_media":21136,"comment_status":"closed","ping_status":"open","sticky":false,"template":"","format":"standard","meta":{"content-type":"","footnotes":""},"categories":[1],"tags":[1405,1404,1406,1407,1411,9708],"class_list":["post-21135","post","type-post","status-publish","format-standard","has-post-thumbnail","hentry","category-uncategorized","tag-donald-trump","tag-eleicao-presidencial-dos-estados-unidos-de-2024","tag-joe-biden","tag-noticias-de-washington","tag-noticias-dos-eua","tag-royce-c-lamberth"],"_links":{"self":[{"href":"https:\/\/tvbrazilusa.com\/pt\/wp-json\/wp\/v2\/posts\/21135","targetHints":{"allow":["GET"]}}],"collection":[{"href":"https:\/\/tvbrazilusa.com\/pt\/wp-json\/wp\/v2\/posts"}],"about":[{"href":"https:\/\/tvbrazilusa.com\/pt\/wp-json\/wp\/v2\/types\/post"}],"author":[{"embeddable":true,"href":"https:\/\/tvbrazilusa.com\/pt\/wp-json\/wp\/v2\/users\/1"}],"replies":[{"embeddable":true,"href":"https:\/\/tvbrazilusa.com\/pt\/wp-json\/wp\/v2\/comments?post=21135"}],"version-history":[{"count":1,"href":"https:\/\/tvbrazilusa.com\/pt\/wp-json\/wp\/v2\/posts\/21135\/revisions"}],"predecessor-version":[{"id":21137,"href":"https:\/\/tvbrazilusa.com\/pt\/wp-json\/wp\/v2\/posts\/21135\/revisions\/21137"}],"wp:featuredmedia":[{"embeddable":true,"href":"https:\/\/tvbrazilusa.com\/pt\/wp-json\/wp\/v2\/media\/21136"}],"wp:attachment":[{"href":"https:\/\/tvbrazilusa.com\/pt\/wp-json\/wp\/v2\/media?parent=21135"}],"wp:term":[{"taxonomy":"category","embeddable":true,"href":"https:\/\/tvbrazilusa.com\/pt\/wp-json\/wp\/v2\/categories?post=21135"},{"taxonomy":"post_tag","embeddable":true,"href":"https:\/\/tvbrazilusa.com\/pt\/wp-json\/wp\/v2\/tags?post=21135"}],"curies":[{"name":"wp","href":"https:\/\/api.w.org\/{rel}","templated":true}]}}