{"id":21138,"date":"2024-08-09T22:18:51","date_gmt":"2024-08-09T22:18:51","guid":{"rendered":"https:\/\/tvbrazilusa.com\/2024\/08\/09\/bob-cousy-diz-que-a-decisao-de-steve-kerr-de-colocar-jayson-tatum-no-banco-e-uma-vergonha\/"},"modified":"2024-08-09T23:39:14","modified_gmt":"2024-08-09T23:39:14","slug":"bob-cousy-diz-que-a-decisao-de-steve-kerr-de-colocar-jayson-tatum-no-banco-e-uma-vergonha","status":"publish","type":"post","link":"https:\/\/tvbrazilusa.com\/pt\/2024\/08\/09\/bob-cousy-diz-que-a-decisao-de-steve-kerr-de-colocar-jayson-tatum-no-banco-e-uma-vergonha\/","title":{"rendered":"Bob Cousy diz que a decis\u00e3o de Steve Kerr de colocar Jayson Tatum no banco \u00e9 uma &#8220;vergonha&#8221;"},"content":{"rendered":"<p> <script async src=\"https:\/\/pagead2.googlesyndication.com\/pagead\/js\/adsbygoogle.js?client=ca-pub-8864793242727901\"\r\n     crossorigin=\"anonymous\"><\/script><br \/>\n<\/p>\n<div id=\"\">\n<header class=\"m-article-header m-article-header--standard\">\n\t\t\t\t\t\t\t\t\t\t\t\t<span id=\"article-header-primary-term\"><br \/>\n\t\t\t\t\t\t\t\t<a class=\"a-term a-term--primary\" href=\"https:\/\/www.boston.com\/tag\/boston-celtics\/\"><\/p>\n<p>\t\t\t\t\t\t\t\tCeltas\t\t\t\t\t\t\t\t<\/a><br \/>\n\t\t\t\t\t\t\t<\/span><\/p>\n<h2 class=\"m-article-header__sub-headline\">\u201cIsto n\u00e3o \u00e9 apenas uma afronta. Isto \u00e9 uma vergonha para aquele pobre garoto em todo o mundo. [expletive] mundo.&#8221;<\/h2>\n<figure class=\"a-photo m-article-header__photo\"><figcaption class=\"a-photo__caption\">\n<p>\tJayson Tatum<em> Foto de Jamie Squire\/Getty Images<\/em>\t<\/figcaption><\/figure>\n<\/header>\n<div class=\"m-block t-amp__list-container m-article-list-container  m-article-list-container--frame-border a-border-frame  a-list-header__headline--red m-article-list--alternative--default  m-article-list--floated\">\n<ul class=\"t-amp__list a-list--no-style m-article-list m-article-list--recirculation m-article-list--has-images\">\n<li class=\"m-article-list__item m-article-list__item--featured\">\n\t\t\t\t<a class=\"m-article-list__link-wrapper\" href=\"https:\/\/www.boston.com\/sports\/boston-celtics\/2024\/08\/09\/joe-mazzulla-wyc-grousbeck-celtics-larry-obrien-trophy-dent\/\" data-p1=\"article_recirc_inline_feature\"><br \/>\n\t\t\t\t<img fetchpriority=\"high\" decoding=\"async\" width=\"768\" height=\"432\" src=\"https:\/\/bdc2020.o0bc.com\/wp-content\/uploads\/2024\/08\/YB6PQNCTT56XLQT6V4OPGOQQXQ-66b67e0d388b8-768x432.jpg\" class=\"t-amp__list-image m-article-list__image m-article-list__image--full wp-post-image\" alt=\"\" aria-hidden=\"true\" srcset=\"https:\/\/bdc2020.o0bc.com\/wp-content\/uploads\/2024\/08\/YB6PQNCTT56XLQT6V4OPGOQQXQ-66b67e0d388b8-768x432.jpg?width=200 200w, https:\/\/bdc2020.o0bc.com\/wp-content\/uploads\/2024\/08\/YB6PQNCTT56XLQT6V4OPGOQQXQ-66b67e0d388b8-768x432.jpg?width=300 300w, https:\/\/bdc2020.o0bc.com\/wp-content\/uploads\/2024\/08\/YB6PQNCTT56XLQT6V4OPGOQQXQ-66b67e0d388b8-768x432.jpg?width=400 400w, https:\/\/bdc2020.o0bc.com\/wp-content\/uploads\/2024\/08\/YB6PQNCTT56XLQT6V4OPGOQQXQ-66b67e0d388b8-768x432.jpg?width=500 500w, https:\/\/bdc2020.o0bc.com\/wp-content\/uploads\/2024\/08\/YB6PQNCTT56XLQT6V4OPGOQQXQ-66b67e0d388b8-768x432.jpg?width=600 600w, https:\/\/bdc2020.o0bc.com\/wp-content\/uploads\/2024\/08\/YB6PQNCTT56XLQT6V4OPGOQQXQ-66b67e0d388b8-768x432.jpg?width=700 700w, https:\/\/bdc2020.o0bc.com\/wp-content\/uploads\/2024\/08\/YB6PQNCTT56XLQT6V4OPGOQQXQ-66b67e0d388b8-768x432.jpg?width=800 800w, https:\/\/bdc2020.o0bc.com\/wp-content\/uploads\/2024\/08\/YB6PQNCTT56XLQT6V4OPGOQQXQ-66b67e0d388b8-768x432.jpg?width=900 900w\" sizes=\"(max-width: 768px) 100vw, 768px\"\/>\t\t\t\t\t<\/p>\n<p><h4 class=\"m-article-list__headline t-amp__list-headline\">\n\t\t\t\t\t\t\t<span class=\"m-article-list__link a-link a-link--inline a-link--text-link a-link--text-link-dark\"><\/p>\n<p>\t\t\t\t\t\t\tJoe Mazzulla devolveu um trof\u00e9u Larry O&#39;Brien amassado para Wyc Grousbeck\t\t\t\t\t\t\t<\/span><br \/>\n\t\t\t\t\t\t<\/h4>\n<\/p>\n<p>\t\t\t\t<\/a>\n\t\t\t<\/li>\n<li class=\"m-article-list__item\">\n\t\t\t\t\t\t<a class=\"m-article-list__link-wrapper\" href=\"https:\/\/www.boston.com\/sports\/boston-celtics\/2024\/08\/09\/jayson-tatum-team-usa-mom-twitter-steve-kerr-2024-summer-olympics-paris\/\" data-p1=\"article_recirc_inline_feed\"><\/p>\n<p><h4 class=\"m-article-list__headline\">\n\t\t\t\t\t\t\t\t\t<span class=\"m-article-list__link a-link a-link--inline a-link--text-link a-link--text-link-dark\"><\/p>\n<p>\t\t\t\t\t\t\t\t\tA m\u00e3e de Jayson Tatum n\u00e3o ficou feliz com a \u00faltima sa\u00edda do filho do banco durante as Olimp\u00edadas \t\t\t\t\t\t\t\t\t<\/span><br \/>\n\t\t\t\t\t\t\t\t<\/h4>\n<\/p>\n<p>\t\t\t\t\t\t<\/a>\n\t\t\t\t\t<\/li>\n<\/ul>\n<\/div>\n<p>Lenda dos Celtics <a href=\"https:\/\/www.basketball-reference.com\/players\/c\/cousybo01.html\">Bob Aconchegante<\/a> est\u00e1 entre aqueles que discordam da decis\u00e3o do t\u00e9cnico da sele\u00e7\u00e3o dos EUA, Steve Kerr, de deixar Jayson Tatum no banco. <\/p>\n<p><a href=\"https:\/\/www.bostonglobe.com\/2024\/08\/09\/sports\/jayson-tatum-olympics\/\">Tatum ficou no banco sem jogar um minuto sequer <\/a>durante a vit\u00f3ria da semifinal de quinta-feira contra a S\u00e9rvia. Foi a segunda vez que Tatum foi colocado no banco durante essas Olimp\u00edadas. <\/p>\n<p>Cousy disse <a href=\"https:\/\/www.bostonglobe.com\/2024\/08\/09\/sports\/olympics-bob-cousy-jayson-tatum-steve-kerr\/\">Dan Shaugnessy de <em>O Globo de Boston<\/em> <\/a>que ele acredita que Kerr est\u00e1 se esfor\u00e7ando para envergonhar Tatum e que algu\u00e9m do Celtics deveria defend\u00ea-lo. <\/p>\n<p>\u201cIsso n\u00e3o \u00e9 apenas uma rejei\u00e7\u00e3o\u201d, disse Cousy. \u201cIsso \u00e9 uma vergonha para aquele pobre garoto em todo o mundo. [expletive] mundo. As Olimp\u00edadas ficaram t\u00e3o grandes. Todo mundo vai pensar que tem algo errado com esse garoto.\u201d<\/p>\n<p>H\u00e1 uma diferen\u00e7a entre n\u00e3o jogar muito e n\u00e3o jogar nada, disse Cousy. <\/p>\n<p>\u201cQuando Kerr fez isso na semana passada, ele n\u00e3o estava em perigo de perder o jogo, mas neste caso eles estavam perdendo por 17 pontos e ele tem que se preocupar em perder o jogo\u201d, disse Cousy. \u201cE ent\u00e3o n\u00e3o deixar Tatum sair do banco \u2014 para mim, deve haver algum tipo de preconceito que ele tem contra os Celtics. Ele n\u00e3o est\u00e1 sozinho nisso.\u201d<\/p>\n<p>Cousy disse que colocar Tatum no banco, que foi selecionado para o primeiro time da NBA na temporada passada, \u00e9 uma decis\u00e3o que n\u00e3o faz muito sentido.<\/p>\n<p>\u201cN\u00e3o jogar com Tatum diz ao mundo: &#39;Ele n\u00e3o s\u00f3 n\u00e3o est\u00e1 entre os cinco primeiros, como n\u00e3o \u00e9 bom o suficiente para entrar em um jogo acirrado.&#39;\u201d Cousy disse. \u201cN\u00e3o consigo entender o pensamento de Kerr, e ele fez isso duas vezes, ent\u00e3o ele obviamente tem uma opini\u00e3o forte sobre isso.<\/p>\n<p>\u201cEle deve pensar que Tatum \u00e9 um obst\u00e1culo, e n\u00e3o vejo como ele pode se sentir assim e entender alguma coisa sobre basquete.\u201d<\/p>\n<p>O time dos EUA venceu os dois jogos. Tatum ficou no banco e enfrentar\u00e1 a Fran\u00e7a na rodada do campeonato no s\u00e1bado.<\/p>\n<div class=\"m-block m-generic-cta\t m-generic-cta--post-content\t m-generic-cta--dark\t m-generic-cta--homepage\t m-generic-cta--email-signup\t\t m-generic-cta-block-style--default \tt-amp__generic-cta\"><\/p>\n<div class=\"m-generic-cta__wrap\">\n<div class=\"m-generic-cta__content\">\n<h3 class=\"m-generic-cta__title\">Inscreva-se para receber atualiza\u00e7\u00f5es do Celtics\ud83c\udfc0<\/h3>\n<p class=\"m-generic-cta__subtitle\">Receba not\u00edcias de \u00faltima hora e an\u00e1lises na sua caixa de entrada durante a temporada de basquete.<\/p>\n<\/p><\/div>\n<\/p><\/div>\n<\/div><\/div>\n<p><script>\n\t\tvar consent=\"grant\";\n\t\t\/* The above code is parsing the JSON data from the local storage and storing it in a variable. *\/\n\t\t\t\t\tconst onetrustStorageConsent = JSON.parse(localStorage.getItem( 'consent_one_trust_bdc' ) );\n\t\t\tif ( ( onetrustStorageConsent !== null ) ) {\n\t\t\t\t\/* Checking to see if the user has consented to the use of cookies.\n\t\t\t\t* If they have not, it is deleting the cookie.\n\t\t\t\t* This will comment for now, until further notice.\n\t\t\t\t*\/\n\t\t\t\t\/\/if ( onetrustStorageConsent.C0002 === false ) {\n\t\t\t\t\/\/\tdocument.cookie=\"_fbp=;expires=Thu, 01 Jan 2010 00:00:00 UTC; path=\/; domain=.boston.com\";\n\t\t\t\t\/\/}\n\t\t\t\t\/* Checking if the user has given consent for the cookie C0002.\n\t\t\t\t* If the user has given consent, the variable consent will be set to 'grant'.\n\t\t\t\t* If the user has not given consent,the variable consent will be set to 'revoke'.\n\t\t\t\t* Documentation https:\/\/developers.facebook.com\/docs\/meta-pixel\/implementation\/gdpr\n\t\t\t\t*\/\n\t\t\t\tif ( onetrustStorageConsent.C0002 !== true ) {\n\t\t\t\t\tconsent=\"revoke\";\n\t\t\t\t}\n\t\t\t}\n\t\t\t\t!function(f,b,e,v,n,t,s)\n\t\t{if(f.fbq)return;n=f.fbq=function(){n.callMethod?\n\t\tn.callMethod.apply(n,arguments):n.queue.push(arguments)};\n\t\tif(!f._fbq)f._fbq=n;n.push=n;n.loaded=!0;n.version='2.0';\n\t\tn.queue=[];t=b.createElement(e);t.async=!0;\n\t\tt.src=v;s=b.getElementsByTagName(e)[0];\n\t\ts.parentNode.insertBefore(t,s)}(window, document,'script',\n\t\t'https:\/\/connect.facebook.net\/en_US\/fbevents.js');\n\t\tfbq('consent', consent);\n\t\tfbq('init', '989222871864976');\n\t\tfbq('track', 'PageView');\n\t<\/script><script type=\"module\">\n\t\tvar consent=\"grant\";\n\t\t\/* The above code is parsing the JSON data from the local storage and storing it in a variable. *\/\n\t\t\tconst onetrustStorageConsent = JSON.parse(localStorage.getItem( 'consent_one_trust_bdc' ) );\n\t\t\t\/* Checking to see if the user has consented to the use of cookies.\n\t\t\t* If they have not, it is deleting the cookie.\n\t\t\t* This will comment for now, until further notice.\n\t\t\t*\/\n\t\t\t\/\/if ( onetrustStorageConsent.C0002 === false ) {\n\t\t\t\/\/\tdocument.cookie=\"_fbp=;expires=Thu, 01 Jan 2010 00:00:00 UTC; path=\/; domain=.boston.com\";\n\t\t\t\/\/}\n\t\t\t\/* Checking if the user has given consent for the cookie C0002.\n\t\t\t* If the user has given consent, the variable consent will be set to 'grant'.\n\t\t\t* If the user has not given consent,the variable consent will be set to 'revoke'.\n\t\t\t* Documentation https:\/\/developers.facebook.com\/docs\/meta-pixel\/implementation\/gdpr\n\t\t\t*\/\n\t\t\tif ( ( onetrustStorageConsent !== null ) && (onetrustStorageConsent.C0002 !== true ) ) {\n\t\t\t\tconsent=\"revoke\";\n\t\t\t}\n\t\t\t\t!function(f,b,e,v,n,t,s){if(f.fbq)return;n=f.fbq=function()\n\t\t{n.callMethod? n.callMethod.apply(n,arguments):n.queue.push(arguments)}\n\t\t;if(!f._fbq)f._fbq=n;\n\t\tn.push=n;n.loaded=!0;n.version='2.0';n.queue=[];t=b.createElement(e);t.async=!0;\n\t\tt.src=v;s=b.getElementsByTagName(e)[0];s.parentNode.insertBefore(t,s)}(window,\n\t\tdocument,'script','https:\/\/connect.facebook.net\/en_US\/fbevents.js');\n\t\tfbq('consent', consent);\n\t\tfbq('init', '813236348753005');\n\t\tfbq('track', \"PageView\");\n\t<\/script><br \/>\n<br \/><br \/>\n<br \/><a href=\"https:\/\/www.boston.com\/sports\/boston-celtics\/2024\/08\/09\/bob-cousy-says-steve-kerrs-decision-to-bench-jayson-tatum-is-an-embarrassment\/\">Source link <\/a><\/p>","protected":false},"excerpt":{"rendered":"<p>Celtas \u201cIsto n\u00e3o \u00e9 apenas uma afronta. Isto \u00e9 uma vergonha para aquele pobre garoto em todo o mundo. [expletive] mundo.&#8221; Jayson Tatum Foto de Jamie Squire\/Getty Images Joe Mazzulla&hellip;<\/p>","protected":false},"author":1,"featured_media":21139,"comment_status":"closed","ping_status":"open","sticky":false,"template":"","format":"standard","meta":{"content-type":"","footnotes":""},"categories":[1],"tags":[],"class_list":["post-21138","post","type-post","status-publish","format-standard","has-post-thumbnail","hentry","category-uncategorized"],"_links":{"self":[{"href":"https:\/\/tvbrazilusa.com\/pt\/wp-json\/wp\/v2\/posts\/21138","targetHints":{"allow":["GET"]}}],"collection":[{"href":"https:\/\/tvbrazilusa.com\/pt\/wp-json\/wp\/v2\/posts"}],"about":[{"href":"https:\/\/tvbrazilusa.com\/pt\/wp-json\/wp\/v2\/types\/post"}],"author":[{"embeddable":true,"href":"https:\/\/tvbrazilusa.com\/pt\/wp-json\/wp\/v2\/users\/1"}],"replies":[{"embeddable":true,"href":"https:\/\/tvbrazilusa.com\/pt\/wp-json\/wp\/v2\/comments?post=21138"}],"version-history":[{"count":1,"href":"https:\/\/tvbrazilusa.com\/pt\/wp-json\/wp\/v2\/posts\/21138\/revisions"}],"predecessor-version":[{"id":21140,"href":"https:\/\/tvbrazilusa.com\/pt\/wp-json\/wp\/v2\/posts\/21138\/revisions\/21140"}],"wp:featuredmedia":[{"embeddable":true,"href":"https:\/\/tvbrazilusa.com\/pt\/wp-json\/wp\/v2\/media\/21139"}],"wp:attachment":[{"href":"https:\/\/tvbrazilusa.com\/pt\/wp-json\/wp\/v2\/media?parent=21138"}],"wp:term":[{"taxonomy":"category","embeddable":true,"href":"https:\/\/tvbrazilusa.com\/pt\/wp-json\/wp\/v2\/categories?post=21138"},{"taxonomy":"post_tag","embeddable":true,"href":"https:\/\/tvbrazilusa.com\/pt\/wp-json\/wp\/v2\/tags?post=21138"}],"curies":[{"name":"wp","href":"https:\/\/api.w.org\/{rel}","templated":true}]}}