{"id":21196,"date":"2024-08-10T01:43:29","date_gmt":"2024-08-10T01:43:29","guid":{"rendered":"https:\/\/tvbrazilusa.com\/2024\/08\/10\/ex-celtic-svi-mykhailiuk-assina-contrato-de-4-anos-e-us-15-milhoes-com-o-utah-jazz\/"},"modified":"2024-08-10T01:51:07","modified_gmt":"2024-08-10T01:51:07","slug":"ex-celtic-svi-mykhailiuk-assina-contrato-de-4-anos-e-us-15-milhoes-com-o-utah-jazz","status":"publish","type":"post","link":"https:\/\/tvbrazilusa.com\/pt\/2024\/08\/10\/ex-celtic-svi-mykhailiuk-assina-contrato-de-4-anos-e-us-15-milhoes-com-o-utah-jazz\/","title":{"rendered":"Ex-Celtic Svi Mykhailiuk assina contrato de 4 anos e US$ 15 milh\u00f5es com o Utah Jazz"},"content":{"rendered":"<p> <script async src=\"https:\/\/pagead2.googlesyndication.com\/pagead\/js\/adsbygoogle.js?client=ca-pub-8864793242727901\"\r\n     crossorigin=\"anonymous\"><\/script><br \/>\n<\/p>\n<div id=\"\">\n<header class=\"m-article-header m-article-header--standard\">\n\t\t\t\t\t\t\t\t\t\t\t\t<span id=\"article-header-primary-term\"><br \/>\n\t\t\t\t\t\t\t\t<a class=\"a-term a-term--primary\" href=\"https:\/\/www.boston.com\/tag\/boston-celtics\/\"><\/p>\n<p>\t\t\t\t\t\t\t\tCeltas\t\t\t\t\t\t\t\t<\/a><br \/>\n\t\t\t\t\t\t\t<\/span><\/p>\n<h2 class=\"m-article-header__sub-headline\">Mykhailiuk apareceu em 41 jogos da temporada regular e oito disputas de p\u00f3s-temporada pelos Celtics na temporada passada.<\/h2>\n<figure class=\"a-photo m-article-header__photo\"><figcaption class=\"a-photo__caption\">\n<p>\tSvi Mykhailiuk marcou oito pontos na p\u00f3s-temporada para o atual campe\u00e3o da NBA, o Celtics.<em> Maddie Meyer\/Getty Images<\/em>\t<\/figcaption><\/figure>\n<\/header>\n<p>Um campe\u00e3o da NBA de 2024 <a href=\"https:\/\/www.boston.com\/sports\/boston-celtics\/2024\/08\/09\/bob-cousy-says-steve-kerrs-decision-to-bench-jayson-tatum-is-an-embarrassment\/\" target=\"_blank\" rel=\"noreferrer noopener\">Celtas<\/a> O jogador reserva est\u00e1 indo para o oeste.<\/p>\n<p>O agente livre Svi Mykhailiuk assinou um contrato de quatro anos e US$ 15 milh\u00f5es com o Utah Jazz, disse seu agente a Adrian Wojnarowski, da ESPN, na sexta-feira.<\/p>\n<p>O armador de 27 anos jogou o segundo maior n\u00famero de jogos em sua carreira em 2023-24. Mykhailiuk apareceu em 41 jogos da temporada regular e oito disputas de p\u00f3s-temporada para os Celtics na temporada passada. Ele assinou com os Celtics em um acordo de um ano, $ 2,4 milh\u00f5es (o m\u00ednimo da liga) na \u00faltima offseason.<\/p>\n<p>O atleta ucraniano come\u00e7ou apenas dois jogos pelo Boston e teve uma m\u00e9dia de quatro pontos por jogo na temporada regular. Mykhailiuk expandiu seu portf\u00f3lio, no entanto, vencendo as Finais da NBA com Boston e registrando um punhado de minutos durante os playoffs, ajudando-o a ganhar seu contrato.<\/p>\n<p>O Jazz v\u00ea potencial em Mykhailiuk, um arremessador de tr\u00eas pontos com 36,3 por cento de aproveitamento na carreira. Tendo jogado em sete times diferentes ao longo de seis temporadas, o ala provavelmente ter\u00e1 mais tempo de jogo e uma chance melhor de se desenvolver na quadra do que teria se renovasse com Boston. <\/p>\n<figure class=\"wp-block-embed is-type-rich is-provider-twitter wp-block-embed-twitter\">\n<div class=\"wp-block-embed__wrapper\">\n<blockquote class=\"twitter-tweet\" data-width=\"500\" data-dnt=\"true\">\n<p lang=\"en\" dir=\"ltr\">O agente livre F Svi Mykhailiuk fechou um acordo de quatro anos e US$ 15 milh\u00f5es com o Utah Jazz, o agente Michael Lelchitski de <a href=\"https:\/\/twitter.com\/SIGSports?ref_src=twsrc%5Etfw\">@SIGSports<\/a> diz \u00e0 ESPN. Ele jogou 41 partidas pelo campe\u00e3o da NBA, Boston Celtics, na temporada passada. <a href=\"https:\/\/t.co\/kfUMaN9nM8\">foto.twitter.com\/kfUMaN9nM8<\/a><\/p>\n<p>\u2014 Adrian Wojnarowski (@wojespn) <a href=\"https:\/\/twitter.com\/wojespn\/status\/1821996295688745085?ref_src=twsrc%5Etfw\">9 de agosto de 2024<\/a><\/p><\/blockquote>\n<\/div>\n<\/figure>\n<p>Os Celtics queriam repetir a temporada 2024-25 com o mesmo elenco da temporada passada na esperan\u00e7a de vencer duas finais da NBA consecutivas, mas a sa\u00edda de Mykhailiuk torna isso imposs\u00edvel.<\/p>\n<p>Oshae Brissett \u00e9 o \u00faltimo jogador do time campe\u00e3o da temporada passada de Boston no mercado de agentes livres. O Celtics tem uma vaga restante no elenco; eles podem optar por preench\u00ea-la antes do in\u00edcio da temporada 2024-25 ou deix\u00e1-la aberta.<\/p>\n<p>\u201cAcho que temos que estar atentos \u00e0 \u00faltima vaga no elenco, quais podem ser as nossas necessidades\u201d, disse o presidente das opera\u00e7\u00f5es de basquete <a href=\"https:\/\/x.com\/NoaDalzell\/status\/1813702578322264555\" target=\"_blank\" rel=\"noreferrer noopener\">Brad Stevens disse<\/a> em 17 de julho. \u201cQuanto a como preenchemos o resto da lista, mantivemos 14 na maior parte do ano passado e ent\u00e3o adicionamos dois no final do ano. Veremos como os pr\u00f3ximos meses se desenrolam em rela\u00e7\u00e3o \u00e0 disponibilidade das pessoas.<\/p>\n<p>\u201cObviamente, Kristaps (Porzingis) ter\u00e1 um longo processo de reabilita\u00e7\u00e3o pela frente e ent\u00e3o temos que determinar qual \u00e9 a melhor necessidade para nosso time naquela 15\u00aa posi\u00e7\u00e3o. Tanto Oshae quanto Svi, para mim, s\u00e3o bons jogadores da NBA que, seja aqui ou em outro lugar, s\u00e3o \u00f3timas op\u00e7\u00f5es para qualquer time.\u201d<\/p>\n<div class=\"m-block m-generic-cta\t m-generic-cta--post-content\t m-generic-cta--dark\t m-generic-cta--homepage\t m-generic-cta--email-signup\t\t m-generic-cta-block-style--default \tt-amp__generic-cta\"><\/p>\n<div class=\"m-generic-cta__wrap\">\n<div class=\"m-generic-cta__content\">\n<h3 class=\"m-generic-cta__title\">Inscreva-se para receber atualiza\u00e7\u00f5es do Celtics\ud83c\udfc0<\/h3>\n<p class=\"m-generic-cta__subtitle\">Receba not\u00edcias de \u00faltima hora e an\u00e1lises na sua caixa de entrada durante a temporada de basquete.<\/p>\n<\/p><\/div>\n<\/p><\/div>\n<\/div><\/div>\n<p><script async src=\"\/\/platform.twitter.com\/widgets.js\" charset=\"utf-8\"><\/script><script>\n\t\tvar consent=\"grant\";\n\t\t\/* The above code is parsing the JSON data from the local storage and storing it in a variable. *\/\n\t\t\t\t\tconst onetrustStorageConsent = JSON.parse(localStorage.getItem( 'consent_one_trust_bdc' ) );\n\t\t\tif ( ( onetrustStorageConsent !== null ) ) {\n\t\t\t\t\/* Checking to see if the user has consented to the use of cookies.\n\t\t\t\t* If they have not, it is deleting the cookie.\n\t\t\t\t* This will comment for now, until further notice.\n\t\t\t\t*\/\n\t\t\t\t\/\/if ( onetrustStorageConsent.C0002 === false ) {\n\t\t\t\t\/\/\tdocument.cookie=\"_fbp=;expires=Thu, 01 Jan 2010 00:00:00 UTC; path=\/; domain=.boston.com\";\n\t\t\t\t\/\/}\n\t\t\t\t\/* Checking if the user has given consent for the cookie C0002.\n\t\t\t\t* If the user has given consent, the variable consent will be set to 'grant'.\n\t\t\t\t* If the user has not given consent,the variable consent will be set to 'revoke'.\n\t\t\t\t* Documentation https:\/\/developers.facebook.com\/docs\/meta-pixel\/implementation\/gdpr\n\t\t\t\t*\/\n\t\t\t\tif ( onetrustStorageConsent.C0002 !== true ) {\n\t\t\t\t\tconsent=\"revoke\";\n\t\t\t\t}\n\t\t\t}\n\t\t\t\t!function(f,b,e,v,n,t,s)\n\t\t{if(f.fbq)return;n=f.fbq=function(){n.callMethod?\n\t\tn.callMethod.apply(n,arguments):n.queue.push(arguments)};\n\t\tif(!f._fbq)f._fbq=n;n.push=n;n.loaded=!0;n.version='2.0';\n\t\tn.queue=[];t=b.createElement(e);t.async=!0;\n\t\tt.src=v;s=b.getElementsByTagName(e)[0];\n\t\ts.parentNode.insertBefore(t,s)}(window, document,'script',\n\t\t'https:\/\/connect.facebook.net\/en_US\/fbevents.js');\n\t\tfbq('consent', consent);\n\t\tfbq('init', '989222871864976');\n\t\tfbq('track', 'PageView');\n\t<\/script><script type=\"module\">\n\t\tvar consent=\"grant\";\n\t\t\/* The above code is parsing the JSON data from the local storage and storing it in a variable. *\/\n\t\t\tconst onetrustStorageConsent = JSON.parse(localStorage.getItem( 'consent_one_trust_bdc' ) );\n\t\t\t\/* Checking to see if the user has consented to the use of cookies.\n\t\t\t* If they have not, it is deleting the cookie.\n\t\t\t* This will comment for now, until further notice.\n\t\t\t*\/\n\t\t\t\/\/if ( onetrustStorageConsent.C0002 === false ) {\n\t\t\t\/\/\tdocument.cookie=\"_fbp=;expires=Thu, 01 Jan 2010 00:00:00 UTC; path=\/; domain=.boston.com\";\n\t\t\t\/\/}\n\t\t\t\/* Checking if the user has given consent for the cookie C0002.\n\t\t\t* If the user has given consent, the variable consent will be set to 'grant'.\n\t\t\t* If the user has not given consent,the variable consent will be set to 'revoke'.\n\t\t\t* Documentation https:\/\/developers.facebook.com\/docs\/meta-pixel\/implementation\/gdpr\n\t\t\t*\/\n\t\t\tif ( ( onetrustStorageConsent !== null ) && (onetrustStorageConsent.C0002 !== true ) ) {\n\t\t\t\tconsent=\"revoke\";\n\t\t\t}\n\t\t\t\t!function(f,b,e,v,n,t,s){if(f.fbq)return;n=f.fbq=function()\n\t\t{n.callMethod? n.callMethod.apply(n,arguments):n.queue.push(arguments)}\n\t\t;if(!f._fbq)f._fbq=n;\n\t\tn.push=n;n.loaded=!0;n.version='2.0';n.queue=[];t=b.createElement(e);t.async=!0;\n\t\tt.src=v;s=b.getElementsByTagName(e)[0];s.parentNode.insertBefore(t,s)}(window,\n\t\tdocument,'script','https:\/\/connect.facebook.net\/en_US\/fbevents.js');\n\t\tfbq('consent', consent);\n\t\tfbq('init', '813236348753005');\n\t\tfbq('track', \"PageView\");\n\t<\/script><br \/>\n<br \/><br \/>\n<br \/><a href=\"https:\/\/www.boston.com\/sports\/boston-celtics\/2024\/08\/09\/svi-mykhailiuk-celtics-jazz-free-agent-contract-news\/\">Source link <\/a><\/p>","protected":false},"excerpt":{"rendered":"<p>Celtas Mykhailiuk apareceu em 41 jogos da temporada regular e oito disputas de p\u00f3s-temporada pelos Celtics na temporada passada. Svi Mykhailiuk marcou oito pontos na p\u00f3s-temporada para o atual campe\u00e3o&hellip;<\/p>","protected":false},"author":1,"featured_media":21197,"comment_status":"closed","ping_status":"open","sticky":false,"template":"","format":"standard","meta":{"content-type":"","footnotes":""},"categories":[1],"tags":[],"class_list":["post-21196","post","type-post","status-publish","format-standard","has-post-thumbnail","hentry","category-uncategorized"],"_links":{"self":[{"href":"https:\/\/tvbrazilusa.com\/pt\/wp-json\/wp\/v2\/posts\/21196","targetHints":{"allow":["GET"]}}],"collection":[{"href":"https:\/\/tvbrazilusa.com\/pt\/wp-json\/wp\/v2\/posts"}],"about":[{"href":"https:\/\/tvbrazilusa.com\/pt\/wp-json\/wp\/v2\/types\/post"}],"author":[{"embeddable":true,"href":"https:\/\/tvbrazilusa.com\/pt\/wp-json\/wp\/v2\/users\/1"}],"replies":[{"embeddable":true,"href":"https:\/\/tvbrazilusa.com\/pt\/wp-json\/wp\/v2\/comments?post=21196"}],"version-history":[{"count":1,"href":"https:\/\/tvbrazilusa.com\/pt\/wp-json\/wp\/v2\/posts\/21196\/revisions"}],"predecessor-version":[{"id":21198,"href":"https:\/\/tvbrazilusa.com\/pt\/wp-json\/wp\/v2\/posts\/21196\/revisions\/21198"}],"wp:featuredmedia":[{"embeddable":true,"href":"https:\/\/tvbrazilusa.com\/pt\/wp-json\/wp\/v2\/media\/21197"}],"wp:attachment":[{"href":"https:\/\/tvbrazilusa.com\/pt\/wp-json\/wp\/v2\/media?parent=21196"}],"wp:term":[{"taxonomy":"category","embeddable":true,"href":"https:\/\/tvbrazilusa.com\/pt\/wp-json\/wp\/v2\/categories?post=21196"},{"taxonomy":"post_tag","embeddable":true,"href":"https:\/\/tvbrazilusa.com\/pt\/wp-json\/wp\/v2\/tags?post=21196"}],"curies":[{"name":"wp","href":"https:\/\/api.w.org\/{rel}","templated":true}]}}