{"id":2123,"date":"2024-07-15T14:45:00","date_gmt":"2024-07-15T14:45:00","guid":{"rendered":"https:\/\/tvbrazilusa.com\/?p=2123"},"modified":"2024-07-15T14:45:43","modified_gmt":"2024-07-15T14:45:43","slug":"previsoes-climaticas-no-brasil-para-essa-semana","status":"publish","type":"post","link":"https:\/\/tvbrazilusa.com\/pt\/2024\/07\/15\/previsoes-climaticas-no-brasil-para-essa-semana\/","title":{"rendered":"Previs\u00f5es clim\u00e1ticas no Brasil para essa semana!"},"content":{"rendered":"<p> <script async src=\"https:\/\/pagead2.googlesyndication.com\/pagead\/js\/adsbygoogle.js?client=ca-pub-8864793242727901\"\r\n     crossorigin=\"anonymous\"><\/script><br \/>\n<\/p>\n<div>\n<p>Enquanto boa parte do Brasil se prepara para uma semana de clima predominantemente seco e eleva\u00e7\u00e3o de temperaturas, algumas \u00e1reas devem se atentar para condi\u00e7\u00f5es espec\u00edficas. Vamos explorar os detalhes meteorol\u00f3gicos regionais que marcar\u00e3o os pr\u00f3ximos dias no pa\u00eds.<\/p>\n<p>Pelo pa\u00eds, a semana se inicia com uma previs\u00e3o de pouco volume de chuvas, exceto em regi\u00f5es isoladas. No entanto, alertas de umidade baixa j\u00e1 s\u00e3o emitidos, o que requer aten\u00e7\u00e3o especial para a sa\u00fade e preven\u00e7\u00e3o de inc\u00eandios florestais. Conhe\u00e7a agora o que esperar do clima em cada regi\u00e3o.<\/p>\n<div class=\"wp-block-image\">\n<figure class=\"aligncenter size-large\"><picture decoding=\"async\" class=\"wp-image-153975\"><source type=\"image\/webp\" srcset=\"https:\/\/terrabrasilnoticias.com\/wp-content\/uploads\/2024\/07\/car_rain_wisconsin_traffic_pluie_selection_milwaukee_michiganstreet-483345-1024x683.jpg.webp 1024w, https:\/\/terrabrasilnoticias.com\/wp-content\/uploads\/2024\/07\/car_rain_wisconsin_traffic_pluie_selection_milwaukee_michiganstreet-483345-300x200.jpg.webp 300w, https:\/\/terrabrasilnoticias.com\/wp-content\/uploads\/2024\/07\/car_rain_wisconsin_traffic_pluie_selection_milwaukee_michiganstreet-483345-768x512.jpg.webp 768w, https:\/\/terrabrasilnoticias.com\/wp-content\/uploads\/2024\/07\/car_rain_wisconsin_traffic_pluie_selection_milwaukee_michiganstreet-483345-750x500.jpg.webp 750w, https:\/\/terrabrasilnoticias.com\/wp-content\/uploads\/2024\/07\/car_rain_wisconsin_traffic_pluie_selection_milwaukee_michiganstreet-483345-1140x760.jpg.webp 1140w, https:\/\/terrabrasilnoticias.com\/wp-content\/uploads\/2024\/07\/car_rain_wisconsin_traffic_pluie_selection_milwaukee_michiganstreet-483345.jpg.webp 1200w\" sizes=\"(max-width: 1024px) 100vw, 1024px\"\/><\/picture><figcaption class=\"wp-element-caption\">Imagem: Reprodu\u00e7\u00e3o \/ Internet<\/figcaption><\/figure>\n<\/div>\n<h2 class=\"wp-block-heading\">Regi\u00e3o Sudeste: Varia\u00e7\u00f5es T\u00e9rmicas Marcantes<\/h2>\n<p>Em S\u00e3o Paulo, a semana come\u00e7a sem chuvas e com temperaturas ainda amenas, enquanto o Rio de Janeiro, Minas Gerais e Esp\u00edrito Santo tamb\u00e9m n\u00e3o esperam precipita\u00e7\u00f5es. Em Minas Gerais, as temperaturas m\u00e1ximas est\u00e3o em ascens\u00e3o, o que promete aquecer a regi\u00e3o nos pr\u00f3ximos dias.<\/p>\n<h2 class=\"wp-block-heading\">Qual a situa\u00e7\u00e3o do clima no Centro-Oeste?<\/h2>\n<p>N\u00e3o h\u00e1 previs\u00e3o de chuva para o Centro-Oeste nesta semana. Ponta Por\u00e3 e Navira\u00ed, em Mato Grosso do Sul, come\u00e7am com temperaturas amenas, mas uma eleva\u00e7\u00e3o \u00e9 esperada para toda a regi\u00e3o. Em Goi\u00e2nia, por exemplo, a temperatura deve atingir 30\u00baC nesta segunda-feira, com Cuiab\u00e1 alcan\u00e7ando at\u00e9 35\u00baC na quinta-feira.<\/p>\n<h2 class=\"wp-block-heading\">Alerta no Centro-Oeste devido \u00e0 Baixa Umidade<\/h2>\n<p>O Instituto Nacional de Meteorologia (Inmet) emitiu um alerta de perigo potencial para a regi\u00e3o, incluindo estados como Goi\u00e1s, Tocantins, e partes do Maranh\u00e3o e Mato Grosso. A umidade do ar deve variar entre 30% e 20%, um fator preocupante tanto para riscos de inc\u00eandios como para quest\u00f5es de sa\u00fade.<\/p>\n<h2 class=\"wp-block-heading\">Condi\u00e7\u00f5es Clim\u00e1ticas no Sul e Norte do Brasil<\/h2>\n<p>Na regi\u00e3o Sul, a semana inicia com chuvas no litoral norte do Rio Grande do Sul e no litoral sul e leste de Santa Catarina. As temperaturas nas capitais devem variar entre 13\u00baC e 21\u00baC ao longo da semana. Curitiba deve testemunhar uma ascens\u00e3o gradual na temperatura at\u00e9 quinta-feira.<\/p>\n<p>Por outro lado, a regi\u00e3o Norte segue um padr\u00e3o distinto: enquanto Boa Vista alerta para temporais, o restante da regi\u00e3o deve continuar sob a influ\u00eancia de uma massa de ar seco. Em Manaus e Bel\u00e9m, as temperaturas podem chegar a 33\u00baC. Porto Velho experimentar\u00e1 uma eleva\u00e7\u00e3o de 29\u00baC na segunda-feira para 34\u00baC na quinta-feira.<\/p>\n<h2 class=\"wp-block-heading\">Atualiza\u00e7\u00f5es Meteorol\u00f3gicas do Nordeste<\/h2>\n<p>No Nordeste, o calor predomina durante toda a semana. Com temperaturas elevadas, s\u00e3o esperadas chuvas isoladas apenas no litoral, enquanto que o interior desfrutar\u00e1 de dias ensolarados e umidade do ar ainda baixa, intensificando a sensa\u00e7\u00e3o de calor.<\/p>\n<p>Sem d\u00favida, esta semana promete ser bastante diversificada em termos clim\u00e1ticos pelo Brasil. \u00c9 fundamental que as popula\u00e7\u00f5es das \u00e1reas alertadas estejam atentas \u00e0s recomenda\u00e7\u00f5es das autoridades meteorol\u00f3gicas e de sa\u00fade, adaptando suas rotinas para enfrentar de maneira segura as varia\u00e7\u00f5es temperamentais da m\u00e3e natureza.<\/p>\n<\/p><\/div>\n<p><br \/>\n<br \/><a href=\"https:\/\/terrabrasilnoticias.com\/2024\/07\/previsoes-climaticas-no-brasil-para-essa-semana\/\">Source link <\/a><\/p>","protected":false},"excerpt":{"rendered":"<p>Enquanto boa parte do Brasil se prepara para uma semana de clima predominantemente seco e eleva\u00e7\u00e3o de temperaturas, algumas \u00e1reas devem se atentar para condi\u00e7\u00f5es espec\u00edficas. Vamos explorar os detalhes&hellip;<\/p>","protected":false},"author":1,"featured_media":2124,"comment_status":"closed","ping_status":"open","sticky":false,"template":"","format":"standard","meta":{"content-type":"","footnotes":""},"categories":[16],"tags":[],"class_list":["post-2123","post","type-post","status-publish","format-standard","has-post-thumbnail","hentry","category-noticias"],"_links":{"self":[{"href":"https:\/\/tvbrazilusa.com\/pt\/wp-json\/wp\/v2\/posts\/2123","targetHints":{"allow":["GET"]}}],"collection":[{"href":"https:\/\/tvbrazilusa.com\/pt\/wp-json\/wp\/v2\/posts"}],"about":[{"href":"https:\/\/tvbrazilusa.com\/pt\/wp-json\/wp\/v2\/types\/post"}],"author":[{"embeddable":true,"href":"https:\/\/tvbrazilusa.com\/pt\/wp-json\/wp\/v2\/users\/1"}],"replies":[{"embeddable":true,"href":"https:\/\/tvbrazilusa.com\/pt\/wp-json\/wp\/v2\/comments?post=2123"}],"version-history":[{"count":1,"href":"https:\/\/tvbrazilusa.com\/pt\/wp-json\/wp\/v2\/posts\/2123\/revisions"}],"predecessor-version":[{"id":2125,"href":"https:\/\/tvbrazilusa.com\/pt\/wp-json\/wp\/v2\/posts\/2123\/revisions\/2125"}],"wp:featuredmedia":[{"embeddable":true,"href":"https:\/\/tvbrazilusa.com\/pt\/wp-json\/wp\/v2\/media\/2124"}],"wp:attachment":[{"href":"https:\/\/tvbrazilusa.com\/pt\/wp-json\/wp\/v2\/media?parent=2123"}],"wp:term":[{"taxonomy":"category","embeddable":true,"href":"https:\/\/tvbrazilusa.com\/pt\/wp-json\/wp\/v2\/categories?post=2123"},{"taxonomy":"post_tag","embeddable":true,"href":"https:\/\/tvbrazilusa.com\/pt\/wp-json\/wp\/v2\/tags?post=2123"}],"curies":[{"name":"wp","href":"https:\/\/api.w.org\/{rel}","templated":true}]}}