{"id":21273,"date":"2024-08-10T04:20:44","date_gmt":"2024-08-10T04:20:44","guid":{"rendered":"https:\/\/tvbrazilusa.com\/2024\/08\/10\/trump-esta-colocando-as-deportacoes-em-massa-no-centro-de-sua-campanha-alguns-republicanos-estao-preocupados\/"},"modified":"2024-08-10T04:32:11","modified_gmt":"2024-08-10T04:32:11","slug":"trump-esta-colocando-as-deportacoes-em-massa-no-centro-de-sua-campanha-alguns-republicanos-estao-preocupados","status":"publish","type":"post","link":"https:\/\/tvbrazilusa.com\/pt\/2024\/08\/10\/trump-esta-colocando-as-deportacoes-em-massa-no-centro-de-sua-campanha-alguns-republicanos-estao-preocupados\/","title":{"rendered":"Trump est\u00e1 colocando as deporta\u00e7\u00f5es em massa no centro de sua campanha. Alguns republicanos est\u00e3o preocupados"},"content":{"rendered":"<script async src=\"https:\/\/pagead2.googlesyndication.com\/pagead\/js\/adsbygoogle.js?client=ca-pub-8864793242727901\"\r\n     crossorigin=\"anonymous\"><\/script>\n<div id=\"\">\n<p class=\"dist__Box-sc-1fnzlkn-0 dist__TextBase-sc-1fnzlkn-3 CGHCP htMUPQ article-text\"><strong>WASHINGTON<\/strong> \u2013 \u201cDeporta\u00e7\u00e3o em massa j\u00e1!\u201d declaravam os cartazes na Conven\u00e7\u00e3o Nacional Republicana, dando um abra\u00e7o total <a href=\"https:\/\/apnews.com\/article\/trump-policies-agenda-election-2024-second-term-d656d8f08629a8da14a65c4075545e0f\">A promessa de Donald Trump de expulsar<\/a> milh\u00f5es de migrantes no maior programa de deporta\u00e7\u00e3o da hist\u00f3ria americana.<\/p>\n<p class=\"dist__Box-sc-1fnzlkn-0 dist__TextBase-sc-1fnzlkn-3 CGHCP htMUPQ article-text\">Alguns republicanos n\u00e3o est\u00e3o preparados para isso.<\/p>\n<p class=\"dist__Box-sc-1fnzlkn-0 dist__TextBase-sc-1fnzlkn-3 CGHCP htMUPQ article-text\">Lauren B. Pe\u00f1a, uma ativista republicana do Texas, disse que ouvir os apelos de Trump por deporta\u00e7\u00f5es em massa, assim como termos como \u201cilegais\u201d e \u201cinvas\u00e3o\u201d usados \u200b\u200bna conven\u00e7\u00e3o, a deixou desconfort\u00e1vel. Como alguns republicanos no Congresso que avan\u00e7aram abordagens equilibradas para a imigra\u00e7\u00e3o, ela espera que Trump esteja apenas bravateando.<\/p>\n<p class=\"dist__Box-sc-1fnzlkn-0 dist__TextBase-sc-1fnzlkn-3 CGHCP htMUPQ article-text\">\u201cEle n\u00e3o quer deportar todas as fam\u00edlias que cruzam a fronteira, ele quer deportar os criminosos e os agressores sexuais\u201d, disse Pe\u00f1a.<\/p>\n<p class=\"dist__Box-sc-1fnzlkn-0 dist__TextBase-sc-1fnzlkn-3 CGHCP htMUPQ article-text\">Mas <a href=\"https:\/\/apnews.com\/hub\/donald-trump\">Trunfo<\/a> e seus conselheiros t\u00eam outros planos. Ele est\u00e1 colocando <a href=\"https:\/\/apnews.com\/article\/immigration-violent-crime-trump-republican-convention-bd40d14546bc7eb9a1dbbadfcb190950\">a imigra\u00e7\u00e3o no centro da sua campanha<\/a> para retomar a Casa Branca e empurrar o Partido Republicano para <a href=\"https:\/\/apnews.com\/article\/trump-deportations-immigration-gop-147d96fd00aa4c56e2cbe6074eceb874\">uma estrat\u00e9gia belicosa que remonta \u00e0 d\u00e9cada de 1950<\/a> quando o ex-presidente Dwight D. Eisenhower lan\u00e7ou uma pol\u00edtica de deporta\u00e7\u00e3o conhecida por um insulto racial \u2014 \u201cOpera\u00e7\u00e3o Wetback\u201d. <\/p>\n<p class=\"dist__Box-sc-1fnzlkn-0 dist__TextBase-sc-1fnzlkn-3 CGHCP htMUPQ article-text\">Trump, quando pressionado a dar detalhes sobre seu plano em <a href=\"https:\/\/time.com\/6972022\/donald-trump-transcript-2024-election\/\">uma entrevista com a revista Time<\/a> este ano, sugeriu que usaria a Guarda Nacional, e possivelmente at\u00e9 mesmo os militares, para atingir entre 15 milh\u00f5es e 20 milh\u00f5es de pessoas \u2014 embora o governo tenha estimado que em 2022 haveria 11 milh\u00f5es de migrantes vivendo nos EUA sem permiss\u00e3o legal permanente.<\/p>\n<p class=\"dist__Box-sc-1fnzlkn-0 dist__TextBase-sc-1fnzlkn-3 CGHCP htMUPQ article-text\">Seus planos elevaram os riscos das elei\u00e7\u00f5es deste ano para al\u00e9m da fortifica\u00e7\u00e3o da fronteira sul, uma prioridade conservadora de longa data, para a quest\u00e3o de se os Estados Unidos deveriam fazer uma mudan\u00e7a fundamental em sua abordagem \u00e0 imigra\u00e7\u00e3o.<\/p>\n<p class=\"dist__Box-sc-1fnzlkn-0 dist__TextBase-sc-1fnzlkn-3 CGHCP htMUPQ article-text\">Depois que a fronteira sul viu um n\u00famero hist\u00f3rico de travessias durante o governo Biden, os democratas tamb\u00e9m <a href=\"https:\/\/apnews.com\/article\/border-patrol-crossings-arrests-asylum-july-fad8cec06bd730049e7dad9c7fc7ac29\">movido para a direita na quest\u00e3o<\/a>muitas vezes come\u00e7ando com promessas de seguran\u00e7a na fronteira antes de falar sobre al\u00edvio para os imigrantes que j\u00e1 est\u00e3o no pa\u00eds.<\/p>\n<p class=\"dist__Box-sc-1fnzlkn-0 dist__TextBase-sc-1fnzlkn-3 CGHCP htMUPQ article-text\">E como o <a href=\"https:\/\/apnews.com\/hub\/election-2024\">Elei\u00e7\u00e3o de novembro<\/a> abordagens, <a href=\"https:\/\/apnews.com\/article\/2024-election-misinformation-latinos-radio-arizona-563ff36ba39d38d55eeb5d29d93d400e\">ambos os partidos est\u00e3o tentando alcan\u00e7ar os eleitores<\/a> como Pe\u00f1a, 33. Os eleitores latinos podem ser cruciais em muitos estados indecisos.<\/p>\n<p class=\"dist__Box-sc-1fnzlkn-0 dist__TextBase-sc-1fnzlkn-3 CGHCP htMUPQ article-text\">Trump conquistou 35% dos eleitores hisp\u00e2nicos em 2020, de acordo com <a href=\"https:\/\/apnews.com\/hub\/ap-votecast\/\">AP VoteCast<\/a>e o apoio a medidas mais fortes de fiscaliza\u00e7\u00e3o de fronteira cresceu entre os eleitores hisp\u00e2nicos. Mas uma an\u00e1lise da AP de duas pesquisas consecutivas conduzidas em junho pelo <a href=\"https:\/\/apnorc.org\/\">AP-NORC Centro de Pesquisa em Assuntos P\u00fablicos<\/a> mostra que cerca de metade dos hispano-americanos t\u00eam uma vis\u00e3o um tanto ou muito desfavor\u00e1vel de Trump.<\/p>\n<p class=\"dist__Box-sc-1fnzlkn-0 dist__TextBase-sc-1fnzlkn-3 CGHCP htMUPQ article-text\">Ainda assim, Pe\u00f1a, que se descreveu como uma pessoa hisp\u00e2nica multirracial, tornou-se uma nova e entusiasmada recruta para o GOP. Ela foi atra\u00edda por Trump depois de ver pessoas debilitadas por drogas no complexo habitacional p\u00fablico onde ela mora em Austin. Ela sente que os programas do governo falharam com pessoas de baixa renda e que o recente aumento da migra\u00e7\u00e3o colocou um aperto na assist\u00eancia p\u00fablica, como cupons de alimenta\u00e7\u00e3o.<\/p>\n<p class=\"dist__Box-sc-1fnzlkn-0 dist__TextBase-sc-1fnzlkn-3 CGHCP htMUPQ article-text\">Mas Pe\u00f1a disse que tamb\u00e9m se sente preocupada quando seus colegas republicanos discutem ideias como proibir crian\u00e7as que n\u00e3o t\u00eam status legal permanente de frequentar escolas p\u00fablicas.<\/p>\n<p class=\"dist__Box-sc-1fnzlkn-0 dist__TextBase-sc-1fnzlkn-3 CGHCP htMUPQ article-text\">\u201cSer hisp\u00e2nico \u00e9 um t\u00f3pico dif\u00edcil\u201d, ela disse. \u201cSinto que precisamos dar uma chance a essas pessoas.\u201d<\/p>\n<p class=\"dist__Box-sc-1fnzlkn-0 dist__TextBase-sc-1fnzlkn-3 CGHCP htMUPQ article-text\">Ainda, <a href=\"https:\/\/apnews.com\/article\/trump-riot-pardons-deportation-republicans-congress-c8e5398b3c2c8ce43149e32cd0805865\">Os legisladores do Partido Republicano adotaram amplamente<\/a> Os planos de Trump. \u201c\u00c9 necess\u00e1rio\u201d, disse o presidente da C\u00e2mara <a href=\"https:\/\/apnews.com\/hub\/mike-johnson\/\">Mike Johnson<\/a>R-La., disse em uma entrevista em julho no conservador Hudson Institute.<\/p>\n<p class=\"dist__Box-sc-1fnzlkn-0 dist__TextBase-sc-1fnzlkn-3 CGHCP htMUPQ article-text\">Alguns, no entanto, demonstraram ceticismo t\u00e1cito ao sugerir metas mais modestas.<\/p>\n<p class=\"dist__Box-sc-1fnzlkn-0 dist__TextBase-sc-1fnzlkn-3 CGHCP htMUPQ article-text\">Senador. <a href=\"https:\/\/apnews.com\/article\/congress-border-deal-rejected-lankford-immigration-045fdf42d42b26270ee1f5f73e8bc1b0\">James Lankford<\/a>um republicano de Oklahoma, apontou para mais de 1 milh\u00e3o de pessoas que j\u00e1 receberam uma ordem final de remo\u00e7\u00e3o de um juiz de imigra\u00e7\u00e3o e disse: &#8220;H\u00e1 uma diferen\u00e7a entre aqueles que est\u00e3o no processo agora e aqueles que terminaram o processo.&#8221;<\/p>\n<p class=\"dist__Box-sc-1fnzlkn-0 dist__TextBase-sc-1fnzlkn-3 CGHCP htMUPQ article-text\">Lankford, que negociou <a href=\"https:\/\/apnews.com\/article\/congress-ukraine-aid-border-security-386dcc54b29a5491f8bd87b727a284f8\">um pacote de fronteira bipartid\u00e1rio<\/a> que Trump ajudou a derrotar no in\u00edcio deste ano, acrescentou que seria uma tarefa \u201cenorme\u201d tanto log\u00edstica quanto financeiramente apenas atingir esse grupo.<\/p>\n<p class=\"dist__Box-sc-1fnzlkn-0 dist__TextBase-sc-1fnzlkn-3 CGHCP htMUPQ article-text\">Outros republicanos, incluindo o senador da Fl\u00f3rida Marco Rubio e o deputado Mario Diaz Balart, sugeriram que Trump na Casa Branca priorizaria migrantes com antecedentes criminais.<\/p>\n<p class=\"dist__Box-sc-1fnzlkn-0 dist__TextBase-sc-1fnzlkn-3 CGHCP htMUPQ article-text\">De fato, Trump assumiu o poder em 2016 com promessas semelhantes de deporta\u00e7\u00e3o em massa, mas s\u00f3 conseguiu deportar cerca de 1,5 milh\u00e3o de pessoas.<\/p>\n<p class=\"dist__Box-sc-1fnzlkn-0 dist__TextBase-sc-1fnzlkn-3 CGHCP htMUPQ article-text\">Desta vez, por\u00e9m, h\u00e1 um plano.<\/p>\n<p class=\"dist__Box-sc-1fnzlkn-0 dist__TextBase-sc-1fnzlkn-3 CGHCP htMUPQ article-text\">Trump trabalhou em estreita colabora\u00e7\u00e3o com Stephen Miller, um ex-assessor de alto escal\u00e3o que deve assumir um papel s\u00eanior na Casa Branca se Trump vencer. Miller descreve uma administra\u00e7\u00e3o Trump que trabalhar\u00e1 com \u201cdetermina\u00e7\u00e3o total\u201d para atingir dois objetivos: \u201cFechar a fronteira. Deportar todos os ilegais.\u201d<\/p>\n<p class=\"dist__Box-sc-1fnzlkn-0 dist__TextBase-sc-1fnzlkn-3 CGHCP htMUPQ article-text\">Para conseguir isso, Trump reativaria as proibi\u00e7\u00f5es de viagens de pa\u00edses considerados indesej\u00e1veis, como pa\u00edses de maioria mu\u00e7ulmana. Ele lan\u00e7aria uma opera\u00e7\u00e3o abrangente ao delegar \u00e0 Guarda Nacional a tarefa de cercar imigrantes, mant\u00ea-los em campos enormes e coloc\u00e1-los em voos de deporta\u00e7\u00e3o antes que pudessem fazer apela\u00e7\u00f5es legais.<\/p>\n<p class=\"dist__Box-sc-1fnzlkn-0 dist__TextBase-sc-1fnzlkn-3 CGHCP htMUPQ article-text\">Al\u00e9m disso, Trump tamb\u00e9m prometeu acabar com a cidadania por direito de nascen\u00e7a \u2014 um direito de 125 anos nos EUA. E v\u00e1rios de seus principais conselheiros apresentaram uma vis\u00e3o pol\u00edtica abrangente por meio do Projeto 2025 da Heritage Foundation que sufocaria outras formas de migra\u00e7\u00e3o legal. <\/p>\n<p class=\"dist__Box-sc-1fnzlkn-0 dist__TextBase-sc-1fnzlkn-3 CGHCP htMUPQ article-text\">O governo Trump, segundo esses planos, tamb\u00e9m pode interromper programas tempor\u00e1rios para mais de 1 milh\u00e3o de migrantes, incluindo benefici\u00e1rios do programa A\u00e7\u00e3o Diferida para Chegadas na Inf\u00e2ncia, ucranianos e afeg\u00e3os que fugiram de conflitos recentes, bem como outros que recebem prote\u00e7\u00e3o tempor\u00e1ria devido \u00e0 agita\u00e7\u00e3o em seu pa\u00eds de origem.<\/p>\n<p class=\"dist__Box-sc-1fnzlkn-0 dist__TextBase-sc-1fnzlkn-3 CGHCP htMUPQ article-text\">As pol\u00edticas causariam perturba\u00e7\u00f5es de longo alcance em grandes ind\u00fastrias, como habita\u00e7\u00e3o e agricultura, inclusive em estados-chave em disputa.<\/p>\n<p class=\"dist__Box-sc-1fnzlkn-0 dist__TextBase-sc-1fnzlkn-3 CGHCP htMUPQ article-text\">\u201cSe os mais de 75.000 imigrantes que realizam o trabalho mais \u00e1rduo na agricultura e nos latic\u00ednios de Wisconsin desaparecessem amanh\u00e3, a economia do estado afundaria\u201d, disse Jorge Franco, CEO da C\u00e2mara de Com\u00e9rcio Hisp\u00e2nica de Wisconsin.<\/p>\n<p class=\"dist__Box-sc-1fnzlkn-0 dist__TextBase-sc-1fnzlkn-3 CGHCP htMUPQ article-text\">A deputada Maria Elvira Salazar, uma republicana da Fl\u00f3rida que impulsionou uma legisla\u00e7\u00e3o que permitiria um caminho para a cidadania para residentes de longa data, argumentou que deporta\u00e7\u00f5es em larga escala eram agora necess\u00e1rias por causa dos recentes surtos de travessias de fronteira sob o presidente Joe Biden. Mas ela tamb\u00e9m esperava que Trump pudesse ver a diferen\u00e7a entre rec\u00e9m-chegados e residentes de longa data.<\/p>\n<p class=\"dist__Box-sc-1fnzlkn-0 dist__TextBase-sc-1fnzlkn-3 CGHCP htMUPQ article-text\">\u201cH\u00e1 um grupo de congressistas que garantir\u00e1 que a nova administra\u00e7\u00e3o entenda isso porque h\u00e1 outro aspecto: a comunidade empresarial\u201d, ela disse. \u201cOs desenvolvedores na constru\u00e7\u00e3o\u2026 e os fazendeiros, o que eles v\u00e3o dizer? Eles precisam de m\u00e3os.\u201d<\/p>\n<p class=\"dist__Box-sc-1fnzlkn-0 dist__TextBase-sc-1fnzlkn-3 CGHCP htMUPQ article-text\">Enquanto isso, os democratas acham que as amea\u00e7as de Trump agora est\u00e3o motivando os eleitores latinos.<\/p>\n<p class=\"dist__Box-sc-1fnzlkn-0 dist__TextBase-sc-1fnzlkn-3 CGHCP htMUPQ article-text\">\u201cA deporta\u00e7\u00e3o em massa colocou muitas pessoas em alerta m\u00e1ximo\u201d, disse Mar\u00eda Teresa Kumar, CEO da Voto Latino, uma importante organiza\u00e7\u00e3o de registro de eleitores que apoia o Partido Democrata. <a href=\"https:\/\/apnews.com\/hub\/kamala-harris\">Kamala Harris<\/a>.<\/p>\n<p class=\"dist__Box-sc-1fnzlkn-0 dist__TextBase-sc-1fnzlkn-3 CGHCP htMUPQ article-text\">Como muitos outros grupos alinhados com Harris, o Voto Latino viu uma onda de interesse desde que ela subiu ao topo da chapa democrata. Kumar disse que a organiza\u00e7\u00e3o registrou quase 36.000 eleitores nas semanas desde que Biden deixou a corrida \u2014 quase igualando sua contagem dos primeiros seis meses do ano.<\/p>\n<p class=\"dist__Box-sc-1fnzlkn-0 dist__TextBase-sc-1fnzlkn-3 CGHCP htMUPQ article-text\">Em um distrito eleitoral predominantemente latino no extremo sul do Texas, o deputado democrata Vicente Gonzalez disse que os eleitores querem ver uma melhor gest\u00e3o da fronteira, mas, ao mesmo tempo, muitos tamb\u00e9m t\u00eam amigos ou familiares que n\u00e3o t\u00eam a documenta\u00e7\u00e3o de imigra\u00e7\u00e3o em ordem.<\/p>\n<p class=\"dist__Box-sc-1fnzlkn-0 dist__TextBase-sc-1fnzlkn-3 CGHCP htMUPQ article-text\">\u201cMuito mais poderia ser feito, em termos de boas pol\u00edticas, que ajudariam a controlar surtos na fronteira&#8221;, disse Gonzalez. &#8220;Mas deporta\u00e7\u00e3o em massa, s\u00f3 d\u00e1 azia \u00e0s pessoas.&#8221;<\/p>\n<\/div>\n<p>Copyright 2024 The Associated Press. Todos os direitos reservados. Este material n\u00e3o pode ser publicado, transmitido, reescrito ou redistribu\u00eddo sem permiss\u00e3o.<\/p>\n<p><br \/>\n<br \/><a href=\"https:\/\/www.clickorlando.com\/news\/politics\/2024\/08\/10\/trump-is-putting-mass-deportations-at-the-heart-of-his-campaign-some-republicans-are-worried\/\">Source link <\/a><\/p>","protected":false},"excerpt":{"rendered":"<p>WASHINGTON \u2013 \u201cDeporta\u00e7\u00e3o em massa j\u00e1!\u201d declaravam os cartazes na Conven\u00e7\u00e3o Nacional Republicana, dando um abra\u00e7o total A promessa de Donald Trump de expulsar milh\u00f5es de migrantes no maior programa&hellip;<\/p>","protected":false},"author":1,"featured_media":21274,"comment_status":"closed","ping_status":"open","sticky":false,"template":"","format":"standard","meta":{"content-type":"","footnotes":""},"categories":[1],"tags":[1405,1404,1408,1406,1407,93],"class_list":["post-21273","post","type-post","status-publish","format-standard","has-post-thumbnail","hentry","category-uncategorized","tag-donald-trump","tag-eleicao-presidencial-dos-estados-unidos-de-2024","tag-eleicoes","tag-joe-biden","tag-noticias-de-washington","tag-politica"],"_links":{"self":[{"href":"https:\/\/tvbrazilusa.com\/pt\/wp-json\/wp\/v2\/posts\/21273","targetHints":{"allow":["GET"]}}],"collection":[{"href":"https:\/\/tvbrazilusa.com\/pt\/wp-json\/wp\/v2\/posts"}],"about":[{"href":"https:\/\/tvbrazilusa.com\/pt\/wp-json\/wp\/v2\/types\/post"}],"author":[{"embeddable":true,"href":"https:\/\/tvbrazilusa.com\/pt\/wp-json\/wp\/v2\/users\/1"}],"replies":[{"embeddable":true,"href":"https:\/\/tvbrazilusa.com\/pt\/wp-json\/wp\/v2\/comments?post=21273"}],"version-history":[{"count":1,"href":"https:\/\/tvbrazilusa.com\/pt\/wp-json\/wp\/v2\/posts\/21273\/revisions"}],"predecessor-version":[{"id":21275,"href":"https:\/\/tvbrazilusa.com\/pt\/wp-json\/wp\/v2\/posts\/21273\/revisions\/21275"}],"wp:featuredmedia":[{"embeddable":true,"href":"https:\/\/tvbrazilusa.com\/pt\/wp-json\/wp\/v2\/media\/21274"}],"wp:attachment":[{"href":"https:\/\/tvbrazilusa.com\/pt\/wp-json\/wp\/v2\/media?parent=21273"}],"wp:term":[{"taxonomy":"category","embeddable":true,"href":"https:\/\/tvbrazilusa.com\/pt\/wp-json\/wp\/v2\/categories?post=21273"},{"taxonomy":"post_tag","embeddable":true,"href":"https:\/\/tvbrazilusa.com\/pt\/wp-json\/wp\/v2\/tags?post=21273"}],"curies":[{"name":"wp","href":"https:\/\/api.w.org\/{rel}","templated":true}]}}