{"id":21287,"date":"2024-08-10T04:41:14","date_gmt":"2024-08-10T04:41:14","guid":{"rendered":"https:\/\/tvbrazilusa.com\/2024\/08\/10\/seis-casas-mais-caras-vendidas-na-area-de-passaic-de-22-de-julho-a-4-de-agosto\/"},"modified":"2024-08-10T04:54:30","modified_gmt":"2024-08-10T04:54:30","slug":"seis-casas-mais-caras-vendidas-na-area-de-passaic-de-22-de-julho-a-4-de-agosto","status":"publish","type":"post","link":"https:\/\/tvbrazilusa.com\/pt\/2024\/08\/10\/seis-casas-mais-caras-vendidas-na-area-de-passaic-de-22-de-julho-a-4-de-agosto\/","title":{"rendered":"Seis casas mais caras vendidas na \u00e1rea de Passaic, de 22 de julho a 4 de agosto"},"content":{"rendered":"<script async src=\"https:\/\/pagead2.googlesyndication.com\/pagead\/js\/adsbygoogle.js?client=ca-pub-8864793242727901\"\r\n     crossorigin=\"anonymous\"><\/script>\n<div>\n<p class=\"article__paragraph article__paragraph--left\" id=\"HHXCE56M4ZDBFH3RKZMNM5UXTY\">Uma casa em Passaic que foi vendida por US$ 997.500 est\u00e1 no topo da lista das vendas imobili\u00e1rias residenciais mais caras na \u00e1rea de Passaic entre 22 de julho e 4 de agosto.<\/p>\n<p class=\"article__paragraph article__paragraph--left\" id=\"EZLPXIYMVVGK3PE2CFTAQMDS7Y\">No total, seis vendas de im\u00f3veis residenciais foram registradas na \u00e1rea durante as \u00faltimas duas semanas, com um pre\u00e7o m\u00e9dio de $716.583. O pre\u00e7o m\u00e9dio por p\u00e9 quadrado foi de $343.<\/p>\n<p class=\"article__paragraph article__paragraph--left\" id=\"IQ4P7AVX2VGXJAFZAR3UCZL4UY\">Os pre\u00e7os na lista abaixo dizem respeito a vendas de im\u00f3veis cujo t\u00edtulo foi registrado entre a semana de 22 de julho e a semana de 4 de agosto, mesmo que o im\u00f3vel tenha sido vendido antes.<\/p>\n<\/div>\n<p><br \/>\n<br \/><a href=\"https:\/\/www.nj.com\/realestate-news\/2024\/08\/six-most-expensive-homes-sold-in-the-passaic-area-july-22-aug-4.html\">Source link <\/a><\/p>","protected":false},"excerpt":{"rendered":"<p>Uma casa em Passaic que foi vendida por US$ 997.500 est\u00e1 no topo da lista das vendas imobili\u00e1rias residenciais mais caras na \u00e1rea de Passaic entre 22 de julho e&hellip;<\/p>","protected":false},"author":1,"featured_media":21288,"comment_status":"closed","ping_status":"open","sticky":false,"template":"","format":"standard","meta":{"content-type":"","footnotes":""},"categories":[1],"tags":[2476,2639,2166,2691,2284,2621,5596,2618,2613,2594,2626,2637,2640,2678,2628,2683,2649,2631,2634,2686,2684,7067,9802,9801,9800,9799,9798,9797,9796,9795,9794,9793,9792,9791,9790,9789,9788,9787,9786,9785,9784,9783,1294,2177,1298,2863,3903,1338,2667,2184,1325,1317,1310,1307,1288,1290],"class_list":["post-21287","post","type-post","status-publish","format-standard","has-post-thumbnail","hentry","category-uncategorized","tag-palavra-chavearea","tag-palavra-chavearea-de-estar","tag-palavra-chavecasa","tag-palavra-chavecondominio","tag-palavra-chavelista","tag-palavra-chavenegocio","tag-palavra-chavepassaic","tag-palavra-chavepe","tag-palavra-chavepreco","tag-palavra-chavepreocupacao","tag-palavra-chavepropriedade","tag-palavra-chaveproprietario","tag-palavra-chaveproprietarios","tag-palavra-chaverua","tag-palavra-chavesemana","tag-palavra-chavetitulo","tag-palavra-chavetotal","tag-palavra-chavetransferencia","tag-palavra-chavevenda","tag-palavra-chavevenda-de-imoveis","tag-palavra-chavevendas","tag-palavra-chavewallington","tag-9802","tag-9801","tag-9800","tag-9799","tag-9798","tag-9797","tag-9796","tag-9795","tag-9794","tag-9793","tag-9792","tag-9791","tag-9790","tag-9789","tag-9788","tag-9787","tag-9786","tag-9785","tag-9784","tag-9783","tag-etiquetasubstantivo","tag-frequencia10","tag-frequencia12","tag-frequencia16","tag-frequencia18","tag-frequencia2","tag-frequencia23","tag-frequencia3","tag-frequencia4","tag-frequencia5","tag-frequencia6","tag-frequencia7","tag-pontuacao0","tag-tagnome_proprio"],"_links":{"self":[{"href":"https:\/\/tvbrazilusa.com\/pt\/wp-json\/wp\/v2\/posts\/21287","targetHints":{"allow":["GET"]}}],"collection":[{"href":"https:\/\/tvbrazilusa.com\/pt\/wp-json\/wp\/v2\/posts"}],"about":[{"href":"https:\/\/tvbrazilusa.com\/pt\/wp-json\/wp\/v2\/types\/post"}],"author":[{"embeddable":true,"href":"https:\/\/tvbrazilusa.com\/pt\/wp-json\/wp\/v2\/users\/1"}],"replies":[{"embeddable":true,"href":"https:\/\/tvbrazilusa.com\/pt\/wp-json\/wp\/v2\/comments?post=21287"}],"version-history":[{"count":1,"href":"https:\/\/tvbrazilusa.com\/pt\/wp-json\/wp\/v2\/posts\/21287\/revisions"}],"predecessor-version":[{"id":21289,"href":"https:\/\/tvbrazilusa.com\/pt\/wp-json\/wp\/v2\/posts\/21287\/revisions\/21289"}],"wp:featuredmedia":[{"embeddable":true,"href":"https:\/\/tvbrazilusa.com\/pt\/wp-json\/wp\/v2\/media\/21288"}],"wp:attachment":[{"href":"https:\/\/tvbrazilusa.com\/pt\/wp-json\/wp\/v2\/media?parent=21287"}],"wp:term":[{"taxonomy":"category","embeddable":true,"href":"https:\/\/tvbrazilusa.com\/pt\/wp-json\/wp\/v2\/categories?post=21287"},{"taxonomy":"post_tag","embeddable":true,"href":"https:\/\/tvbrazilusa.com\/pt\/wp-json\/wp\/v2\/tags?post=21287"}],"curies":[{"name":"wp","href":"https:\/\/api.w.org\/{rel}","templated":true}]}}