{"id":2129,"date":"2024-07-15T14:53:58","date_gmt":"2024-07-15T14:53:58","guid":{"rendered":"https:\/\/tvbrazilusa.com\/?p=2129"},"modified":"2024-07-15T15:31:12","modified_gmt":"2024-07-15T15:31:12","slug":"apos-ataque-convencao-republicana-confirmara-nomeacao-de-trump-paulo-figueiredo","status":"publish","type":"post","link":"https:\/\/tvbrazilusa.com\/pt\/2024\/07\/15\/apos-ataque-convencao-republicana-confirmara-nomeacao-de-trump-paulo-figueiredo\/","title":{"rendered":"Ap\u00f3s ataque, Conven\u00e7\u00e3o Republicana confirmar\u00e1 nomea\u00e7\u00e3o de Trump \u2013 Paulo Figueiredo"},"content":{"rendered":"<p> <script async src=\"https:\/\/pagead2.googlesyndication.com\/pagead\/js\/adsbygoogle.js?client=ca-pub-8864793242727901\"\r\n     crossorigin=\"anonymous\"><\/script><br \/>\n<\/p>\n<div id=\"wtr-content\" data-bg=\"#FFFFFF\" data-fg=\"#006d91\" data-width=\"25\" data-mute=\"1\" data-fgopacity=\"1.00\" data-mutedopacity=\"0.5\" data-placement=\"bottom\" data-placement-offset=\"0\" data-content-offset=\"262\" data-placement-touch=\"bottom\" data-placement-offset-touch=\"0\" data-transparent=\"\" data-shadow=\"0\" data-touch=\"1\" data-non-touch=\"1\" data-comments=\"0\" data-commentsbg=\"transparent\" data-location=\"page\" data-mutedfg=\"#006d91\" data-endfg=\"#006d91\" data-rtl=\"\">\n<pre class=\"wp-block-preformatted has-small-font-size\"><em>Getty Images<\/em><\/pre>\n<h3 class=\"wp-block-heading\">O evento come\u00e7a nesta 2\u00aa feira (15.jul); Servi\u00e7o Secreto disse que manter\u00e1 plano de seguran\u00e7a elaborado antes do atentado<\/h3>\n<p>Dois dias depois do\u00a0ataque a tiros contra Donald Trump, o Partido Republicano inicia sua Conven\u00e7\u00e3o Nacional nesta 2\u00aa feira (15.jul.2024) no Fiserv Forum, na cidade de Milwaukee, Wisconsin (EUA). Nela, ser\u00e1 realizada a nomea\u00e7\u00e3o oficial do ex-presidente como o candidato da sigla para a corrida presidencial de 5 de novembro.<\/p>\n<p>Preocupa\u00e7\u00f5es com a seguran\u00e7a do evento, que se estende at\u00e9 5\u00aa feira (18.jul), foram levantadas depois do atentado no com\u00edcio de Trump, na Pensilv\u00e2nia. A expectativa era de que o Servi\u00e7o Secreto revisasse o esquema, mas ag\u00eancia norte-americana\u00a0afirmou\u00a0no domingo (14.jul) que permanecer\u00e1 com o plano j\u00e1 desenvolvido.<\/p>\n<p>Em declara\u00e7\u00e3o a jornalistas, a\u00a0coordenadora do Servi\u00e7o Secreto para a conven\u00e7\u00e3o, Audrey Gibson-Cicchino, disse que a confian\u00e7a no atual plano se d\u00e1 porque\u00a0o evento j\u00e1 \u00e9 considerado um NSSE (sigla em ingl\u00eas para\u00a0<em>National Special Security Event<\/em>\u00a0ou Evento Nacional de Seguran\u00e7a Especial, na tradu\u00e7\u00e3o livre).<\/p>\n<p>A designa\u00e7\u00e3o estabelece o n\u00edvel mais alto de prote\u00e7\u00e3o e exige que as ag\u00eancias federais dos EUA forne\u00e7am todo suporte para assegurar a seguran\u00e7a dos participantes.<\/p>\n<p>A expectativa \u00e9 de que mais de 50.000 pessoas compare\u00e7am, incluindo pol\u00edticos e delegados republicanos de todos os 50 Estados norte-americanos. A cerim\u00f4nia tamb\u00e9m atrair\u00e1 a aten\u00e7\u00e3o da m\u00eddia, com jornalistas<em>\u00a0in loco<\/em>.<\/p>\n<h3 class=\"wp-block-heading\">A CONVEN\u00c7\u00c3O<\/h3>\n<p>Durante o evento, os delegados votam no candidato que obteve a maioria dos delegados durante as prim\u00e1rias e\u00a0<em>caucus<\/em>, realizados em cada Estado. Se um candidato alcan\u00e7a mais da metade dos votos dos delegados, ele se torna oficialmente o candidato presidencial do Partido Republicano.<\/p>\n<p>Neste caso, Donald Trump\u00a0conquistou\u00a0<strong>2.268\u00a0<\/strong>delegados, enquanto sua \u00fanica oponente, Nikki Haley, obteve<strong>\u00a097<\/strong>. Durante o evento, esses delegados s\u00e3o obrigados a apoiar o candidato conforme os resultados das elei\u00e7\u00f5es locais.<\/p>\n<p>A maioria dos delegados de Trump\u00a0foram conquistados na S<em>uper Tuesday<\/em>\u00a0(Super 3\u00aa, em tradu\u00e7\u00e3o livre), quando mais de \u2153 dos delegados republicanos estavam em disputa. O dia \u00e9 o mais importante das pr\u00e9vias eleitorais dos partidos Democrata e Republicano.<\/p>\n<p>Espera-se que Trump aceite a nomea\u00e7\u00e3o presidencial com um discurso no \u00faltimo dia da conven\u00e7\u00e3o (18.jul). A expectativa tamb\u00e9m \u00e9 alta para o republicano anunciar seu companheiro de chapa at\u00e9 esta 2\u00aa feira (15.jul). O candidato a vice-presidente est\u00e1 programado para discursar na conven\u00e7\u00e3o na 3\u00aa feira (16.jul).<\/p>\n<p><strong>Veja abaixo os mais cotados:\u00a0<\/strong><\/p>\n<p>A escolha de Milwaukee como cidade-sede para o evento \u00e9 uma estrat\u00e9gia que ressalta a import\u00e2ncia do Estado na elei\u00e7\u00e3o de novembro. A vit\u00f3ria apertada de Joe Biden (Democrata) em 2020 e as pesquisas recentes, que indicam uma disputa acirrada entre ele e Trump, sublinham a posi\u00e7\u00e3o central de Wisconsin no cen\u00e1rio eleitoral.<\/p>\n<p>O evento servir\u00e1 como uma plataforma para apresentar as pol\u00edticas e a vis\u00e3o do Partido Republicano para as elei\u00e7\u00f5es de 2024, abordando temas como economia, preven\u00e7\u00e3o ao crime, imigra\u00e7\u00e3o e pol\u00edtica externa.<\/p>\n<p>A plataforma republicana deste ano, que apresenta formalmente as posi\u00e7\u00f5es pol\u00edticas do partido, reflete a influ\u00eancia de Trump na legenda. Apresenta o slogan Maga (sigla em ingl\u00eas para\u00a0<em>\u201cMake America Great Again\u201d,\u00a0<\/em>slogan usado na campanha de Trump que significa, em portugu\u00eas, \u201cTorne a Am\u00e9rica Grande Novamente\u201d). <\/p>\n<p>Ela defende o direito dos Estados em decis\u00f5es sobre aborto, a constru\u00e7\u00e3o de um escudo nacional de defesa antim\u00edsseis e a implementa\u00e7\u00e3o do que est\u00e1 sendo chamado de\u00a0<em>\u201cmaior esfor\u00e7o de deporta\u00e7\u00e3o na hist\u00f3ria norte-americana\u201d<\/em>.<\/p>\n<p>J\u00e1 os democratas est\u00e3o se preparando para sua conven\u00e7\u00e3o na cidade de Chicago, em Illinois, de 19 a 22 de agosto de 2024.<\/p>\n<p>Com o\u00a0desempenho ruim de Biden\u00a0no 1\u00ba debate contra Trump em 27 de junho, a Conven\u00e7\u00e3o Nacional Democrata ser\u00e1 igualmente crucial para definir o tom dos \u00faltimos meses da campanha eleitoral do partido.<\/p>\n<p>A\u00a0press\u00e3o para o democrata\u00a0desistir da disputa cresce. Biden, de 81 anos, \u00e9 o chefe do Executivo norte-americano mais velho a comandar a Casa Branca. A idade avan\u00e7ada, juntamente com as d\u00favidas acerca de sua capacidade cognitiva e mental, preocupa apoiadores.<\/p>\n<p>Para os republicanos, a fragilidade pode ser o trunfo necess\u00e1rio para conquistar o pleito de novembro.<\/p>\n<h3 class=\"wp-block-heading\">VOTO N\u00c3O OBRIGAT\u00d3RIO<\/h3>\n<p>Nos EUA, ningu\u00e9m \u00e9 obrigado por lei a votar em qualquer elei\u00e7\u00e3o local, estadual ou presidencial. Segundo a Constitui\u00e7\u00e3o, votar \u00e9 um direito, mas n\u00e3o \u00e9 um requisito.<\/p>\n<h3 class=\"wp-block-heading\">COL\u00c9GIO ELEITORAL<\/h3>\n<p>O presidente e o vice-presidente dos EUA s\u00e3o eleitos indiretamente pelo Col\u00e9gio Eleitoral. Cada Estado tem o mesmo n\u00famero de delegados que cadeiras no Congresso (C\u00e2mara dos Deputados e Senado). S\u00e3o 538 delegados.<\/p>\n<p>Depois de votar para presidente, o voto \u00e9 contabilizado ao n\u00edvel estadual. Em 48 estados e em Washington, D.C. o vencedor recebe todos os votos eleitorais daquele Estado. Maine e Nebraska atribuem seus eleitores usando um sistema proporcional.<\/p>\n<p>Um candidato precisa do voto de pelo menos 270 delegados \u2013mais da metade do total\u2013 para vencer a elei\u00e7\u00e3o presidencial.<\/p>\n<p>Geralmente, um vencedor projetado \u00e9 anunciado na noite da elei\u00e7\u00e3o em novembro. No entanto, a vota\u00e7\u00e3o oficial do Col\u00e9gio Eleitoral \u00e9 realizada em meados de dezembro, quando os delegados se encontram.<\/p>\n<p>A diploma\u00e7\u00e3o do resultado ser\u00e1 em 6 de janeiro de 2025. A posse, em 20 de janeiro.<\/p>\n<div class=\"wp-block-image\">\n<figure class=\"aligncenter size-large is-resized\"><\/figure>\n<\/div>\n<p><strong><a rel=\"nofollow noopener\" target=\"_blank\" href=\"https:\/\/www.poder360.com.br\/internacional\/convencao-republicana-confirmara-trump-como-candidato-em-2024\/\">Source link<\/a><\/strong><\/p>\n<\/div>\n<p><br \/>\n<br \/><a href=\"https:\/\/tvfloridausa.com\/2024\/07\/15\/apos-ataque-convencao-republicana-confirmara-nomeacao-de-trump-paulo-figueiredo\/\">Source link <\/a><\/p>","protected":false},"excerpt":{"rendered":"<p>Getty Images O evento come\u00e7a nesta 2\u00aa feira (15.jul); Servi\u00e7o Secreto disse que manter\u00e1 plano de seguran\u00e7a elaborado antes do atentado Dois dias depois do\u00a0ataque a tiros contra Donald Trump,&hellip;<\/p>","protected":false},"author":1,"featured_media":2130,"comment_status":"closed","ping_status":"open","sticky":false,"template":"","format":"standard","meta":{"content-type":"","footnotes":""},"categories":[22],"tags":[],"class_list":["post-2129","post","type-post","status-publish","format-standard","has-post-thumbnail","hentry","category-tv-florida-usa"],"_links":{"self":[{"href":"https:\/\/tvbrazilusa.com\/pt\/wp-json\/wp\/v2\/posts\/2129","targetHints":{"allow":["GET"]}}],"collection":[{"href":"https:\/\/tvbrazilusa.com\/pt\/wp-json\/wp\/v2\/posts"}],"about":[{"href":"https:\/\/tvbrazilusa.com\/pt\/wp-json\/wp\/v2\/types\/post"}],"author":[{"embeddable":true,"href":"https:\/\/tvbrazilusa.com\/pt\/wp-json\/wp\/v2\/users\/1"}],"replies":[{"embeddable":true,"href":"https:\/\/tvbrazilusa.com\/pt\/wp-json\/wp\/v2\/comments?post=2129"}],"version-history":[{"count":1,"href":"https:\/\/tvbrazilusa.com\/pt\/wp-json\/wp\/v2\/posts\/2129\/revisions"}],"predecessor-version":[{"id":2131,"href":"https:\/\/tvbrazilusa.com\/pt\/wp-json\/wp\/v2\/posts\/2129\/revisions\/2131"}],"wp:featuredmedia":[{"embeddable":true,"href":"https:\/\/tvbrazilusa.com\/pt\/wp-json\/wp\/v2\/media\/2130"}],"wp:attachment":[{"href":"https:\/\/tvbrazilusa.com\/pt\/wp-json\/wp\/v2\/media?parent=2129"}],"wp:term":[{"taxonomy":"category","embeddable":true,"href":"https:\/\/tvbrazilusa.com\/pt\/wp-json\/wp\/v2\/categories?post=2129"},{"taxonomy":"post_tag","embeddable":true,"href":"https:\/\/tvbrazilusa.com\/pt\/wp-json\/wp\/v2\/tags?post=2129"}],"curies":[{"name":"wp","href":"https:\/\/api.w.org\/{rel}","templated":true}]}}