{"id":21290,"date":"2024-08-10T04:08:14","date_gmt":"2024-08-10T04:08:14","guid":{"rendered":"https:\/\/tvbrazilusa.com\/2024\/08\/10\/autoridades-brasileiras-investigam-a-causa-do-acidente-aereo-que-matou-61-pessoas\/"},"modified":"2024-08-10T05:04:19","modified_gmt":"2024-08-10T05:04:19","slug":"autoridades-brasileiras-investigam-a-causa-do-acidente-aereo-que-matou-61-pessoas","status":"publish","type":"post","link":"https:\/\/tvbrazilusa.com\/pt\/2024\/08\/10\/autoridades-brasileiras-investigam-a-causa-do-acidente-aereo-que-matou-61-pessoas\/","title":{"rendered":"Autoridades brasileiras investigam a causa do acidente a\u00e9reo que matou 61 pessoas"},"content":{"rendered":"<script async src=\"https:\/\/pagead2.googlesyndication.com\/pagead\/js\/adsbygoogle.js?client=ca-pub-8864793242727901\"\r\n     crossorigin=\"anonymous\"><\/script>\n<div id=\"\">\n<p class=\"dist__Box-sc-1fnzlkn-0 dist__TextBase-sc-1fnzlkn-3 CGHCP htMUPQ article-text\"><strong>VINHEDO<\/strong> \u2013 As autoridades brasileiras trabalharam no s\u00e1bado para descobrir o que exatamente causou a queda do avi\u00e3o no estado de S\u00e3o Paulo no dia anterior. <a href=\"https:\/\/apnews.com\/article\/brazil-plane-crash-sao-paulo-394427322513643f4eaf517e4ac4c85e\">matou todas as 61 pessoas a bordo<\/a>.<\/p>\n<p class=\"dist__Box-sc-1fnzlkn-0 dist__TextBase-sc-1fnzlkn-3 CGHCP htMUPQ article-text\">O avi\u00e3o da companhia a\u00e9rea local Voepass, um turbo\u00e9lice bimotor ATR 72, estava a caminho <a href=\"https:\/\/apnews.com\/hub\/sao-paulo\">S\u00e3o Paulo<\/a> aeroporto internacional de Guarulhos com 57 passageiros e 4 tripulantes quando caiu na cidade de Vinhedo. <\/p>\n<p class=\"dist__Box-sc-1fnzlkn-0 dist__TextBase-sc-1fnzlkn-3 CGHCP htMUPQ article-text\"><a href=\"https:\/\/apnews.com\/video\/plane-crashes-sao-paulo-brazil-international-9b5c7423f8ec4842b01e89740586c588\">Imagens registradas por testemunhas<\/a> mostrou a aeronave em um giro plano e mergulhando verticalmente antes de se espatifando no ch\u00e3o dentro de uma comunidade fechada, e deixando uma fuselagem obliterada consumida pelo fogo. Moradores disseram que n\u00e3o houve feridos no solo.<\/p>\n<p class=\"dist__Box-sc-1fnzlkn-0 dist__TextBase-sc-1fnzlkn-3 CGHCP htMUPQ article-text\">A chuva ca\u00eda sobre os socorristas enquanto eles recuperavam os primeiros corpos da cena no frio do inverno do hemisf\u00e9rio sul. Alguns moradores do condom\u00ednio sa\u00edram silenciosamente para passar a noite em outro lugar.<\/p>\n<p class=\"dist__Box-sc-1fnzlkn-0 dist__TextBase-sc-1fnzlkn-3 CGHCP htMUPQ article-text\">Foi o acidente a\u00e9reo mais mortal do mundo desde janeiro de 2023, quando 72 pessoas morreram a bordo de um avi\u00e3o da Yeti Airlines no Nepal. <a href=\"https:\/\/apnews.com\/article\/nepal-business-accidents-c075568ac6b1760e1c7d10d80253bac8\">parou e caiu durante a aproxima\u00e7\u00e3o para pouso<\/a>. Aquele avi\u00e3o tamb\u00e9m era um ATR 72, e o relat\u00f3rio final culpou erro do piloto.<\/p>\n<p class=\"dist__Box-sc-1fnzlkn-0 dist__TextBase-sc-1fnzlkn-3 CGHCP htMUPQ article-text\">Uma reportagem de sexta-feira do centro meteorol\u00f3gico da rede de televis\u00e3o brasileira Globo disse que &#8220;confirmou a possibilidade de forma\u00e7\u00e3o de gelo na regi\u00e3o de Vinhedo&#8221;, e a m\u00eddia local citou especialistas apontando a forma\u00e7\u00e3o de gelo como uma causa potencial para o acidente.<\/p>\n<p class=\"dist__Box-sc-1fnzlkn-0 dist__TextBase-sc-1fnzlkn-3 CGHCP htMUPQ article-text\">Um American Eagle ATR 72-200 caiu em 31 de outubro de 1994, e o National Transportation Safety Board dos Estados Unidos determinou que a causa prov\u00e1vel foi o ac\u00famulo de gelo enquanto o avi\u00e3o estava circulando em um padr\u00e3o de espera. O avi\u00e3o rolou a cerca de 8.000 p\u00e9s e mergulhou no ch\u00e3o, matando todas as 68 pessoas a bordo. A Administra\u00e7\u00e3o Federal de Avia\u00e7\u00e3o dos EUA emitiu procedimentos operacionais para ATRs e avi\u00f5es semelhantes, dizendo aos pilotos para n\u00e3o usarem o piloto autom\u00e1tico em condi\u00e7\u00f5es de gelo.<\/p>\n<p class=\"dist__Box-sc-1fnzlkn-0 dist__TextBase-sc-1fnzlkn-3 CGHCP htMUPQ article-text\">Mas o especialista em avia\u00e7\u00e3o brasileiro Lito Sousa alertou que as condi\u00e7\u00f5es meteorol\u00f3gicas por si s\u00f3 podem n\u00e3o ser suficientes para explicar por que o avi\u00e3o caiu da maneira que aconteceu na sexta-feira.<\/p>\n<p class=\"dist__Box-sc-1fnzlkn-0 dist__TextBase-sc-1fnzlkn-3 CGHCP htMUPQ article-text\">\u201cAnalisar um acidente a\u00e9reo apenas com imagens pode levar a conclus\u00f5es erradas sobre as causas\u201d, Sousa disse \u00e0 AP por telefone. \u201cMas podemos ver um avi\u00e3o com perda de sustenta\u00e7\u00e3o, sem velocidade horizontal. Nessa condi\u00e7\u00e3o de rota\u00e7\u00e3o plana, n\u00e3o h\u00e1 como retomar o controle do avi\u00e3o.\u201d <\/p>\n<p class=\"dist__Box-sc-1fnzlkn-0 dist__TextBase-sc-1fnzlkn-3 CGHCP htMUPQ article-text\">Em declara\u00e7\u00f5es a rep\u00f3rteres na sexta-feira em Vinhedo, o secret\u00e1rio de Seguran\u00e7a P\u00fablica de S\u00e3o Paulo, Guilherme Derrite, disse que a caixa-preta do avi\u00e3o foi recuperada, aparentemente em estado de conserva\u00e7\u00e3o.<\/p>\n<p class=\"dist__Box-sc-1fnzlkn-0 dist__TextBase-sc-1fnzlkn-3 CGHCP htMUPQ article-text\">Marcelo Moura, diretor de opera\u00e7\u00f5es da Voepass, disse aos rep\u00f3rteres na sexta-feira \u00e0 noite que, embora houvesse previs\u00f5es de gelo, elas estavam dentro de n\u00edveis aceit\u00e1veis \u200b\u200bpara a aeronave.<\/p>\n<p class=\"dist__Box-sc-1fnzlkn-0 dist__TextBase-sc-1fnzlkn-3 CGHCP htMUPQ article-text\">Da mesma forma, o tenente-coronel Carlos Henrique Baldi, do centro de investiga\u00e7\u00e3o e preven\u00e7\u00e3o de acidentes a\u00e9reos da For\u00e7a A\u00e9rea Brasileira, disse a rep\u00f3rteres em uma entrevista coletiva no final da tarde que ainda \u00e9 muito cedo para confirmar se o gelo causou o acidente.<\/p>\n<p class=\"dist__Box-sc-1fnzlkn-0 dist__TextBase-sc-1fnzlkn-3 CGHCP htMUPQ article-text\">O avi\u00e3o \u00e9 \u201ccertificado em v\u00e1rios pa\u00edses para voar em condi\u00e7\u00f5es severas de gelo, inclusive em pa\u00edses diferentes do nosso, onde o impacto do gelo \u00e9 mais significativo\u201d, disse Baldi, que chefia a divis\u00e3o de investiga\u00e7\u00e3o do centro.<\/p>\n<p class=\"dist__Box-sc-1fnzlkn-0 dist__TextBase-sc-1fnzlkn-3 CGHCP htMUPQ article-text\">Em uma declara\u00e7\u00e3o anterior, o centro disse que os pilotos do avi\u00e3o n\u00e3o pediram ajuda nem disseram que estavam operando em condi\u00e7\u00f5es clim\u00e1ticas adversas. Tamb\u00e9m n\u00e3o h\u00e1 evid\u00eancias de que os pilotos tentaram contatar controladores de aeroportos regionais, disse o ministro de Portos e Aeroportos, Silvio Costa Filho, a rep\u00f3rteres na sexta-feira \u00e0 noite em Vinhedo.<\/p>\n<p class=\"dist__Box-sc-1fnzlkn-0 dist__TextBase-sc-1fnzlkn-3 CGHCP htMUPQ article-text\">A Pol\u00edcia Federal do Brasil iniciou sua pr\u00f3pria investiga\u00e7\u00e3o e enviou especialistas em acidentes a\u00e9reos e identifica\u00e7\u00e3o de v\u00edtimas de desastres, informou em um comunicado.<\/p>\n<p class=\"dist__Box-sc-1fnzlkn-0 dist__TextBase-sc-1fnzlkn-3 CGHCP htMUPQ article-text\">A fabricante franco-italiana de avi\u00f5es ATR disse em um comunicado que foi informada de que o acidente envolveu seu modelo ATR 72-500 e que os especialistas da empresa est\u00e3o &#8220;totalmente engajados para dar suporte tanto \u00e0 investiga\u00e7\u00e3o quanto ao cliente&#8221;.<\/p>\n<p class=\"dist__Box-sc-1fnzlkn-0 dist__TextBase-sc-1fnzlkn-3 CGHCP htMUPQ article-text\">O ATR 72 geralmente \u00e9 usado em voos mais curtos. Os avi\u00f5es s\u00e3o constru\u00eddos por uma joint venture da Airbus na Fran\u00e7a e da Leonardo SpA da It\u00e1lia <\/p>\n<p class=\"dist__Box-sc-1fnzlkn-0 dist__TextBase-sc-1fnzlkn-3 CGHCP htMUPQ article-text\">Acidentes envolvendo v\u00e1rios modelos do ATR 72 resultaram em 470 mortes desde a d\u00e9cada de 1990, de acordo com um relat\u00f3rio <a href=\"https:\/\/asn.flightsafety.org\/database\/types\/ATR-72\/index\">banco de dados da Rede de Seguran\u00e7a da Avia\u00e7\u00e3o<\/a>.<\/p>\n<p class=\"dist__Box-sc-1fnzlkn-0 dist__TextBase-sc-1fnzlkn-3 CGHCP htMUPQ article-text\">As autoridades brasileiras come\u00e7aram a transferir os corpos para o necrot\u00e9rio na sexta-feira e pediram aos familiares das v\u00edtimas que trouxessem quaisquer exames m\u00e9dicos, de raio-X e odontol\u00f3gicos para ajudar a identificar os corpos. Exames de sangue tamb\u00e9m foram feitos para ajudar nos esfor\u00e7os de identifica\u00e7\u00e3o.<\/p>\n<p class=\"dist__Box-sc-1fnzlkn-0 dist__TextBase-sc-1fnzlkn-3 CGHCP htMUPQ article-text\">Costa Filho, ministro dos Aeroportos, disse que o centro da For\u00e7a A\u00e9rea tamb\u00e9m realizar\u00e1 uma investiga\u00e7\u00e3o criminal sobre o acidente. <\/p>\n<p class=\"dist__Box-sc-1fnzlkn-0 dist__TextBase-sc-1fnzlkn-3 CGHCP htMUPQ article-text\">\u201cVamos investigar para que esse caso seja esclarecido integralmente ao povo brasileiro\u201d, disse ele.<\/p>\n<p class=\"dist__Box-sc-1fnzlkn-0 dist__TextBase-sc-1fnzlkn-3 CGHCP htMUPQ article-text\">___<\/p>\n<p class=\"dist__Box-sc-1fnzlkn-0 dist__TextBase-sc-1fnzlkn-3 CGHCP htMUPQ article-text\">S\u00e1 Pessoa reportou de S\u00e3o Paulo e Koenig de Dallas.<\/p>\n<\/div>\n<p>Copyright 2024 The Associated Press. Todos os direitos reservados. Este material n\u00e3o pode ser publicado, transmitido, reescrito ou redistribu\u00eddo sem permiss\u00e3o.<\/p>\n<p><br \/>\n<br \/><a href=\"https:\/\/www.clickorlando.com\/news\/world\/2024\/08\/10\/brazilian-authorities-are-investigating-the-cause-of-the-fiery-plane-crash-that-killed-61\/\">Source link <\/a><\/p>","protected":false},"excerpt":{"rendered":"<p>VINHEDO \u2013 As autoridades brasileiras trabalharam no s\u00e1bado para descobrir o que exatamente causou a queda do avi\u00e3o no estado de S\u00e3o Paulo no dia anterior. matou todas as 61&hellip;<\/p>","protected":false},"author":1,"featured_media":21291,"comment_status":"closed","ping_status":"open","sticky":false,"template":"","format":"standard","meta":{"content-type":"","footnotes":""},"categories":[1],"tags":[1223,1419],"class_list":["post-21290","post","type-post","status-publish","format-standard","has-post-thumbnail","hentry","category-uncategorized","tag-negocios","tag-noticias-do-mundo"],"_links":{"self":[{"href":"https:\/\/tvbrazilusa.com\/pt\/wp-json\/wp\/v2\/posts\/21290","targetHints":{"allow":["GET"]}}],"collection":[{"href":"https:\/\/tvbrazilusa.com\/pt\/wp-json\/wp\/v2\/posts"}],"about":[{"href":"https:\/\/tvbrazilusa.com\/pt\/wp-json\/wp\/v2\/types\/post"}],"author":[{"embeddable":true,"href":"https:\/\/tvbrazilusa.com\/pt\/wp-json\/wp\/v2\/users\/1"}],"replies":[{"embeddable":true,"href":"https:\/\/tvbrazilusa.com\/pt\/wp-json\/wp\/v2\/comments?post=21290"}],"version-history":[{"count":1,"href":"https:\/\/tvbrazilusa.com\/pt\/wp-json\/wp\/v2\/posts\/21290\/revisions"}],"predecessor-version":[{"id":21292,"href":"https:\/\/tvbrazilusa.com\/pt\/wp-json\/wp\/v2\/posts\/21290\/revisions\/21292"}],"wp:featuredmedia":[{"embeddable":true,"href":"https:\/\/tvbrazilusa.com\/pt\/wp-json\/wp\/v2\/media\/21291"}],"wp:attachment":[{"href":"https:\/\/tvbrazilusa.com\/pt\/wp-json\/wp\/v2\/media?parent=21290"}],"wp:term":[{"taxonomy":"category","embeddable":true,"href":"https:\/\/tvbrazilusa.com\/pt\/wp-json\/wp\/v2\/categories?post=21290"},{"taxonomy":"post_tag","embeddable":true,"href":"https:\/\/tvbrazilusa.com\/pt\/wp-json\/wp\/v2\/tags?post=21290"}],"curies":[{"name":"wp","href":"https:\/\/api.w.org\/{rel}","templated":true}]}}