{"id":21343,"date":"2024-08-10T10:01:51","date_gmt":"2024-08-10T10:01:51","guid":{"rendered":"https:\/\/tvbrazilusa.com\/2024\/08\/10\/fatima-de-tubarao-e-condenada-a-17-anos-de-prisao-pelo-stf\/"},"modified":"2024-08-10T10:03:32","modified_gmt":"2024-08-10T10:03:32","slug":"fatima-de-tubarao-e-condenada-a-17-anos-de-prisao-pelo-stf","status":"publish","type":"post","link":"https:\/\/tvbrazilusa.com\/pt\/2024\/08\/10\/fatima-de-tubarao-e-condenada-a-17-anos-de-prisao-pelo-stf\/","title":{"rendered":"\u201cF\u00e1tima de Tubar\u00e3o\u201d \u00e9 condenada a 17 anos de pris\u00e3o pelo STF"},"content":{"rendered":"<p> <script async src=\"https:\/\/pagead2.googlesyndication.com\/pagead\/js\/adsbygoogle.js?client=ca-pub-8864793242727901\"\r\n     crossorigin=\"anonymous\"><\/script><br \/>\n<\/p>\n<div>\n<p>Foto: Reprodu\u00e7\u00e3o.<\/p>\n<p>O Supremo Tribunal Federal (STF) determinou uma senten\u00e7a de 17 anos de pris\u00e3o para Maria de F\u00e1tima Mendon\u00e7a Jacinto, conhecida como \u201cF\u00e1tima de Tubar\u00e3o\u201d, devido aos atos ocorridos no dia 8 de janeiro de 2023. O julgamento foi conclu\u00eddo no plen\u00e1rio virtual nesta sexta-feira, causando grande repercuss\u00e3o nacional.<\/p>\n<p>A decis\u00e3o foi proferida seguindo o posicionamento do relator do caso, ministro Alexandre de Moraes, que n\u00e3o somente votou pela pris\u00e3o, mas tamb\u00e9m pelo pagamento de uma indeniza\u00e7\u00e3o de R$ 30 milh\u00f5es. O voto de Moraes foi acompanhado pelos ministros Fl\u00e1vio Dino, C\u00e1rmen L\u00facia, Dias Toffoli, Gilmar Mendes e Luiz Fux.<\/p>\n<h2 class=\"wp-block-heading\">Condena\u00e7\u00e3o de F\u00e1tima de Tubar\u00e3o<\/h2>\n<p>F\u00e1tima de Tubar\u00e3o foi julgada pela Procuradoria-Geral da Rep\u00fablica (PGR) por cinco crimes: aboli\u00e7\u00e3o violenta do Estado Democr\u00e1tico de Direito, golpe de Estado, associa\u00e7\u00e3o criminosa armada, dano qualificado e deteriora\u00e7\u00e3o de patrim\u00f4nio tombado. A decis\u00e3o encerra um cap\u00edtulo importante relacionado aos eventos antidemocr\u00e1ticos.<\/p>\n<p>A condena\u00e7\u00e3o de F\u00e1tima refor\u00e7a a postura do STF em rela\u00e7\u00e3o \u00e0 defesa das institui\u00e7\u00f5es democr\u00e1ticas e do Estado de Direito. Durante o processo, foram revelados detalhes sobre sua participa\u00e7\u00e3o ativa nos atos de julho, o que pesou significativamente na delibera\u00e7\u00e3o final.<\/p>\n<figure class=\"wp-block-image size-large\"><picture decoding=\"async\" class=\"wp-image-171248\"><source type=\"image\/webp\" srcset=\"https:\/\/terrabrasilnoticias.com\/wp-content\/uploads\/2024\/08\/image-289-1024x574.png.webp 1024w, https:\/\/terrabrasilnoticias.com\/wp-content\/uploads\/2024\/08\/image-289-300x168.png.webp 300w, https:\/\/terrabrasilnoticias.com\/wp-content\/uploads\/2024\/08\/image-289-768x431.png.webp 768w, https:\/\/terrabrasilnoticias.com\/wp-content\/uploads\/2024\/08\/image-289-750x421.png.webp 750w, https:\/\/terrabrasilnoticias.com\/wp-content\/uploads\/2024\/08\/image-289-1140x639.png.webp 1140w, https:\/\/terrabrasilnoticias.com\/wp-content\/uploads\/2024\/08\/image-289.png.webp 1280w\" sizes=\"(max-width: 1024px) 100vw, 1024px\"\/><\/picture>\n<\/figure>\n<h2 class=\"wp-block-heading\">Como foi a vota\u00e7\u00e3o no STF?<\/h2>\n<p>Embora houve unanimidade quanto \u00e0 culpa de F\u00e1tima, os ministros divergiram sobre a quantidade de pena a ser aplicada. Enquanto Alexandre de Moraes e outros ministros mantiveram a puni\u00e7\u00e3o de 17 anos, outros magistrados sugeriram penas diferentes:<\/p>\n<ul class=\"wp-block-list\">\n<li>Ministro Cristiano Zanin e Edson Fachin: condena\u00e7\u00e3o com penas variantes<\/li>\n<li>Ministro Nunes Marques: prop\u00f4s 2 anos e 6 meses de pris\u00e3o<\/li>\n<li>Ministro Andr\u00e9 Mendon\u00e7a: sugeriu 5 anos de reclus\u00e3o<\/li>\n<li>Presidente do STF, Lu\u00eds Roberto Barroso: pena de 11 anos e 6 meses por quatro crimes, excluindo o delito de aboli\u00e7\u00e3o violenta do Estado Democr\u00e1tico de Direito<\/li>\n<\/ul>\n<p>A diferen\u00e7a de posi\u00e7\u00f5es entre os ministros reflete a complexidade e a gravidade das acusa\u00e7\u00f5es.<\/p>\n<h2 class=\"wp-block-heading\">Qual o impacto dessa condena\u00e7\u00e3o?<\/h2>\n<p>A Pol\u00edcia Federal apresentou evid\u00eancias contundentes contra F\u00e1tima, incluindo um v\u00eddeo gravado no dia 8 de janeiro onde ela afirmava ser necess\u00e1rio \u201climpar geral\u201d, referindo-se \u00e0 remo\u00e7\u00e3o do presidente Luiz In\u00e1cio Lula da Silva e do vice-presidente Geraldo Alckmin.<\/p>\n<p>Em mensagens posteriores aos atos, F\u00e1tima mostrava-se desafiadora, identificando-se como integrante do \u201cpelot\u00e3o de frente\u201d nos ataques aos Tr\u00eas Poderes, incluindo a resid\u00eancia do ministro Alexandre de Moraes.<\/p>\n<p>Os acontecimentos e as mensagens de F\u00e1tima consolidaram a necessidade de uma investiga\u00e7\u00e3o profunda e uma resposta jur\u00eddica \u00e0 altura dos crimes praticados. Sua condena\u00e7\u00e3o serve de exemplo sobre as consequ\u00eancias de atos contra a democracia.<\/p>\n<h2 class=\"wp-block-heading\">O que acontece a seguir?<\/h2>\n<p>Com a decis\u00e3o tomada, cabe agora aos \u00f3rg\u00e3os respons\u00e1veis a execu\u00e7\u00e3o da senten\u00e7a. O caso de F\u00e1tima de Tubar\u00e3o ser\u00e1 lembrado como um marco na luta contra delitos que atentam ao Estado Democr\u00e1tico de Direito no Brasil.<\/p>\n<p>A condena\u00e7\u00e3o de Maria de F\u00e1tima Mendon\u00e7a Jacinto demonstra o compromisso do STF com a preserva\u00e7\u00e3o da ordem democr\u00e1tica e envia uma mensagem clara sobre a seriedade com que as institui\u00e7\u00f5es brasileiras tratam amea\u00e7as contra o pa\u00eds.<\/p>\n<\/p><\/div>\n<p><br \/>\n<br \/><a href=\"https:\/\/terrabrasilnoticias.com\/2024\/08\/fatima-de-tubarao-e-condenada-a-17-anos-de-prisao-pelo-stf\/\">Source link <\/a><\/p>","protected":false},"excerpt":{"rendered":"<p>Foto: Reprodu\u00e7\u00e3o. O Supremo Tribunal Federal (STF) determinou uma senten\u00e7a de 17 anos de pris\u00e3o para Maria de F\u00e1tima Mendon\u00e7a Jacinto, conhecida como \u201cF\u00e1tima de Tubar\u00e3o\u201d, devido aos atos ocorridos&hellip;<\/p>","protected":false},"author":1,"featured_media":21344,"comment_status":"closed","ping_status":"open","sticky":false,"template":"","format":"standard","meta":{"content-type":"","footnotes":""},"categories":[16],"tags":[],"class_list":["post-21343","post","type-post","status-publish","format-standard","has-post-thumbnail","hentry","category-noticias"],"_links":{"self":[{"href":"https:\/\/tvbrazilusa.com\/pt\/wp-json\/wp\/v2\/posts\/21343","targetHints":{"allow":["GET"]}}],"collection":[{"href":"https:\/\/tvbrazilusa.com\/pt\/wp-json\/wp\/v2\/posts"}],"about":[{"href":"https:\/\/tvbrazilusa.com\/pt\/wp-json\/wp\/v2\/types\/post"}],"author":[{"embeddable":true,"href":"https:\/\/tvbrazilusa.com\/pt\/wp-json\/wp\/v2\/users\/1"}],"replies":[{"embeddable":true,"href":"https:\/\/tvbrazilusa.com\/pt\/wp-json\/wp\/v2\/comments?post=21343"}],"version-history":[{"count":1,"href":"https:\/\/tvbrazilusa.com\/pt\/wp-json\/wp\/v2\/posts\/21343\/revisions"}],"predecessor-version":[{"id":21345,"href":"https:\/\/tvbrazilusa.com\/pt\/wp-json\/wp\/v2\/posts\/21343\/revisions\/21345"}],"wp:featuredmedia":[{"embeddable":true,"href":"https:\/\/tvbrazilusa.com\/pt\/wp-json\/wp\/v2\/media\/21344"}],"wp:attachment":[{"href":"https:\/\/tvbrazilusa.com\/pt\/wp-json\/wp\/v2\/media?parent=21343"}],"wp:term":[{"taxonomy":"category","embeddable":true,"href":"https:\/\/tvbrazilusa.com\/pt\/wp-json\/wp\/v2\/categories?post=21343"},{"taxonomy":"post_tag","embeddable":true,"href":"https:\/\/tvbrazilusa.com\/pt\/wp-json\/wp\/v2\/tags?post=21343"}],"curies":[{"name":"wp","href":"https:\/\/api.w.org\/{rel}","templated":true}]}}