{"id":21349,"date":"2024-08-10T10:10:33","date_gmt":"2024-08-10T10:10:33","guid":{"rendered":"https:\/\/tvbrazilusa.com\/2024\/08\/10\/primeiros-corpos-sao-retirados-dos-escombros-veja-como-foi-a-madrugada-no-local-do-acidente-aereo-de-vinhedo\/"},"modified":"2024-08-10T10:17:19","modified_gmt":"2024-08-10T10:17:19","slug":"primeiros-corpos-sao-retirados-dos-escombros-veja-como-foi-a-madrugada-no-local-do-acidente-aereo-de-vinhedo","status":"publish","type":"post","link":"https:\/\/tvbrazilusa.com\/pt\/2024\/08\/10\/primeiros-corpos-sao-retirados-dos-escombros-veja-como-foi-a-madrugada-no-local-do-acidente-aereo-de-vinhedo\/","title":{"rendered":"Primeiros corpos s\u00e3o retirados dos escombros: Veja como foi a madrugada no local do acidente a\u00e9reo de Vinhedo"},"content":{"rendered":"<p> <script async src=\"https:\/\/pagead2.googlesyndication.com\/pagead\/js\/adsbygoogle.js?client=ca-pub-8864793242727901\"\r\n     crossorigin=\"anonymous\"><\/script><br \/>\n<\/p>\n<div>\n<p>Foto: Reprodu\u00e7\u00e3o.<\/p>\n<p>Em um triste e tr\u00e1gico acontecimento, 61 pessoas perderam a vida em um desastre a\u00e9reo em Vinhedo, interior de S\u00e3o Paulo. Esse \u00e9 o maior incidente do tipo no pa\u00eds em termos de n\u00famero de v\u00edtimas desde o ano de 2007. As autoridades est\u00e3o mobilizadas e trabalhando incansavelmente para esclarecer as causas do acidente.<\/p>\n<p>O Instituto M\u00e9dico Legal (IML) j\u00e1 est\u00e1 encarregado dos corpos, que ser\u00e3o levados para a capital paulista. At\u00e9 o momento, parte deles foi retirada dos escombros, mas ainda permanecem no local. O acidente foi um grande choque para a comunidade local, que ainda tenta entender o que aconteceu.<\/p>\n<h2 class=\"wp-block-heading\">Causas do desastre a\u00e9reo em Vinhedo<\/h2>\n<p>Um gabinete de crise foi criado no local, composto por membros da Pol\u00edcia Federal, Militar, Civil, al\u00e9m do Corpo de Bombeiros e representantes da companhia a\u00e9rea VOEPASS. A tecnologia de scanner 3D est\u00e1 sendo utilizada para acelerar o processo de identifica\u00e7\u00e3o dos corpos. O superintendente da Pol\u00edcia Federal, Rodrigo Sanfurgo, afirmou que a investiga\u00e7\u00e3o visa entender a din\u00e2mica do desastre e solucionar o caso o mais r\u00e1pido poss\u00edvel.<\/p>\n<h2 class=\"wp-block-heading\">Cronologia do acidente<\/h2>\n<p>Entenda, passo a passo, como tudo aconteceu:<\/p>\n<ul class=\"wp-block-list\">\n<li>A aeronave decolou \u00e0s 11h46 e seguiu tranquila at\u00e9 12h20.<\/li>\n<li>\u00c0s 12h23, o avi\u00e3o atingiu 5 mil metros de altitude e manteve-se nessa altura at\u00e9 as 13h21.<\/li>\n<li>A partir desse momento, come\u00e7ou a perder altitude rapidamente, realizando uma curva brusca.<\/li>\n<li>Segundo a For\u00e7a A\u00e9rea Brasileira (FAB), a aeronave parou de responder \u00e0s chamadas do Controle de Aproxima\u00e7\u00e3o de S\u00e3o Paulo \u00e0s 13h21.<\/li>\n<li>\u00c0s 13h22, a altitude era de 1.250 metros, uma queda de 4 mil metros, a uma velocidade de 440 km\/h.<\/li>\n<li>O \u2018Salvaero\u2019 foi acionado \u00e0s 13h26 e encontrou a aeronave j\u00e1 acidentada dentro de um condom\u00ednio.<\/li>\n<\/ul>\n<figure class=\"wp-block-image size-large\"><picture decoding=\"async\" class=\"wp-image-171255\"><source type=\"image\/webp\" srcset=\"https:\/\/terrabrasilnoticias.com\/wp-content\/uploads\/2024\/08\/image-291-1024x768.png.webp 1024w, https:\/\/terrabrasilnoticias.com\/wp-content\/uploads\/2024\/08\/image-291-300x225.png.webp 300w, https:\/\/terrabrasilnoticias.com\/wp-content\/uploads\/2024\/08\/image-291-768x576.png.webp 768w, https:\/\/terrabrasilnoticias.com\/wp-content\/uploads\/2024\/08\/image-291-750x563.png.webp 750w, https:\/\/terrabrasilnoticias.com\/wp-content\/uploads\/2024\/08\/image-291-1140x855.png.webp 1140w, https:\/\/terrabrasilnoticias.com\/wp-content\/uploads\/2024\/08\/image-291.png.webp 1200w\" sizes=\"(max-width: 1024px) 100vw, 1024px\"\/><\/picture>\n<\/figure>\n<h2 class=\"wp-block-heading\">Pr\u00f3ximos passos das autoridades<\/h2>\n<p>Em rela\u00e7\u00e3o \u00e0s v\u00edtimas, a Prefeitura de Vinhedo confirmou que n\u00e3o houve sobreviventes. Entre os mortos, est\u00e3o oito servidores e profissionais do estado do Paran\u00e1. A comiss\u00e1ria de bordo Rubia Silva de Lima e outros passageiros tamb\u00e9m foram identificados.<\/p>\n<p>As hip\u00f3teses para o acidente ainda est\u00e3o sendo investigadas, mas especialistas sugerem que a queda em espiral pode indicar um estol, uma condi\u00e7\u00e3o na qual a asa do avi\u00e3o perde sustenta\u00e7\u00e3o. Isso pode ter sido um fator decisivo na queda abrupta da aeronave.<\/p>\n<h2 class=\"wp-block-heading\">Como era a aeronave que caiu em Vinhedo<\/h2>\n<p>O avi\u00e3o envolvido no acidente era um ATR-72-500 da VOEPASS, equipado com 74 assentos e fabricado pela ATR na Fran\u00e7a. O modelo \u00e9 conhecido por sua capacidade de operar em aeroportos com pistas curtas e dif\u00edceis, sendo um avi\u00e3o popular no Brasil e na \u00c1sia.<\/p>\n<h3 class=\"wp-block-heading\">Ficha t\u00e9cnica do ATR-72-500:<\/h3>\n<p>\u00a0<\/p>\n<figure class=\"wp-block-image size-full\"><img fetchpriority=\"high\" decoding=\"async\" width=\"984\" height=\"631\" src=\"https:\/\/terrabrasilnoticias.com\/wp-content\/uploads\/2024\/08\/image-290.png\" alt=\"\" class=\"wp-image-171253\" srcset=\"https:\/\/terrabrasilnoticias.com\/wp-content\/uploads\/2024\/08\/image-290.png 984w, https:\/\/terrabrasilnoticias.com\/wp-content\/uploads\/2024\/08\/image-290-300x192.png 300w, https:\/\/terrabrasilnoticias.com\/wp-content\/uploads\/2024\/08\/image-290-768x492.png 768w, https:\/\/terrabrasilnoticias.com\/wp-content\/uploads\/2024\/08\/image-290-750x481.png 750w\" sizes=\"(max-width: 984px) 100vw, 984px\"\/><\/figure>\n<ul class=\"wp-block-list\">\n<li><strong>N\u00famero de assentos:<\/strong> 74<\/li>\n<li><strong>Velocidade de cruzeiro:<\/strong> 511 km\/h<\/li>\n<li><strong>Comprimento:<\/strong> 27 metros<\/li>\n<li><strong>Envergadura:<\/strong> 27 metros<\/li>\n<li><strong>Altura:<\/strong> 7,65 metros<\/li>\n<li><strong>Autonomia de voo:<\/strong> 1.324 km<\/li>\n<\/ul>\n<h2 class=\"wp-block-heading\">Como estava o tempo no momento da queda?<\/h2>\n<p>Os meteorologistas relataram \u00e1reas de instabilidade e forma\u00e7\u00e3o de gelo nas proximidades do local do acidente. Modelos meteorol\u00f3gicos indicaram temperaturas entre -9\u00b0 a -11\u00b0C na regi\u00e3o de Vinhedo no momento da queda.<\/p>\n<p>Em entrevistas, o CEO da VOEPASS, Eduardo Busch, afirmou que os pilotos eram experientes e que os sistemas da aeronave estavam operacionais no momento da decolagem. Ele reafirmou o compromisso da empresa em apoiar os envolvidos e prestar todas as informa\u00e7\u00f5es necess\u00e1rias.<\/p>\n<p>As investiga\u00e7\u00f5es prosseguem com a participa\u00e7\u00e3o de organismos como Seripa 4 e Cenipa, com o objetivo de analisar as caixas-pretas e determinar as causas exatas do acidente. A ANAC tamb\u00e9m est\u00e1 supervisionando o atendimento \u00e0s fam\u00edlias das v\u00edtimas e a conformidade dos documentos da aeronave.<\/p>\n<p>Este tr\u00e1gico acidente levou-nos a refletir sobre a seguran\u00e7a a\u00e9rea e a import\u00e2ncia de rigorosas investiga\u00e7\u00f5es para prevenir futuras ocorr\u00eancias.<\/p>\n<\/p><\/div>\n<p><br \/>\n<br \/><a href=\"https:\/\/terrabrasilnoticias.com\/2024\/08\/primeiros-corpos-sao-retirados-dos-escombros-veja-como-foi-a-madrugada-no-local-do-acidente-aereo-de-vinhedo\/\">Source link <\/a><\/p>","protected":false},"excerpt":{"rendered":"<p>Foto: Reprodu\u00e7\u00e3o. Em um triste e tr\u00e1gico acontecimento, 61 pessoas perderam a vida em um desastre a\u00e9reo em Vinhedo, interior de S\u00e3o Paulo. Esse \u00e9 o maior incidente do tipo&hellip;<\/p>","protected":false},"author":1,"featured_media":21350,"comment_status":"closed","ping_status":"open","sticky":false,"template":"","format":"standard","meta":{"content-type":"","footnotes":""},"categories":[16],"tags":[],"class_list":["post-21349","post","type-post","status-publish","format-standard","has-post-thumbnail","hentry","category-noticias"],"_links":{"self":[{"href":"https:\/\/tvbrazilusa.com\/pt\/wp-json\/wp\/v2\/posts\/21349","targetHints":{"allow":["GET"]}}],"collection":[{"href":"https:\/\/tvbrazilusa.com\/pt\/wp-json\/wp\/v2\/posts"}],"about":[{"href":"https:\/\/tvbrazilusa.com\/pt\/wp-json\/wp\/v2\/types\/post"}],"author":[{"embeddable":true,"href":"https:\/\/tvbrazilusa.com\/pt\/wp-json\/wp\/v2\/users\/1"}],"replies":[{"embeddable":true,"href":"https:\/\/tvbrazilusa.com\/pt\/wp-json\/wp\/v2\/comments?post=21349"}],"version-history":[{"count":1,"href":"https:\/\/tvbrazilusa.com\/pt\/wp-json\/wp\/v2\/posts\/21349\/revisions"}],"predecessor-version":[{"id":21351,"href":"https:\/\/tvbrazilusa.com\/pt\/wp-json\/wp\/v2\/posts\/21349\/revisions\/21351"}],"wp:featuredmedia":[{"embeddable":true,"href":"https:\/\/tvbrazilusa.com\/pt\/wp-json\/wp\/v2\/media\/21350"}],"wp:attachment":[{"href":"https:\/\/tvbrazilusa.com\/pt\/wp-json\/wp\/v2\/media?parent=21349"}],"wp:term":[{"taxonomy":"category","embeddable":true,"href":"https:\/\/tvbrazilusa.com\/pt\/wp-json\/wp\/v2\/categories?post=21349"},{"taxonomy":"post_tag","embeddable":true,"href":"https:\/\/tvbrazilusa.com\/pt\/wp-json\/wp\/v2\/tags?post=21349"}],"curies":[{"name":"wp","href":"https:\/\/api.w.org\/{rel}","templated":true}]}}