{"id":21358,"date":"2024-08-10T10:23:52","date_gmt":"2024-08-10T10:23:52","guid":{"rendered":"https:\/\/tvbrazilusa.com\/2024\/08\/10\/presa-pelo-assassinato-do-marido-flordelis-vive-relacionamento-lesbico-com-colega-de-cela\/"},"modified":"2024-08-10T10:30:52","modified_gmt":"2024-08-10T10:30:52","slug":"presa-pelo-assassinato-do-marido-flordelis-vive-relacionamento-lesbico-com-colega-de-cela","status":"publish","type":"post","link":"https:\/\/tvbrazilusa.com\/pt\/2024\/08\/10\/presa-pelo-assassinato-do-marido-flordelis-vive-relacionamento-lesbico-com-colega-de-cela\/","title":{"rendered":"Presa pelo assassinato do marido, Flordelis vive relacionamento l\u00e9sbico com colega de cela"},"content":{"rendered":"<p> <script async src=\"https:\/\/pagead2.googlesyndication.com\/pagead\/js\/adsbygoogle.js?client=ca-pub-8864793242727901\"\r\n     crossorigin=\"anonymous\"><\/script><br \/>\n<\/p>\n<div>\n<p>Foto: Reprodu\u00e7\u00e3o<\/p>\n<p>A pastora Flordelis, ex-deputada federal, est\u00e1 cumprindo pena em regime fechado ap\u00f3s ser condenada como a mentora intelectual do crime que chocou o Brasil: a morte do ent\u00e3o marido, pastor Anderson do Carmo. Anderson foi assassinado por alguns dos filhos adotivos do casal, no ano de 2019, em sua resid\u00eancia em Niter\u00f3i.<\/p>\n<p>Flordelis havia terminado um relacionamento com o produtor Alan Soares em janeiro de 2024. Os dois come\u00e7aram a se envolver logo ap\u00f3s a morte de Anderson. Agora, h\u00e1 informa\u00e7\u00f5es de que a ex-parlamentar iniciou um novo relacionamento com outra detenta dentro da penitenci\u00e1ria onde cumpre pena.<\/p>\n<figure class=\"wp-block-image size-large\"><picture decoding=\"async\" class=\"wp-image-171262\"><source type=\"image\/webp\" srcset=\"https:\/\/terrabrasilnoticias.com\/wp-content\/uploads\/2024\/08\/image-293-1024x602.png.webp 1024w, https:\/\/terrabrasilnoticias.com\/wp-content\/uploads\/2024\/08\/image-293-300x176.png.webp 300w, https:\/\/terrabrasilnoticias.com\/wp-content\/uploads\/2024\/08\/image-293-768x452.png.webp 768w, https:\/\/terrabrasilnoticias.com\/wp-content\/uploads\/2024\/08\/image-293-1536x903.png.webp 1536w, https:\/\/terrabrasilnoticias.com\/wp-content\/uploads\/2024\/08\/image-293-750x441.png.webp 750w, https:\/\/terrabrasilnoticias.com\/wp-content\/uploads\/2024\/08\/image-293-1140x670.png.webp 1140w, https:\/\/terrabrasilnoticias.com\/wp-content\/uploads\/2024\/08\/image-293.png.webp 1835w\" sizes=\"(max-width: 1024px) 100vw, 1024px\"\/><\/picture>\n<\/figure>\n<h2 class=\"wp-block-heading\">Flordelis vive novo romance na penitenci\u00e1ria<\/h2>\n<p>A nova rela\u00e7\u00e3o de Flordelis chama aten\u00e7\u00e3o dentro da unidade prisional. As duas detentas, agora companheiras de cela, vivem juntas maritalmente, conforme revelado pela coluna. A identidade da nova namorada, no entanto, ainda n\u00e3o foi revelada pelas autoridades.<\/p>\n<p>Desde sua pris\u00e3o, a vida de Flordelis mudou drasticamente. Ela passou de figura p\u00fablica e religiosa influente a condenada por um crime de grande repercuss\u00e3o. Dentro da penitenci\u00e1ria, a adapta\u00e7\u00e3o \u00e0 nova rotina inclui novos relacionamentos e, aparentemente, um novo romance.<\/p>\n<figure class=\"wp-block-image size-full\"><picture decoding=\"async\" class=\"wp-image-171261\"><source type=\"image\/webp\" srcset=\"https:\/\/terrabrasilnoticias.com\/wp-content\/uploads\/2024\/08\/image-292.png.webp 1020w, https:\/\/terrabrasilnoticias.com\/wp-content\/uploads\/2024\/08\/image-292-300x169.png.webp 300w, https:\/\/terrabrasilnoticias.com\/wp-content\/uploads\/2024\/08\/image-292-768x431.png.webp 768w, https:\/\/terrabrasilnoticias.com\/wp-content\/uploads\/2024\/08\/image-292-750x421.png.webp 750w\" sizes=\"(max-width: 1020px) 100vw, 1020px\"\/><img fetchpriority=\"high\" decoding=\"async\" width=\"1020\" height=\"573\" src=\"https:\/\/terrabrasilnoticias.com\/wp-content\/uploads\/2024\/08\/image-292.png\" alt=\"\" srcset=\"https:\/\/terrabrasilnoticias.com\/wp-content\/uploads\/2024\/08\/image-292.png 1020w, https:\/\/terrabrasilnoticias.com\/wp-content\/uploads\/2024\/08\/image-292-300x169.png 300w, https:\/\/terrabrasilnoticias.com\/wp-content\/uploads\/2024\/08\/image-292-768x431.png 768w, https:\/\/terrabrasilnoticias.com\/wp-content\/uploads\/2024\/08\/image-292-750x421.png 750w\" sizes=\"(max-width: 1020px) 100vw, 1020px\"\/>\n<\/picture>\n<\/figure>\n<h2 class=\"wp-block-heading\">Repercuss\u00e3o do caso Flordelis<\/h2>\n<p>O caso de Flordelis continua a gerar grande interesse e discuss\u00e3o. Seu envolvimento no assassinato do marido, o desdobramento das investiga\u00e7\u00f5es e o impacto na vida dos filhos s\u00e3o assuntos recorrentes na m\u00eddia e nas conversas populares. Agora, com essa nova fase de sua vida privada, a ex-deputada segue em evid\u00eancia.<\/p>\n<h3 class=\"wp-block-heading\">Repercuss\u00f5es do Caso<\/h3>\n<ul class=\"wp-block-list\">\n<li>A morte de Anderson do Carmo \u2013 assassinato chocante que virou not\u00edcia nacional<\/li>\n<li>Investiga\u00e7\u00e3o e julgamento \u2013 Flordelis e parte de sua fam\u00edlia foram processados<\/li>\n<li>Condena\u00e7\u00e3o \u2013 Flordelis foi condenada, levando a mudan\u00e7as dr\u00e1sticas em sua vida<\/li>\n<li>Relacionamentos na pris\u00e3o \u2013 a ex-parlamentar envolveu-se com detentas<\/li>\n<\/ul>\n<p>\u00a0O relacionamento de Flordelis com detentas dentro da pris\u00e3o levanta quest\u00f5es sobre sua adapta\u00e7\u00e3o e a busca por apoio emocional. Vivendo situa\u00e7\u00f5es dif\u00edceis, ela encontrou na nova parceira de cela um suporte necess\u00e1rio para enfrentar o c\u00e1rcere.<\/p>\n<p>A m\u00eddia acompanha de perto todos os desdobramentos do caso Flordelis. Desde os detalhes do crime at\u00e9 a sua vida no c\u00e1rcere, tudo \u00e9 amplamente noticiado. Assim, cada nova informa\u00e7\u00e3o gera grande especula\u00e7\u00e3o e interesse p\u00fablico.<\/p>\n<\/p><\/div>\n<p><br \/>\n<br \/><a href=\"https:\/\/terrabrasilnoticias.com\/2024\/08\/presa-pelo-assassinato-do-marido-flordelis-vive-relacionamento-lesbico-com-colega-de-cela\/\">Source link <\/a><\/p>","protected":false},"excerpt":{"rendered":"<p>Foto: Reprodu\u00e7\u00e3o A pastora Flordelis, ex-deputada federal, est\u00e1 cumprindo pena em regime fechado ap\u00f3s ser condenada como a mentora intelectual do crime que chocou o Brasil: a morte do ent\u00e3o&hellip;<\/p>","protected":false},"author":1,"featured_media":21359,"comment_status":"closed","ping_status":"open","sticky":false,"template":"","format":"standard","meta":{"content-type":"","footnotes":""},"categories":[16],"tags":[],"class_list":["post-21358","post","type-post","status-publish","format-standard","has-post-thumbnail","hentry","category-noticias"],"_links":{"self":[{"href":"https:\/\/tvbrazilusa.com\/pt\/wp-json\/wp\/v2\/posts\/21358","targetHints":{"allow":["GET"]}}],"collection":[{"href":"https:\/\/tvbrazilusa.com\/pt\/wp-json\/wp\/v2\/posts"}],"about":[{"href":"https:\/\/tvbrazilusa.com\/pt\/wp-json\/wp\/v2\/types\/post"}],"author":[{"embeddable":true,"href":"https:\/\/tvbrazilusa.com\/pt\/wp-json\/wp\/v2\/users\/1"}],"replies":[{"embeddable":true,"href":"https:\/\/tvbrazilusa.com\/pt\/wp-json\/wp\/v2\/comments?post=21358"}],"version-history":[{"count":1,"href":"https:\/\/tvbrazilusa.com\/pt\/wp-json\/wp\/v2\/posts\/21358\/revisions"}],"predecessor-version":[{"id":21360,"href":"https:\/\/tvbrazilusa.com\/pt\/wp-json\/wp\/v2\/posts\/21358\/revisions\/21360"}],"wp:featuredmedia":[{"embeddable":true,"href":"https:\/\/tvbrazilusa.com\/pt\/wp-json\/wp\/v2\/media\/21359"}],"wp:attachment":[{"href":"https:\/\/tvbrazilusa.com\/pt\/wp-json\/wp\/v2\/media?parent=21358"}],"wp:term":[{"taxonomy":"category","embeddable":true,"href":"https:\/\/tvbrazilusa.com\/pt\/wp-json\/wp\/v2\/categories?post=21358"},{"taxonomy":"post_tag","embeddable":true,"href":"https:\/\/tvbrazilusa.com\/pt\/wp-json\/wp\/v2\/tags?post=21358"}],"curies":[{"name":"wp","href":"https:\/\/api.w.org\/{rel}","templated":true}]}}