{"id":2139,"date":"2024-07-15T17:29:42","date_gmt":"2024-07-15T17:29:42","guid":{"rendered":"https:\/\/tvbrazilusa.com\/?p=2139"},"modified":"2024-07-15T17:39:09","modified_gmt":"2024-07-15T17:39:09","slug":"senador-expoe-delegado-que-investiga-bolsonaro-e-8-de-janeiro-entenda","status":"publish","type":"post","link":"https:\/\/tvbrazilusa.com\/pt\/2024\/07\/15\/senador-expoe-delegado-que-investiga-bolsonaro-e-8-de-janeiro-entenda\/","title":{"rendered":"Senador exp\u00f5e delegado que investiga Bolsonaro e 8 de Janeiro; entenda"},"content":{"rendered":"<p> <script async src=\"https:\/\/pagead2.googlesyndication.com\/pagead\/js\/adsbygoogle.js?client=ca-pub-8864793242727901\"\r\n     crossorigin=\"anonymous\"><\/script><br \/>\n<\/p>\n<div>\n<p><em>Foto: Edilson Rodrigues\/Ag\u00eancia Senado<\/em><\/p>\n<p>No cen\u00e1rio pol\u00edtico atual, um debate acalorado foi desencadeado pela publica\u00e7\u00e3o feita pelo senador Marcos do Val (Podemos-ES) em suas redes sociais. Na postagem, o senador lan\u00e7ou acusa\u00e7\u00f5es s\u00e9rias contra F\u00e1bio Alvarez Shor, delegado da Pol\u00edcia Federal, descrevendo-o como uma figura atuante sob as ordens diretas do ministro do Supremo Tribunal Federal (STF), Alexandre de Moraes.<\/p>\n<p>De acordo com o senador, o delegado estaria cometendo viola\u00e7\u00f5es de direitos ao realizar invas\u00f5es em resid\u00eancias com mandados de busca e apreens\u00e3o supostamente ilegais. Tais a\u00e7\u00f5es teriam inclu\u00eddo, segundo ele, apontar armas para crian\u00e7as e confiscar celulares. Marcos do Val pontua uma expl\u00edcita mishandling da for\u00e7a policial empregada.<\/p>\n<h2 class=\"wp-block-heading\">Por que as A\u00e7\u00f5es do Delegado Shor Est\u00e3o Sob Escrut\u00ednio?<\/h2>\n<p>O cen\u00e1rio problematizado por do Val coloca em quest\u00e3o o uso supostamente indevido da Pol\u00edcia Federal, que, em detrimento de observar a neutralidade esperada de uma entidade federal, estaria auxiliando interesses particulares de autoridades superiores. A manifesta\u00e7\u00e3o do senador sugere uma coniv\u00eancia inaceit\u00e1vel entre o delegado e o ministro Alexandre de Moraes.<\/p>\n<h2 class=\"wp-block-heading\">Rea\u00e7\u00e3o Defensiva: Fenadepol Interv\u00e9m em Defesa de Shor<\/h2>\n<p>Em um posicionamento formal, a Federa\u00e7\u00e3o Nacional dos Delegados de Pol\u00edcia Federal (Fenadepol) prontamente repudiou as declara\u00e7\u00f5es do senador. A defesa enf\u00e1tica do trabalho de F\u00e1bio Alvarez Shor como parte essencial da pol\u00edcia judici\u00e1ria da Uni\u00e3o reflete o choque entre as vis\u00f5es da integridade das opera\u00e7\u00f5es policiais. Ademais, a Fenadepol condenou declara\u00e7\u00f5es similares emitidas por outra figura pol\u00edtica, o deputado federal Eduardo Bolsonaro.<\/p>\n<h2 class=\"wp-block-heading\">Quais Ser\u00e3o as Repercuss\u00f5es das Cr\u00edticas de Marcos do Val?<\/h2>\n<p>A controv\u00e9rsia iniciada por Marcos do Val promete n\u00e3o s\u00f3 acirrar os \u00e2nimos dentro das esferas pol\u00edticas e jur\u00eddicas, mas tamb\u00e9m chamar a aten\u00e7\u00e3o da opini\u00e3o p\u00fablica para as nuances de poder que operam intrinsecamente nos bastidores das institui\u00e7\u00f5es. A discuss\u00e3o ampliada poder\u00e1 incitar um escrut\u00ednio mais aprofundado das pr\u00e1ticas policiais e judici\u00e1rias em todo o pa\u00eds, sugerindo potenciais revis\u00f5es ou mesmo reformas estruturais.<\/p>\n<p>Enquanto o desdobramento dessa confronta\u00e7\u00e3o institucional permanece incerto, o debate j\u00e1 ressoa fortemente entre os partidos, m\u00eddia e p\u00fablica brasileira. Impactos a longo prazo tamb\u00e9m s\u00e3o esperados na forma como pol\u00edticas de seguran\u00e7a s\u00e3o discutidas e implementadas no Brasil, possivelmente influenciando legisla\u00e7\u00f5es futuras e a ado\u00e7\u00e3o de novos paradigmas de transpar\u00eancia e justi\u00e7a.<\/p>\n<p>com informa\u00e7\u00f5es Pleno News <\/p>\n<\/p><\/div>\n<p><br \/>\n<br \/><a href=\"https:\/\/terrabrasilnoticias.com\/2024\/07\/senador-expoe-delegado-que-investiga-bolsonaro-e-8-de-janeiro-entenda\/\">Source link <\/a><\/p>","protected":false},"excerpt":{"rendered":"<p>Foto: Edilson Rodrigues\/Ag\u00eancia Senado No cen\u00e1rio pol\u00edtico atual, um debate acalorado foi desencadeado pela publica\u00e7\u00e3o feita pelo senador Marcos do Val (Podemos-ES) em suas redes sociais. Na postagem, o senador&hellip;<\/p>","protected":false},"author":1,"featured_media":2140,"comment_status":"closed","ping_status":"open","sticky":false,"template":"","format":"standard","meta":{"content-type":"","footnotes":""},"categories":[16],"tags":[],"class_list":["post-2139","post","type-post","status-publish","format-standard","has-post-thumbnail","hentry","category-noticias"],"_links":{"self":[{"href":"https:\/\/tvbrazilusa.com\/pt\/wp-json\/wp\/v2\/posts\/2139","targetHints":{"allow":["GET"]}}],"collection":[{"href":"https:\/\/tvbrazilusa.com\/pt\/wp-json\/wp\/v2\/posts"}],"about":[{"href":"https:\/\/tvbrazilusa.com\/pt\/wp-json\/wp\/v2\/types\/post"}],"author":[{"embeddable":true,"href":"https:\/\/tvbrazilusa.com\/pt\/wp-json\/wp\/v2\/users\/1"}],"replies":[{"embeddable":true,"href":"https:\/\/tvbrazilusa.com\/pt\/wp-json\/wp\/v2\/comments?post=2139"}],"version-history":[{"count":1,"href":"https:\/\/tvbrazilusa.com\/pt\/wp-json\/wp\/v2\/posts\/2139\/revisions"}],"predecessor-version":[{"id":2141,"href":"https:\/\/tvbrazilusa.com\/pt\/wp-json\/wp\/v2\/posts\/2139\/revisions\/2141"}],"wp:featuredmedia":[{"embeddable":true,"href":"https:\/\/tvbrazilusa.com\/pt\/wp-json\/wp\/v2\/media\/2140"}],"wp:attachment":[{"href":"https:\/\/tvbrazilusa.com\/pt\/wp-json\/wp\/v2\/media?parent=2139"}],"wp:term":[{"taxonomy":"category","embeddable":true,"href":"https:\/\/tvbrazilusa.com\/pt\/wp-json\/wp\/v2\/categories?post=2139"},{"taxonomy":"post_tag","embeddable":true,"href":"https:\/\/tvbrazilusa.com\/pt\/wp-json\/wp\/v2\/tags?post=2139"}],"curies":[{"name":"wp","href":"https:\/\/api.w.org\/{rel}","templated":true}]}}