{"id":21403,"date":"2024-08-10T12:01:02","date_gmt":"2024-08-10T12:01:02","guid":{"rendered":"https:\/\/tvbrazilusa.com\/2024\/08\/10\/novo-presidente-do-ira-renomeia-funcionario-sancionado-pela-onu-como-chefe-da-agencia-nuclear-do-pais\/"},"modified":"2024-08-10T12:12:16","modified_gmt":"2024-08-10T12:12:16","slug":"novo-presidente-do-ira-renomeia-funcionario-sancionado-pela-onu-como-chefe-da-agencia-nuclear-do-pais","status":"publish","type":"post","link":"https:\/\/tvbrazilusa.com\/pt\/2024\/08\/10\/novo-presidente-do-ira-renomeia-funcionario-sancionado-pela-onu-como-chefe-da-agencia-nuclear-do-pais\/","title":{"rendered":"Novo presidente do Ir\u00e3 renomeia funcion\u00e1rio sancionado pela ONU como chefe da ag\u00eancia nuclear do pa\u00eds"},"content":{"rendered":"<script async src=\"https:\/\/pagead2.googlesyndication.com\/pagead\/js\/adsbygoogle.js?client=ca-pub-8864793242727901\"\r\n     crossorigin=\"anonymous\"><\/script>\n<div id=\"\">\n<p class=\"dist__Box-sc-1fnzlkn-0 dist__TextBase-sc-1fnzlkn-3 CGHCP htMUPQ article-text\"><strong>TEER\u00c3<\/strong> \u2013 O presidente rec\u00e9m-eleito do Ir\u00e3 renomeou um funcion\u00e1rio formado nos EUA que foi alvo de san\u00e7\u00f5es das Na\u00e7\u00f5es Unidas h\u00e1 16 anos como chefe do departamento nuclear do pa\u00eds, informou a TV estatal no s\u00e1bado.<\/p>\n<p class=\"dist__Box-sc-1fnzlkn-0 dist__TextBase-sc-1fnzlkn-3 CGHCP htMUPQ article-text\">Mohammad Eslami, 67, continuar\u00e1 seu trabalho como chefe do programa nuclear civil do Ir\u00e3 e servir\u00e1 como um dos v\u00e1rios vice-presidentes. A renomea\u00e7\u00e3o de Eslami pelo presidente Masoud Pezeshkian ocorre enquanto o Ir\u00e3 permanece sob pesadas san\u00e7\u00f5es do Ocidente ap\u00f3s a <a href=\"https:\/\/apnews.com\/article\/north-america-donald-trump-ap-top-news-politics-iran-cead755353a1455bbef08ef289448994\">colapso do acordo de 2015<\/a> que restringiu as atividades nucleares do Ir\u00e3 em troca do al\u00edvio das san\u00e7\u00f5es.<\/p>\n<p class=\"dist__Box-sc-1fnzlkn-0 dist__TextBase-sc-1fnzlkn-3 CGHCP htMUPQ article-text\">Pezeshkian disse durante sua campanha presidencial que iria <a href=\"https:\/\/apnews.com\/article\/iran-final-debate-runoff-jalili-pezeshkian-0fa6bf1e3e590f3ebf87bf1693abbccd\">tentar reavivar o acordo nuclear.<\/a><\/p>\n<p class=\"dist__Box-sc-1fnzlkn-0 dist__TextBase-sc-1fnzlkn-3 CGHCP htMUPQ article-text\">As Na\u00e7\u00f5es Unidas sancionaram Eslami em 2008 por &#8220;estar envolvido, diretamente associado ou fornecer apoio \u00e0 prolifera\u00e7\u00e3o de atividades nucleares sens\u00edveis do Ir\u00e3 ou ao desenvolvimento de sistemas de lan\u00e7amento de armas nucleares&#8221;, quando ele era chefe do Instituto de Treinamento e Pesquisa de Ind\u00fastrias de Defesa do Ir\u00e3.<\/p>\n<p class=\"dist__Box-sc-1fnzlkn-0 dist__TextBase-sc-1fnzlkn-3 CGHCP htMUPQ article-text\">Ele foi nomeado chefe do departamento nuclear do Ir\u00e3 pela primeira vez pelo falecido presidente Ebrahim Raisi em 2021. Antes disso, a partir de 2018, na era do ex-presidente moderado Hassan Rouhani, Eslami atuou como Ministro dos Transportes e Desenvolvimento Urbano.<\/p>\n<p class=\"dist__Box-sc-1fnzlkn-0 dist__TextBase-sc-1fnzlkn-3 CGHCP htMUPQ article-text\">Ele tem experi\u00eancia de trabalho nas ind\u00fastrias militares do Ir\u00e3 h\u00e1 anos, mais recentemente como vice-ministro da Defesa, respons\u00e1vel por pesquisa e ind\u00fastria. <\/p>\n<p class=\"dist__Box-sc-1fnzlkn-0 dist__TextBase-sc-1fnzlkn-3 CGHCP htMUPQ article-text\">Eslami \u00e9 formado em engenharia civil pela Universidade de Detroit, Michigan, e pela Universidade de Toledo, Ohio.<\/p>\n<p class=\"dist__Box-sc-1fnzlkn-0 dist__TextBase-sc-1fnzlkn-3 CGHCP htMUPQ article-text\">Os EUA, a Fran\u00e7a, a Gr\u00e3-Bretanha e a Alemanha acusaram o Ir\u00e3o de intensificar as suas actividades nucleares muito al\u00e9m dos limites acordados no acordo de 2015 e de n\u00e3o cooperar com <a href=\"https:\/\/apnews.com\/article\/iran-iaea-nuclear-program-143e3e3c015dbf9c17316ad60ff989da\">o \u00f3rg\u00e3o de vigil\u00e2ncia nuclear da ONU<\/a>a Ag\u00eancia Internacional de Energia At\u00f4mica.<\/p>\n<p class=\"dist__Box-sc-1fnzlkn-0 dist__TextBase-sc-1fnzlkn-3 CGHCP htMUPQ article-text\">O Ir\u00e3 acusou os EUA e seus aliados de continuarem aplicando san\u00e7\u00f5es econ\u00f4micas que deveriam ser suspensas pelo acordo e insistiu que seu programa nuclear \u00e9 pac\u00edfico e voltado para a gera\u00e7\u00e3o de eletricidade e produ\u00e7\u00e3o de radiois\u00f3topos para tratar pacientes com c\u00e2ncer, permanecendo sob supervis\u00e3o constante da AIEA.<\/p>\n<p class=\"dist__Box-sc-1fnzlkn-0 dist__TextBase-sc-1fnzlkn-3 CGHCP htMUPQ article-text\">O Ir\u00e3 est\u00e1 construindo duas instala\u00e7\u00f5es de energia nuclear para complementar seu \u00fanico reator operacional de 1.000 megawatts na cidade portu\u00e1ria de Bushehr, no sul, que entrou em opera\u00e7\u00e3o com a ajuda da R\u00fassia em 2011. Sob seu plano de energia de longo prazo, o Ir\u00e3 pretende atingir uma capacidade el\u00e9trica nuclear de 20.000 megawatts.<\/p>\n<p class=\"dist__Box-sc-1fnzlkn-0 dist__TextBase-sc-1fnzlkn-3 CGHCP htMUPQ article-text\">O pa\u00eds enfrentou cortes de energia em todo o pa\u00eds nos \u00faltimos meses.<\/p>\n<\/div>\n<p>Copyright 2024 The Associated Press. Todos os direitos reservados. Este material n\u00e3o pode ser publicado, transmitido, reescrito ou redistribu\u00eddo sem permiss\u00e3o.<\/p>\n<p><br \/>\n<br \/><a href=\"https:\/\/www.clickorlando.com\/news\/world\/2024\/08\/10\/irans-new-president-reappoints-un-sanctioned-official-as-head-of-the-countrys-nuclear-agency\/\">Source link <\/a><\/p>","protected":false},"excerpt":{"rendered":"<p>TEER\u00c3 \u2013 O presidente rec\u00e9m-eleito do Ir\u00e3 renomeou um funcion\u00e1rio formado nos EUA que foi alvo de san\u00e7\u00f5es das Na\u00e7\u00f5es Unidas h\u00e1 16 anos como chefe do departamento nuclear do&hellip;<\/p>","protected":false},"author":1,"featured_media":21404,"comment_status":"closed","ping_status":"open","sticky":false,"template":"","format":"standard","meta":{"content-type":"","footnotes":""},"categories":[1],"tags":[5001,9932,4904,1419,1794],"class_list":["post-21403","post","type-post","status-publish","format-standard","has-post-thumbnail","hentry","category-uncategorized","tag-ebrahim-raisi","tag-hassan-rouhani","tag-masoud-pezeshkian","tag-noticias-do-mundo","tag-tecnologia"],"_links":{"self":[{"href":"https:\/\/tvbrazilusa.com\/pt\/wp-json\/wp\/v2\/posts\/21403","targetHints":{"allow":["GET"]}}],"collection":[{"href":"https:\/\/tvbrazilusa.com\/pt\/wp-json\/wp\/v2\/posts"}],"about":[{"href":"https:\/\/tvbrazilusa.com\/pt\/wp-json\/wp\/v2\/types\/post"}],"author":[{"embeddable":true,"href":"https:\/\/tvbrazilusa.com\/pt\/wp-json\/wp\/v2\/users\/1"}],"replies":[{"embeddable":true,"href":"https:\/\/tvbrazilusa.com\/pt\/wp-json\/wp\/v2\/comments?post=21403"}],"version-history":[{"count":1,"href":"https:\/\/tvbrazilusa.com\/pt\/wp-json\/wp\/v2\/posts\/21403\/revisions"}],"predecessor-version":[{"id":21405,"href":"https:\/\/tvbrazilusa.com\/pt\/wp-json\/wp\/v2\/posts\/21403\/revisions\/21405"}],"wp:featuredmedia":[{"embeddable":true,"href":"https:\/\/tvbrazilusa.com\/pt\/wp-json\/wp\/v2\/media\/21404"}],"wp:attachment":[{"href":"https:\/\/tvbrazilusa.com\/pt\/wp-json\/wp\/v2\/media?parent=21403"}],"wp:term":[{"taxonomy":"category","embeddable":true,"href":"https:\/\/tvbrazilusa.com\/pt\/wp-json\/wp\/v2\/categories?post=21403"},{"taxonomy":"post_tag","embeddable":true,"href":"https:\/\/tvbrazilusa.com\/pt\/wp-json\/wp\/v2\/tags?post=21403"}],"curies":[{"name":"wp","href":"https:\/\/api.w.org\/{rel}","templated":true}]}}