{"id":21427,"date":"2024-08-10T13:04:00","date_gmt":"2024-08-10T13:04:00","guid":{"rendered":"https:\/\/tvbrazilusa.com\/2024\/08\/10\/misterio-dos-r-73-bilhoes-fortuna-do-herdeiro-da-hermes-desaparece\/"},"modified":"2024-08-10T13:09:06","modified_gmt":"2024-08-10T13:09:06","slug":"misterio-dos-r-73-bilhoes-fortuna-do-herdeiro-da-hermes-desaparece","status":"publish","type":"post","link":"https:\/\/tvbrazilusa.com\/pt\/2024\/08\/10\/misterio-dos-r-73-bilhoes-fortuna-do-herdeiro-da-hermes-desaparece\/","title":{"rendered":"Mist\u00e9rio dos R$ 73 bilh\u00f5es: Fortuna do herdeiro da Herm\u00e8s desaparece"},"content":{"rendered":"<p> <script async src=\"https:\/\/pagead2.googlesyndication.com\/pagead\/js\/adsbygoogle.js?client=ca-pub-8864793242727901\"\r\n     crossorigin=\"anonymous\"><\/script><br \/>\n<\/p>\n<div>\n<p>Nicolas Puech, um dos herdeiros de Thierry Herm\u00e8s, fundador da renomada grife especializada em objetos de couro, recentemente se viu envolvido em uma complicada disputa judicial. A acusa\u00e7\u00e3o de que 6 milh\u00f5es de a\u00e7\u00f5es, equivalentes a 12 bilh\u00f5es de euros, desapareceram misteriosamente de seu controle, foi recusada por um tribunal da Su\u00ed\u00e7a.<\/p>\n<p>Essa fortuna, que representa aproximadamente R$ 73 bilh\u00f5es, teria sido, segundo Nicolas Puech, mal administrada pelo ex-gestor Eric Freymond. O bilion\u00e1rio, conhecido por querer deixar sua fortuna para seu jardineiro, alega que Freymond tinha total controle sobre seus ativos entre 1998 e outubro de 2022.<\/p>\n<h2 class=\"wp-block-heading\">O Tribunal Su\u00ed\u00e7o e as Alega\u00e7\u00f5es de Nicolas Puech<\/h2>\n<p>Durante o per\u00edodo em quest\u00e3o, quase 6 milh\u00f5es de a\u00e7\u00f5es da Herm\u00e8s foram transferidas para v\u00e1rios bancos na Su\u00ed\u00e7a. Puech afirmou que desconhecia a movimenta\u00e7\u00e3o exata dessas a\u00e7\u00f5es, j\u00e1 que Freymond era o respons\u00e1vel por todos os extratos banc\u00e1rios relacionados \u00e0 fortuna familiar.<\/p>\n<p>No entanto, o tribunal su\u00ed\u00e7o decidiu que n\u00e3o havia provas suficientes para sustentar a acusa\u00e7\u00e3o de m\u00e1 gest\u00e3o por parte de Freymond. Pelo contr\u00e1rio, ficou determinado que Puech havia concedido voluntariamente a administra\u00e7\u00e3o de seus ativos e assinado documentos em branco que permitiam acesso irrestrito \u00e0s contas banc\u00e1rias.<\/p>\n<h2 class=\"wp-block-heading\">Quem \u00e9 Nicolas Puech?<\/h2>\n<figure class=\"wp-block-image aligncenter size-large\"><picture decoding=\"async\" class=\"wp-image-171007\"><source type=\"image\/webp\" srcset=\"https:\/\/terrabrasilnoticias.com\/wp-content\/uploads\/2024\/08\/facebook-1024x691.jpg.webp 1024w, https:\/\/terrabrasilnoticias.com\/wp-content\/uploads\/2024\/08\/facebook-300x203.jpg.webp 300w, https:\/\/terrabrasilnoticias.com\/wp-content\/uploads\/2024\/08\/facebook-768x519.jpg.webp 768w, https:\/\/terrabrasilnoticias.com\/wp-content\/uploads\/2024\/08\/facebook-750x506.jpg.webp 750w, https:\/\/terrabrasilnoticias.com\/wp-content\/uploads\/2024\/08\/facebook-1140x770.jpg.webp 1140w, https:\/\/terrabrasilnoticias.com\/wp-content\/uploads\/2024\/08\/facebook.jpg.webp 1170w\" sizes=\"(max-width: 1024px) 100vw, 1024px\"\/><\/picture><figcaption class=\"wp-element-caption\">Imagem: Facebook \/ @Nicolas Puech<br \/>\n<\/figcaption><\/figure>\n<p>Nicolas Puech \u00e9 um descendente de quinta gera\u00e7\u00e3o de Thierry Herm\u00e8s, fundador da famosa marca Herm\u00e8s, que \u00e9 sin\u00f4nimo de luxo e eleg\u00e2ncia em artigos de couro, incluindo a ic\u00f4nica bolsa Birkin. Apesar de seu estatuto, Puech sempre teve uma abordagem mais altru\u00edsta em rela\u00e7\u00e3o a sua fortuna, expressando desejo de deixar seu legado para um antigo jardineiro.<\/p>\n<p>Depois da controv\u00e9rsia jur\u00eddica, Puech tamb\u00e9m se viu em oposi\u00e7\u00e3o a membros de sua pr\u00f3pria fam\u00edlia quanto \u00e0 participa\u00e7\u00e3o do magnata Bernard Arnault na Herm\u00e8s.<\/p>\n<h2 class=\"wp-block-heading\">Como Bernard Arnault Entrou na Hist\u00f3ria?<\/h2>\n<ul class=\"wp-block-list\">\n<li>Bernard Arnault \u00e9 o propriet\u00e1rio do conglomerado de luxo LVMH e o terceiro homem mais rico do mundo, segundo a Forbes.<\/li>\n<li>Ainda que a fam\u00edlia de Puech se opusesse, Nicolas foi a favor do aumento da participa\u00e7\u00e3o de Arnault na Herm\u00e8s.<\/li>\n<li>Arnault n\u00e3o conseguiu adquirir a grife por completo, mas chegou a possuir 23% das a\u00e7\u00f5es da empresa em 2014.<\/li>\n<li>Em 2014, o herdeiro Nicolas deixou o conselho fiscal da Herm\u00e8s, coincidindo com a venda gradual das a\u00e7\u00f5es de Arnault.<\/li>\n<\/ul>\n<h2 class=\"wp-block-heading\">Quais Foram as Decis\u00f5es do Tribunal?<\/h2>\n<p>Segundo o tribunal su\u00ed\u00e7o, Nicolas Puech voluntariamente entregou a gest\u00e3o de sua fortuna a Eric Freymond, assinando documentos que permitiam o ex-gestor a administrar os ativos sem dificuldades. A alegada \u201cfraude gigantesca\u201d era, segundo a justi\u00e7a, indetect\u00e1vel para pessoas comuns.<\/p>\n<p>A determina\u00e7\u00e3o tribunal deixou claro que n\u00e3o havia impedimento algum que justificasse a falta de interesse de Puech pela evolu\u00e7\u00e3o de seus ativos.<\/p>\n<h2 class=\"wp-block-heading\">As Implica\u00e7\u00f5es Finais<\/h2>\n<p>Este caso envolvendo bilh\u00f5es de euros e figuras eminentes do mundo do luxo ilustra o qu\u00e3o complexas podem ser as rela\u00e7\u00f5es de confian\u00e7a e gest\u00e3o financeira no alto escal\u00e3o. A batalha n\u00e3o s\u00f3 colocou em disputa o controle de uma gigantesca fortuna, como tamb\u00e9m ventilou publicamente uma rivalidade familiar e empresarial de longa data.<\/p>\n<p>A decis\u00e3o do tribunal encerra, pelo menos judicialmente, este epis\u00f3dio da vida de Nicolas Puech, ainda que as implica\u00e7\u00f5es e ressentimentos internos entre os envolvidos possam perdurar por anos.<\/p>\n<p>A novela da fam\u00edlia Herm\u00e8s e o papel de figuras de proemin\u00eancia como Bernard Arnault continuam a fascinar e manter o p\u00fablico intrigado, revelando que mesmo os bastidores das maiores fortunas do mundo n\u00e3o s\u00e3o imunes a dramas pessoais e legais.<\/p>\n<\/p><\/div>\n<p><br \/>\n<br \/><a href=\"https:\/\/terrabrasilnoticias.com\/2024\/08\/misterio-dos-r-73-bilhoes-fortuna-do-herdeiro-da-hermes-desaparece\/\">Source link <\/a><\/p>","protected":false},"excerpt":{"rendered":"<p>Nicolas Puech, um dos herdeiros de Thierry Herm\u00e8s, fundador da renomada grife especializada em objetos de couro, recentemente se viu envolvido em uma complicada disputa judicial. A acusa\u00e7\u00e3o de que&hellip;<\/p>","protected":false},"author":1,"featured_media":21428,"comment_status":"closed","ping_status":"open","sticky":false,"template":"","format":"standard","meta":{"content-type":"","footnotes":""},"categories":[16],"tags":[9939,9940,7113,9941,9942,9943],"class_list":["post-21427","post","type-post","status-publish","format-standard","has-post-thumbnail","hentry","category-noticias","tag-bernard-arnault","tag-disputa-judicial","tag-fortuna","tag-hermes","tag-lvmh","tag-nicolas-puech"],"_links":{"self":[{"href":"https:\/\/tvbrazilusa.com\/pt\/wp-json\/wp\/v2\/posts\/21427","targetHints":{"allow":["GET"]}}],"collection":[{"href":"https:\/\/tvbrazilusa.com\/pt\/wp-json\/wp\/v2\/posts"}],"about":[{"href":"https:\/\/tvbrazilusa.com\/pt\/wp-json\/wp\/v2\/types\/post"}],"author":[{"embeddable":true,"href":"https:\/\/tvbrazilusa.com\/pt\/wp-json\/wp\/v2\/users\/1"}],"replies":[{"embeddable":true,"href":"https:\/\/tvbrazilusa.com\/pt\/wp-json\/wp\/v2\/comments?post=21427"}],"version-history":[{"count":1,"href":"https:\/\/tvbrazilusa.com\/pt\/wp-json\/wp\/v2\/posts\/21427\/revisions"}],"predecessor-version":[{"id":21429,"href":"https:\/\/tvbrazilusa.com\/pt\/wp-json\/wp\/v2\/posts\/21427\/revisions\/21429"}],"wp:featuredmedia":[{"embeddable":true,"href":"https:\/\/tvbrazilusa.com\/pt\/wp-json\/wp\/v2\/media\/21428"}],"wp:attachment":[{"href":"https:\/\/tvbrazilusa.com\/pt\/wp-json\/wp\/v2\/media?parent=21427"}],"wp:term":[{"taxonomy":"category","embeddable":true,"href":"https:\/\/tvbrazilusa.com\/pt\/wp-json\/wp\/v2\/categories?post=21427"},{"taxonomy":"post_tag","embeddable":true,"href":"https:\/\/tvbrazilusa.com\/pt\/wp-json\/wp\/v2\/tags?post=21427"}],"curies":[{"name":"wp","href":"https:\/\/api.w.org\/{rel}","templated":true}]}}