{"id":21454,"date":"2024-08-10T13:53:59","date_gmt":"2024-08-10T13:53:59","guid":{"rendered":"https:\/\/tvbrazilusa.com\/2024\/08\/10\/lutas-internas-entre-milicias-matam-pelo-menos-9-na-capital-da-libia-dizem-autoridades\/"},"modified":"2024-08-10T14:09:48","modified_gmt":"2024-08-10T14:09:48","slug":"lutas-internas-entre-milicias-matam-pelo-menos-9-na-capital-da-libia-dizem-autoridades","status":"publish","type":"post","link":"https:\/\/tvbrazilusa.com\/pt\/2024\/08\/10\/lutas-internas-entre-milicias-matam-pelo-menos-9-na-capital-da-libia-dizem-autoridades\/","title":{"rendered":"Lutas internas entre mil\u00edcias matam pelo menos 9 na capital da L\u00edbia, dizem autoridades"},"content":{"rendered":"<script async src=\"https:\/\/pagead2.googlesyndication.com\/pagead\/js\/adsbygoogle.js?client=ca-pub-8864793242727901\"\r\n     crossorigin=\"anonymous\"><\/script>\n<div id=\"\">\n<p class=\"dist__Box-sc-1fnzlkn-0 dist__TextBase-sc-1fnzlkn-3 CGHCP htMUPQ article-text\"><strong>CAIRO<\/strong> \u2013 Confrontos entre dois grupos de mil\u00edcias fortemente armados na capital da L\u00edbia aterrorizaram moradores e mataram cerca de uma d\u00fazia de pessoas, o mais recente epis\u00f3dio de viol\u00eancia no pa\u00eds sem lei do norte da \u00c1frica, disseram autoridades no s\u00e1bado.<\/p>\n<p class=\"dist__Box-sc-1fnzlkn-0 dist__TextBase-sc-1fnzlkn-3 CGHCP htMUPQ article-text\">Os confrontos de horas de dura\u00e7\u00e3o, que envolveram armas pesadas, ocorreram na sexta-feira no bairro oriental de Tajoura, em Tr\u00edpoli, entre a mil\u00edcia Rahba al-Duruae, liderada pelo senhor da guerra Bashir Khalfallah \u2014 conhecido como al-Baqrah \u2014 e outra mil\u00edcia, a al-Shahida Sabriya, acrescentaram as autoridades. <\/p>\n<p class=\"dist__Box-sc-1fnzlkn-0 dist__TextBase-sc-1fnzlkn-3 CGHCP htMUPQ article-text\">Os Servi\u00e7os de Ambul\u00e2ncia e Emerg\u00eancia do Minist\u00e9rio da Sa\u00fade disseram que pelo menos 9 pessoas morreram e outras 16 ficaram feridas nos confrontos que duraram horas.<\/p>\n<p class=\"dist__Box-sc-1fnzlkn-0 dist__TextBase-sc-1fnzlkn-3 CGHCP htMUPQ article-text\">Os confrontos ocorreram ap\u00f3s uma tentativa de assassinato de al-Baqrah na sexta-feira, que sua mil\u00edcia atribuiu a al-Shahida Sabriya, de acordo com relatos da m\u00eddia local.<\/p>\n<p class=\"dist__Box-sc-1fnzlkn-0 dist__TextBase-sc-1fnzlkn-3 CGHCP htMUPQ article-text\">Khaled al-Meshry, o rec\u00e9m-eleito chefe do Alto Conselho de Estado, sediado no oeste, condenou a tentativa de assassinato e pediu uma investiga\u00e7\u00e3o para responsabilizar os respons\u00e1veis.<\/p>\n<p class=\"dist__Box-sc-1fnzlkn-0 dist__TextBase-sc-1fnzlkn-3 CGHCP htMUPQ article-text\">As partes em guerra s\u00e3o aliadas ao governo do Primeiro-Ministro Abdul Hamid Dbeibah. Seu porta-voz n\u00e3o respondeu a um pedido de coment\u00e1rio.<\/p>\n<p class=\"dist__Box-sc-1fnzlkn-0 dist__TextBase-sc-1fnzlkn-3 CGHCP htMUPQ article-text\">A viol\u00eancia ressaltou a fragilidade da L\u00edbia devastada pela guerra ap\u00f3s a revolta de 2011 que virou guerra civil, que derrubou e depois matou o ditador de longa data Muammar Gadhafi. Em meio ao caos, as mil\u00edcias cresceram em riqueza e poder, particularmente em Tr\u00edpoli e na parte ocidental do pa\u00eds.<\/p>\n<p class=\"dist__Box-sc-1fnzlkn-0 dist__TextBase-sc-1fnzlkn-3 CGHCP htMUPQ article-text\">A L\u00edbia foi dividida por anos entre administra\u00e7\u00f5es rivais no leste e oeste, cada uma apoiada por grupos armados e governos estrangeiros. Atualmente, \u00e9 governada pelo governo de Dbehiba em Tr\u00edpoli e pela administra\u00e7\u00e3o do Primeiro Ministro Ossama Hammad no leste. <\/p>\n<p class=\"dist__Box-sc-1fnzlkn-0 dist__TextBase-sc-1fnzlkn-3 CGHCP htMUPQ article-text\">O oeste da L\u00edbia \u00e9 controlado por uma s\u00e9rie de mil\u00edcias ilegais aliadas ao governo de Dbeibah, enquanto as for\u00e7as do poderoso comandante militar Khalifa Hifter controlam o leste e o sul do pa\u00eds.<\/p>\n<p class=\"dist__Box-sc-1fnzlkn-0 dist__TextBase-sc-1fnzlkn-3 CGHCP htMUPQ article-text\">A disputa interna entre mil\u00edcias na sexta-feira foi a mais recente de uma s\u00e9rie de confrontos entre mil\u00edcias que competem por influ\u00eancia no oeste do pa\u00eds.<\/p>\n<p class=\"dist__Box-sc-1fnzlkn-0 dist__TextBase-sc-1fnzlkn-3 CGHCP htMUPQ article-text\">Em maio, confrontos entre mil\u00edcias abalaram <a href=\"https:\/\/apnews.com\/article\/libya-clashes-militias-5f55247100c38ab4fa0cca0e986b49c1\">a cidade costeira de Zawiya<\/a>prendendo fam\u00edlias em suas casas, matando pelo menos uma pessoa e ferindo outras 22. E em agosto do ano passado, um per\u00edodo de 24 horas de combates entre mil\u00edcias rivais em Tr\u00edpoli matou <a href=\"https:\/\/apnews.com\/article\/libya-militia-fighting-war-tripoli-669fc3766a9d19d4d83270eac3e5686c\">pelo menos 45 pessoas.<\/a><\/p>\n<p class=\"dist__Box-sc-1fnzlkn-0 dist__TextBase-sc-1fnzlkn-3 CGHCP htMUPQ article-text\">Os confrontos na capital ocorreram quando as for\u00e7as de Hiftr disseram que enviaram tropas para as \u00e1reas do sudoeste para proteger as fronteiras do sul da L\u00edbia. A mobiliza\u00e7\u00e3o levou as mil\u00edcias no oeste da L\u00edbia a se mobilizarem em meio a preocupa\u00e7\u00f5es crescentes de uma potencial nova guerra entre o leste e o oeste da L\u00edbia.<\/p>\n<p class=\"dist__Box-sc-1fnzlkn-0 dist__TextBase-sc-1fnzlkn-3 CGHCP htMUPQ article-text\">A miss\u00e3o das Na\u00e7\u00f5es Unidas e as embaixadas ocidentais na L\u00edbia expressaram suas preocupa\u00e7\u00f5es de que o movimento militar pudesse explodir em uma guerra total entre as for\u00e7as de Hifter e as mil\u00edcias ocidentais, quatro anos ap\u00f3s um acordo de cessar-fogo encerrar uma guerra de 14 meses entre os dois lados.<\/p>\n<p class=\"dist__Box-sc-1fnzlkn-0 dist__TextBase-sc-1fnzlkn-3 CGHCP htMUPQ article-text\">\u201cTais movimentos correm o risco de escalada e confronto violento e podem colocar em risco o cessar-fogo de 2020\u201d, afirmou uma declara\u00e7\u00e3o conjunta das embaixadas da Fran\u00e7a, Alemanha, It\u00e1lia, Reino Unido e EUA.<\/p>\n<\/div>\n<p>Copyright 2024 The Associated Press. Todos os direitos reservados. Este material n\u00e3o pode ser publicado, transmitido, reescrito ou redistribu\u00eddo sem permiss\u00e3o.<\/p>\n<p><br \/>\n<br \/><a href=\"https:\/\/www.clickorlando.com\/news\/world\/2024\/08\/10\/militia-infighting-kills-at-least-9-in-libyas-capital-officials-say\/\">Source link <\/a><\/p>","protected":false},"excerpt":{"rendered":"<p>CAIRO \u2013 Confrontos entre dois grupos de mil\u00edcias fortemente armados na capital da L\u00edbia aterrorizaram moradores e mataram cerca de uma d\u00fazia de pessoas, o mais recente epis\u00f3dio de viol\u00eancia&hellip;<\/p>","protected":false},"author":1,"featured_media":21455,"comment_status":"closed","ping_status":"open","sticky":false,"template":"","format":"standard","meta":{"content-type":"","footnotes":""},"categories":[1],"tags":[1419],"class_list":["post-21454","post","type-post","status-publish","format-standard","has-post-thumbnail","hentry","category-uncategorized","tag-noticias-do-mundo"],"_links":{"self":[{"href":"https:\/\/tvbrazilusa.com\/pt\/wp-json\/wp\/v2\/posts\/21454","targetHints":{"allow":["GET"]}}],"collection":[{"href":"https:\/\/tvbrazilusa.com\/pt\/wp-json\/wp\/v2\/posts"}],"about":[{"href":"https:\/\/tvbrazilusa.com\/pt\/wp-json\/wp\/v2\/types\/post"}],"author":[{"embeddable":true,"href":"https:\/\/tvbrazilusa.com\/pt\/wp-json\/wp\/v2\/users\/1"}],"replies":[{"embeddable":true,"href":"https:\/\/tvbrazilusa.com\/pt\/wp-json\/wp\/v2\/comments?post=21454"}],"version-history":[{"count":1,"href":"https:\/\/tvbrazilusa.com\/pt\/wp-json\/wp\/v2\/posts\/21454\/revisions"}],"predecessor-version":[{"id":21456,"href":"https:\/\/tvbrazilusa.com\/pt\/wp-json\/wp\/v2\/posts\/21454\/revisions\/21456"}],"wp:featuredmedia":[{"embeddable":true,"href":"https:\/\/tvbrazilusa.com\/pt\/wp-json\/wp\/v2\/media\/21455"}],"wp:attachment":[{"href":"https:\/\/tvbrazilusa.com\/pt\/wp-json\/wp\/v2\/media?parent=21454"}],"wp:term":[{"taxonomy":"category","embeddable":true,"href":"https:\/\/tvbrazilusa.com\/pt\/wp-json\/wp\/v2\/categories?post=21454"},{"taxonomy":"post_tag","embeddable":true,"href":"https:\/\/tvbrazilusa.com\/pt\/wp-json\/wp\/v2\/tags?post=21454"}],"curies":[{"name":"wp","href":"https:\/\/api.w.org\/{rel}","templated":true}]}}