{"id":21457,"date":"2024-08-10T14:16:44","date_gmt":"2024-08-10T14:16:44","guid":{"rendered":"https:\/\/tvbrazilusa.com\/2024\/08\/10\/unica-crianca-a-bordo-do-aviao-que-caiu-em-vinhedo-tinha-3-anos-e-viajava-com-o-pai\/"},"modified":"2024-08-10T14:23:18","modified_gmt":"2024-08-10T14:23:18","slug":"unica-crianca-a-bordo-do-aviao-que-caiu-em-vinhedo-tinha-3-anos-e-viajava-com-o-pai","status":"publish","type":"post","link":"https:\/\/tvbrazilusa.com\/pt\/2024\/08\/10\/unica-crianca-a-bordo-do-aviao-que-caiu-em-vinhedo-tinha-3-anos-e-viajava-com-o-pai\/","title":{"rendered":"\u00danica crian\u00e7a a bordo do avi\u00e3o que caiu em Vinhedo tinha 3 anos e viajava com o pai"},"content":{"rendered":"<p> <script async src=\"https:\/\/pagead2.googlesyndication.com\/pagead\/js\/adsbygoogle.js?client=ca-pub-8864793242727901\"\r\n     crossorigin=\"anonymous\"><\/script><br \/>\n<\/p>\n<div>\n<p>Foto: Reprodu\u00e7\u00e3o.<\/p>\n<p>Uma triste trag\u00e9dia abalou o munic\u00edpio de Vinhedo, no interior de S\u00e3o Paulo, nesta sexta-feira (9). Um avi\u00e3o da VoePass caiu, resultando na morte de todas as 62 pessoas a bordo. A bordo da aeronave estava a pequena Liz Ibba dos Santos, de apenas 3 anos, que viajava ao lado do pai, Rafael Fernando dos Santos, de 41 anos. Eles planejavam passar o Dia dos Pais juntos.<\/p>\n<p>Rafael era servidor do Minist\u00e9rio P\u00fablico de Santa Catarina (MPSC) e a institui\u00e7\u00e3o decretou luto oficial de tr\u00eas dias. Rafael, programador de computador desde 2009, fazia parte da equipe da Ger\u00eancia de Sistemas de Informa\u00e7\u00e3o, da Coordenadoria de Tecnologia da Informa\u00e7\u00e3o (COTEC). Ele e a filha tinham guarda compartilhada, e Liz passaria o dia com ele. A trag\u00e9dia interrompeu esses planos.<\/p>\n<h2 class=\"wp-block-heading\">Queda do avi\u00e3o em Vinhedo<\/h2>\n<p>Os corpos dos ocupantes est\u00e3o sendo retirados do local do acidente desde a manh\u00e3 deste s\u00e1bado (10). Ap\u00f3s aproximadamente 17 horas de trabalho entre os destro\u00e7os, bombeiros e peritos seguem identificando e retirando os corpos.<\/p>\n<p>O avi\u00e3o, um ATR-72, transportava 58 passageiros e quatro tripulantes. Partindo de Cascavel, no Paran\u00e1, tinha como destino Guarulhos, em S\u00e3o Paulo. A opera\u00e7\u00e3o de retirada e identifica\u00e7\u00e3o dos corpos \u00e9 complexa e meticulosa, com peritos anotando a localiza\u00e7\u00e3o de cada corpo conforme o assento na aeronave.<\/p>\n<p>A aeronave da VoePass come\u00e7ou a sua queda abrupta, a mais de 500 km por hora. Informa\u00e7\u00f5es preliminares sugerem que o avi\u00e3o come\u00e7ou a descer rapidamente em um per\u00edodo de aproximadamente um minuto. A causa exata do acidente ainda est\u00e1 sendo investigada, mas surgiram relatos de que o piloto do voo anterior havia fotografado gelo na cabine do A320.<\/p>\n<h2 class=\"wp-block-heading\">Quem era Rafael Fernando dos Santos<\/h2>\n<p>Rafael Fernando dos Santos era um profissional dedicado e elogiado por colegas e superiores. Ele entrou no MPSC em 2009 como programador e era parte crucial da equipe de Tecnologia da Informa\u00e7\u00e3o. Descrito como um profissional comprometido, Rafael foi lembrado por sua presteza e excel\u00eancia.<\/p>\n<p>A promotora Luciana Cardoso Pilati Polli destacou a import\u00e2ncia do trabalho de Rafael, especialmente em concursos p\u00fablicos internos. O Procurador-Geral de Justi\u00e7a, F\u00e1bio de Souza Trajano, tamb\u00e9m expressou sua solidariedade \u00e0s fam\u00edlias das v\u00edtimas, ressaltando a dor e como\u00e7\u00e3o vividas neste momento.<\/p>\n<figure class=\"wp-block-image size-full\"><picture decoding=\"async\" class=\"wp-image-171356\"><source type=\"image\/webp\" srcset=\"https:\/\/terrabrasilnoticias.com\/wp-content\/uploads\/2024\/08\/image-317.png.webp 900w, https:\/\/terrabrasilnoticias.com\/wp-content\/uploads\/2024\/08\/image-317-300x169.png.webp 300w, https:\/\/terrabrasilnoticias.com\/wp-content\/uploads\/2024\/08\/image-317-768x432.png.webp 768w, https:\/\/terrabrasilnoticias.com\/wp-content\/uploads\/2024\/08\/image-317-750x422.png.webp 750w\" sizes=\"(max-width: 900px) 100vw, 900px\"\/><\/picture>\n<\/figure>\n<figure class=\"wp-block-image size-full\"><picture decoding=\"async\" class=\"wp-image-171357\"><source type=\"image\/webp\" srcset=\"https:\/\/terrabrasilnoticias.com\/wp-content\/uploads\/2024\/08\/image-318.png.webp\"\/><img fetchpriority=\"high\" decoding=\"async\" width=\"201\" height=\"251\" src=\"https:\/\/terrabrasilnoticias.com\/wp-content\/uploads\/2024\/08\/image-318.png\" alt=\"\"\/>\n<\/picture>\n<\/figure>\n<h2 class=\"wp-block-heading\">Identifica\u00e7\u00e3o e remo\u00e7\u00e3o dos Corpos<\/h2>\n<p>O trabalho de per\u00edcia no local foi intenso, com um gabinete de crise montado pela Pol\u00edcia Federal (PF). Carros da Pol\u00edcia Cient\u00edfica foram acionados no in\u00edcio da manh\u00e3 deste s\u00e1bado para dar suporte no local do acidente. A expectativa \u00e9 que todos os corpos das v\u00edtimas sejam retirados ainda hoje.<\/p>\n<ul class=\"wp-block-list\">\n<li>120 bombeiros atuam na retirada dos corpos.<\/li>\n<li>Peritos da Pol\u00edcia T\u00e9cnico-Cient\u00edfica e da Pol\u00edcia Federal est\u00e3o colaborando.<\/li>\n<li>O local de cada corpo \u00e9 anotado para identifica\u00e7\u00e3o.<\/li>\n<\/ul>\n<h2 class=\"wp-block-heading\">Impacto na Comunidade e no MPSC<\/h2>\n<p>A trag\u00e9dia afetou profundamente a comunidade e o MPSC. Rafael foi uma figura respeitada e admirada por seus colegas. A perda dele e de sua filha \u00e9 sentida n\u00e3o apenas por amigos e familiares, mas tamb\u00e9m pelo \u00f3rg\u00e3o ao qual ele dedicou anos de servi\u00e7o.<\/p>\n<p>A comunidade de Vinhedo e os familiares das demais v\u00edtimas tamb\u00e9m enfrentam um momento de profunda tristeza e perda. A solidariedade e o apoio s\u00e3o essenciais nesse momento dif\u00edcil para todos os envolvidos.<\/p>\n<p>A trag\u00e9dia em Vinhedo relembra as fragilidades e os riscos associados \u00e0s viagens a\u00e9reas. Os pr\u00f3ximos passos incluem a investiga\u00e7\u00e3o detalhada para determinar as causas do acidente, al\u00e9m de apoio cont\u00ednuo \u00e0s fam\u00edlias das v\u00edtimas.<\/p>\n<\/p><\/div>\n<p><br \/>\n<br \/><a href=\"https:\/\/terrabrasilnoticias.com\/2024\/08\/unica-crianca-a-bordo-do-aviao-que-caiu-em-vinhedo-tinha-3-anos-e-viajava-com-o-pai\/\">Source link <\/a><\/p>","protected":false},"excerpt":{"rendered":"<p>Foto: Reprodu\u00e7\u00e3o. Uma triste trag\u00e9dia abalou o munic\u00edpio de Vinhedo, no interior de S\u00e3o Paulo, nesta sexta-feira (9). Um avi\u00e3o da VoePass caiu, resultando na morte de todas as 62&hellip;<\/p>","protected":false},"author":1,"featured_media":21458,"comment_status":"closed","ping_status":"open","sticky":false,"template":"","format":"standard","meta":{"content-type":"","footnotes":""},"categories":[16],"tags":[],"class_list":["post-21457","post","type-post","status-publish","format-standard","has-post-thumbnail","hentry","category-noticias"],"_links":{"self":[{"href":"https:\/\/tvbrazilusa.com\/pt\/wp-json\/wp\/v2\/posts\/21457","targetHints":{"allow":["GET"]}}],"collection":[{"href":"https:\/\/tvbrazilusa.com\/pt\/wp-json\/wp\/v2\/posts"}],"about":[{"href":"https:\/\/tvbrazilusa.com\/pt\/wp-json\/wp\/v2\/types\/post"}],"author":[{"embeddable":true,"href":"https:\/\/tvbrazilusa.com\/pt\/wp-json\/wp\/v2\/users\/1"}],"replies":[{"embeddable":true,"href":"https:\/\/tvbrazilusa.com\/pt\/wp-json\/wp\/v2\/comments?post=21457"}],"version-history":[{"count":1,"href":"https:\/\/tvbrazilusa.com\/pt\/wp-json\/wp\/v2\/posts\/21457\/revisions"}],"predecessor-version":[{"id":21459,"href":"https:\/\/tvbrazilusa.com\/pt\/wp-json\/wp\/v2\/posts\/21457\/revisions\/21459"}],"wp:featuredmedia":[{"embeddable":true,"href":"https:\/\/tvbrazilusa.com\/pt\/wp-json\/wp\/v2\/media\/21458"}],"wp:attachment":[{"href":"https:\/\/tvbrazilusa.com\/pt\/wp-json\/wp\/v2\/media?parent=21457"}],"wp:term":[{"taxonomy":"category","embeddable":true,"href":"https:\/\/tvbrazilusa.com\/pt\/wp-json\/wp\/v2\/categories?post=21457"},{"taxonomy":"post_tag","embeddable":true,"href":"https:\/\/tvbrazilusa.com\/pt\/wp-json\/wp\/v2\/tags?post=21457"}],"curies":[{"name":"wp","href":"https:\/\/api.w.org\/{rel}","templated":true}]}}