{"id":21460,"date":"2024-08-10T14:25:39","date_gmt":"2024-08-10T14:25:39","guid":{"rendered":"https:\/\/tvbrazilusa.com\/2024\/08\/10\/morador-de-ri-morre-por-causa-de-bacteria-encontrada-na-agua-do-oceano\/"},"modified":"2024-08-10T14:28:39","modified_gmt":"2024-08-10T14:28:39","slug":"morador-de-ri-morre-por-causa-de-bacteria-encontrada-na-agua-do-oceano","status":"publish","type":"post","link":"https:\/\/tvbrazilusa.com\/pt\/2024\/08\/10\/morador-de-ri-morre-por-causa-de-bacteria-encontrada-na-agua-do-oceano\/","title":{"rendered":"Morador de RI morre por causa de bact\u00e9ria encontrada na \u00e1gua do oceano"},"content":{"rendered":"<p> <script async src=\"https:\/\/pagead2.googlesyndication.com\/pagead\/js\/adsbygoogle.js?client=ca-pub-8864793242727901\"\r\n     crossorigin=\"anonymous\"><\/script><br \/>\n<\/p>\n<div id=\"\">\n<header class=\"m-article-header m-article-header--standard\">\n\t\t\t\t\t\t\t\t\t\t\t\t<span id=\"article-header-primary-term\"><br \/>\n\t\t\t\t\t\t\t\t<a class=\"a-term a-term--primary\" href=\"https:\/\/www.boston.com\/tag\/health\/\"><\/p>\n<p>\t\t\t\t\t\t\t\tSa\u00fade\t\t\t\t\t\t\t\t<\/a><br \/>\n\t\t\t\t\t\t\t<\/span><\/p>\n<h2 class=\"m-article-header__sub-headline\">Autoridades de sa\u00fade pediram que as pessoas tenham cuidado em \u00e1guas costeiras depois que uma pessoa sucumbiu a uma rara infec\u00e7\u00e3o por vibriose neste m\u00eas.<\/h2>\n<figure class=\"a-photo m-article-header__photo\"><figcaption class=\"a-photo__caption\">\n\t<em> <\/em>\t<\/figcaption><\/figure>\n<\/header>\n<p>Autoridades de sa\u00fade de Rhode Island est\u00e3o alertando os banhistas sobre os riscos de entrar em \u00e1guas costeiras com feridas abertas depois que um morador morreu de uma infec\u00e7\u00e3o bacteriana rara.<\/p>\n<p>O Departamento de Sa\u00fade de Rhode Island disse que a pessoa, que eles n\u00e3o identificaram, morreu em algum momento deste m\u00eas ap\u00f3s ser infectada com vibriose. \u00c9 o primeiro caso relatado da infec\u00e7\u00e3o no estado desde 2017.<\/p>\n<p>A infec\u00e7\u00e3o \u00e9 causada pela bact\u00e9ria Vibrio vulnificus, que vive em \u00e1gua do mar morna ou salobra. As pessoas tamb\u00e9m podem desenvolver a infec\u00e7\u00e3o ao consumir frutos do mar crus ou malcozidos.<\/p>\n<p>Autoridades de sa\u00fade de Rhode Island disseram que a infec\u00e7\u00e3o \u00e9 \u201cmuito rara\u201d, mas perigosa para pessoas com problemas de sa\u00fade subjacentes. Em casos graves, as infec\u00e7\u00f5es podem causar sepse com risco de vida. Eles pediram que as pessoas evitem entrar no oceano ou em \u00e1gua salobra se tiverem cortes abertos, arranh\u00f5es, locais de cirurgia recentes, piercings recentes ou novas tatuagens.<\/p>\n<p>\u201cEmbora o Vibrio seja raro, \u00e9 importante que qualquer pessoa em risco tome precau\u00e7\u00f5es ao passar tempo em ou perto de \u00e1gua salobra ou salgada quando o tempo estiver quente\u201d, disse o Diretor de Sa\u00fade Jerry Larkin, MD. \u201cFique longe da \u00e1gua e tome precau\u00e7\u00f5es se tiver uma ruptura na pele ou ferida aberta, principalmente se tiver maior risco de doen\u00e7a grave.\u201d<\/p>\n<p>As autoridades de Rhode Island n\u00e3o informaram qual praia o morador visitou ou se estavam testando certas \u00e1reas costeiras para a bact\u00e9ria. <\/p>\n<p>De acordo com os Centros de Controle e Preven\u00e7\u00e3o de Doen\u00e7as (CDC), cerca de 150 a 200 infec\u00e7\u00f5es por Vibrio vulnificus s\u00e3o relatadas a cada ano. Desses casos, cerca de uma em cada cinco pessoas morre \u2014 \u00e0s vezes dentro de um a dois dias ap\u00f3s a pessoa ficar doente.<\/p>\n<p>A bact\u00e9ria Vibrio vulnificus \u00e9 encontrada em concentra\u00e7\u00f5es mais altas nos meses mais quentes, de maio a outubro. Especialistas preveem que casos de vibriose se tornar\u00e3o mais comuns com o aumento da temperatura do mar. <\/p>\n<p>No ver\u00e3o passado, o CDC relatou um aumento de casos graves e fatais de Vibrio vulnificus na Carolina do Norte, Nova York e Connecticut.<\/p>\n<p>Os sintomas da vibriose incluem v\u00f4mitos, diarreia aquosa e sanguinolenta, febre e dor de cabe\u00e7a. As pessoas correm maior risco de complica\u00e7\u00f5es se tiverem doen\u00e7a hep\u00e1tica, c\u00e2ncer, diabetes, HIV ou talassemia. Pessoas recebendo terapia imunossupressora, tomando medicamentos para diminuir o \u00e1cido estomacal ou se recuperando de cirurgia estomacal tamb\u00e9m s\u00e3o vulner\u00e1veis \u200b\u200ba doen\u00e7as graves.<\/p>\n<p>Autoridades de sa\u00fade p\u00fablica disseram que as pessoas devem lavar feridas abertas com sab\u00e3o e \u00e1gua limpa e corrente se entrarem em contato com \u00e1gua salgada, \u00e1gua salobra ou gotejamentos de frutos do mar crus ou malcozidos. Eles tamb\u00e9m pediram que as pessoas procurem atendimento m\u00e9dico imediato aos primeiros sinais de infec\u00e7\u00e3o de ferida.<\/p>\n<div class=\"m-block m-generic-cta\t m-generic-cta--post-content\t m-generic-cta--dark\t m-generic-cta--homepage\t m-generic-cta--email-signup\t\t m-generic-cta-block-style--default \tt-amp__generic-cta\"><\/p>\n<div class=\"m-generic-cta__wrap\">\n<div class=\"m-generic-cta__content\">\n<h3 class=\"m-generic-cta__title\">Inscri\u00e7\u00e3o no boletim informativo<\/h3>\n<p class=\"m-generic-cta__subtitle\">Fique por dentro das \u00faltimas not\u00edcias do Boston.com<\/p>\n<\/p><\/div>\n<\/p><\/div>\n<\/div><\/div>\n<p><script>\n\t\tvar consent=\"grant\";\n\t\t\/* The above code is parsing the JSON data from the local storage and storing it in a variable. *\/\n\t\t\t\t\tconst onetrustStorageConsent = JSON.parse(localStorage.getItem( 'consent_one_trust_bdc' ) );\n\t\t\tif ( ( onetrustStorageConsent !== null ) ) {\n\t\t\t\t\/* Checking to see if the user has consented to the use of cookies.\n\t\t\t\t* If they have not, it is deleting the cookie.\n\t\t\t\t* This will comment for now, until further notice.\n\t\t\t\t*\/\n\t\t\t\t\/\/if ( onetrustStorageConsent.C0002 === false ) {\n\t\t\t\t\/\/\tdocument.cookie=\"_fbp=;expires=Thu, 01 Jan 2010 00:00:00 UTC; path=\/; domain=.boston.com\";\n\t\t\t\t\/\/}\n\t\t\t\t\/* Checking if the user has given consent for the cookie C0002.\n\t\t\t\t* If the user has given consent, the variable consent will be set to 'grant'.\n\t\t\t\t* If the user has not given consent,the variable consent will be set to 'revoke'.\n\t\t\t\t* Documentation https:\/\/developers.facebook.com\/docs\/meta-pixel\/implementation\/gdpr\n\t\t\t\t*\/\n\t\t\t\tif ( onetrustStorageConsent.C0002 !== true ) {\n\t\t\t\t\tconsent=\"revoke\";\n\t\t\t\t}\n\t\t\t}\n\t\t\t\t!function(f,b,e,v,n,t,s)\n\t\t{if(f.fbq)return;n=f.fbq=function(){n.callMethod?\n\t\tn.callMethod.apply(n,arguments):n.queue.push(arguments)};\n\t\tif(!f._fbq)f._fbq=n;n.push=n;n.loaded=!0;n.version='2.0';\n\t\tn.queue=[];t=b.createElement(e);t.async=!0;\n\t\tt.src=v;s=b.getElementsByTagName(e)[0];\n\t\ts.parentNode.insertBefore(t,s)}(window, document,'script',\n\t\t'https:\/\/connect.facebook.net\/en_US\/fbevents.js');\n\t\tfbq('consent', consent);\n\t\tfbq('init', '989222871864976');\n\t\tfbq('track', 'PageView');\n\t<\/script><script type=\"module\">\n\t\tvar consent=\"grant\";\n\t\t\/* The above code is parsing the JSON data from the local storage and storing it in a variable. *\/\n\t\t\tconst onetrustStorageConsent = JSON.parse(localStorage.getItem( 'consent_one_trust_bdc' ) );\n\t\t\t\/* Checking to see if the user has consented to the use of cookies.\n\t\t\t* If they have not, it is deleting the cookie.\n\t\t\t* This will comment for now, until further notice.\n\t\t\t*\/\n\t\t\t\/\/if ( onetrustStorageConsent.C0002 === false ) {\n\t\t\t\/\/\tdocument.cookie=\"_fbp=;expires=Thu, 01 Jan 2010 00:00:00 UTC; path=\/; domain=.boston.com\";\n\t\t\t\/\/}\n\t\t\t\/* Checking if the user has given consent for the cookie C0002.\n\t\t\t* If the user has given consent, the variable consent will be set to 'grant'.\n\t\t\t* If the user has not given consent,the variable consent will be set to 'revoke'.\n\t\t\t* Documentation https:\/\/developers.facebook.com\/docs\/meta-pixel\/implementation\/gdpr\n\t\t\t*\/\n\t\t\tif ( ( onetrustStorageConsent !== null ) && (onetrustStorageConsent.C0002 !== true ) ) {\n\t\t\t\tconsent=\"revoke\";\n\t\t\t}\n\t\t\t\t!function(f,b,e,v,n,t,s){if(f.fbq)return;n=f.fbq=function()\n\t\t{n.callMethod? n.callMethod.apply(n,arguments):n.queue.push(arguments)}\n\t\t;if(!f._fbq)f._fbq=n;\n\t\tn.push=n;n.loaded=!0;n.version='2.0';n.queue=[];t=b.createElement(e);t.async=!0;\n\t\tt.src=v;s=b.getElementsByTagName(e)[0];s.parentNode.insertBefore(t,s)}(window,\n\t\tdocument,'script','https:\/\/connect.facebook.net\/en_US\/fbevents.js');\n\t\tfbq('consent', consent);\n\t\tfbq('init', '813236348753005');\n\t\tfbq('track', \"PageView\");\n\t<\/script><br \/>\n<br \/><br \/>\n<br \/><a href=\"https:\/\/www.boston.com\/news\/health\/2024\/08\/10\/r-i-resident-dies-from-bacteria-found-in-ocean-water\/\">Source link <\/a><\/p>","protected":false},"excerpt":{"rendered":"<p>Sa\u00fade Autoridades de sa\u00fade pediram que as pessoas tenham cuidado em \u00e1guas costeiras depois que uma pessoa sucumbiu a uma rara infec\u00e7\u00e3o por vibriose neste m\u00eas. Autoridades de sa\u00fade de&hellip;<\/p>","protected":false},"author":1,"featured_media":7825,"comment_status":"closed","ping_status":"open","sticky":false,"template":"","format":"standard","meta":{"content-type":"","footnotes":""},"categories":[1],"tags":[],"class_list":["post-21460","post","type-post","status-publish","format-standard","has-post-thumbnail","hentry","category-uncategorized"],"_links":{"self":[{"href":"https:\/\/tvbrazilusa.com\/pt\/wp-json\/wp\/v2\/posts\/21460","targetHints":{"allow":["GET"]}}],"collection":[{"href":"https:\/\/tvbrazilusa.com\/pt\/wp-json\/wp\/v2\/posts"}],"about":[{"href":"https:\/\/tvbrazilusa.com\/pt\/wp-json\/wp\/v2\/types\/post"}],"author":[{"embeddable":true,"href":"https:\/\/tvbrazilusa.com\/pt\/wp-json\/wp\/v2\/users\/1"}],"replies":[{"embeddable":true,"href":"https:\/\/tvbrazilusa.com\/pt\/wp-json\/wp\/v2\/comments?post=21460"}],"version-history":[{"count":1,"href":"https:\/\/tvbrazilusa.com\/pt\/wp-json\/wp\/v2\/posts\/21460\/revisions"}],"predecessor-version":[{"id":21461,"href":"https:\/\/tvbrazilusa.com\/pt\/wp-json\/wp\/v2\/posts\/21460\/revisions\/21461"}],"wp:featuredmedia":[{"embeddable":true,"href":"https:\/\/tvbrazilusa.com\/pt\/wp-json\/wp\/v2\/media\/7825"}],"wp:attachment":[{"href":"https:\/\/tvbrazilusa.com\/pt\/wp-json\/wp\/v2\/media?parent=21460"}],"wp:term":[{"taxonomy":"category","embeddable":true,"href":"https:\/\/tvbrazilusa.com\/pt\/wp-json\/wp\/v2\/categories?post=21460"},{"taxonomy":"post_tag","embeddable":true,"href":"https:\/\/tvbrazilusa.com\/pt\/wp-json\/wp\/v2\/tags?post=21460"}],"curies":[{"name":"wp","href":"https:\/\/api.w.org\/{rel}","templated":true}]}}