{"id":21479,"date":"2024-08-10T15:36:14","date_gmt":"2024-08-10T15:36:14","guid":{"rendered":"https:\/\/tvbrazilusa.com\/2024\/08\/10\/internet-resgata-video-onde-ciro-gomes-detona-lula-por-acusar-falsamente-bolsonaro-de-genocida-assista\/"},"modified":"2024-08-10T15:36:54","modified_gmt":"2024-08-10T15:36:54","slug":"internet-resgata-video-onde-ciro-gomes-detona-lula-por-acusar-falsamente-bolsonaro-de-genocida-assista","status":"publish","type":"post","link":"https:\/\/tvbrazilusa.com\/pt\/2024\/08\/10\/internet-resgata-video-onde-ciro-gomes-detona-lula-por-acusar-falsamente-bolsonaro-de-genocida-assista\/","title":{"rendered":"Internet resgata v\u00eddeo onde Ciro Gomes detona Lula por acusar falsamente Bolsonaro de genocida; ASSISTA"},"content":{"rendered":"<p> <script async src=\"https:\/\/pagead2.googlesyndication.com\/pagead\/js\/adsbygoogle.js?client=ca-pub-8864793242727901\"\r\n     crossorigin=\"anonymous\"><\/script><br \/>\n<\/p>\n<div>\n<p>Foto: Reprodu\u00e7\u00e3o.<\/p>\n<p>O ex-presidenci\u00e1vel Ciro Gomes (PDT) fez duras cr\u00edticas \u00e0 gest\u00e3o da pol\u00edtica econ\u00f4mica do presidente Luiz In\u00e1cio Lula da Silva (PT) durante uma entrevista ao CNN Entrevistas em mar\u00e7o deste ano. Segundo Ciro, a administra\u00e7\u00e3o econ\u00f4mica do governo atual n\u00e3o se diferencia das pr\u00e1ticas adotadas pelo ex-presidente Jair Bolsonaro (PL). \u201cN\u00e3o mudou nada. \u00c9 chocante o que eu estou dizendo. Desde os dados graves da economia, super\u00e1vit prim\u00e1rio, meta de infla\u00e7\u00e3o, c\u00e2mbio flutuante\u201d, apontou Ciro.<\/p>\n<p>Para Ciro Gomes, a polariza\u00e7\u00e3o entre esquerda e direita no Brasil n\u00e3o trouxe mudan\u00e7as significativas na economia nacional. De acordo com ele, a elite pol\u00edtica do pa\u00eds est\u00e1 dividida em um debate est\u00e9ril que, no fim das contas, n\u00e3o representa uma verdadeira transforma\u00e7\u00e3o econ\u00f4mica. \u201cA linha econ\u00f4mica do governo segue a mesma\u201d, afirmou.<\/p>\n<p>Durante a entrevista, Ciro Gomes criticou Lula e sua assessoria por acusarem falsamente Bolsonaro de genocida. Assista:<\/p>\n<blockquote class=\"instagram-media\" data-instgrm-captioned=\"\" data-instgrm-permalink=\"https:\/\/www.instagram.com\/reel\/C-fnln1Rctx\/?utm_source=ig_embed&#038;utm_campaign=loading\" data-instgrm-version=\"14\" style=\" background:#FFF; border:0; border-radius:3px; box-shadow:0 0 1px 0 rgba(0,0,0,0.5),0 1px 10px 0 rgba(0,0,0,0.15); margin: 1px; max-width:540px; min-width:326px; padding:0; width:99.375%; width:-webkit-calc(100% - 2px); width:calc(100% - 2px);\"\/>\n<h2 class=\"wp-block-heading\">Ciro Gomes desiste da vida p\u00fablica<\/h2>\n<p>Ciro Gomes declarou que desistiu da vida p\u00fablica devido \u00e0 \u201cprostra\u00e7\u00e3o da sociedade civil brasileira\u201d. Ele enfatizou que n\u00e3o pretende mais se candidatar a nenhum cargo pol\u00edtico. \u201cEu n\u00e3o desisti, eu fui desistido. Eu estou lutando por outras obras. S\u00f3 n\u00e3o quero submeter as minhas ideias a um processo eleitoral viciado. Eu n\u00e3o pretendo mais ser candidato a nada. Vamos ver se eu consigo\u201d, afirmou Ciro.<\/p>\n<p>Durante a entrevista, Ciro tamb\u00e9m destacou que, apesar de suas cr\u00edticas, o governo de Lula tem uma \u201ccivilidade no tratamento do valor da democracia\u201d que o diferencia da administra\u00e7\u00e3o de Bolsonaro. \u201cVoc\u00ea ter algu\u00e9m do campo da democracia, sabe com quem voc\u00ea pode dialogar, sem ter o risco amanh\u00e3 de levar um tiro\u201d, disse.<\/p>\n<h2 class=\"wp-block-heading\">Resposta do governo e de Bolsonaro \u00e0s cr\u00edticas de Ciro<\/h2>\n<p>Ao serem procuradas pela CNN, a assessoria de imprensa da Presid\u00eancia da Rep\u00fablica n\u00e3o respondeu \u00e0s cr\u00edticas de Ciro Gomes, e a assessoria de Jair Bolsonaro tamb\u00e9m preferiu n\u00e3o comentar as declara\u00e7\u00f5es. Com rela\u00e7\u00e3o \u00e0 disposi\u00e7\u00e3o para dialogar com Lula, Ciro afirmou que estaria sempre aberto ao di\u00e1logo. \u201cOlha, voc\u00ea imagina se eu n\u00e3o estou disposto. Eu converso at\u00e9 com Satan\u00e1s se o assunto for a obra de Deus\u201d, finalizou.<\/p>\n<p>Outro ponto pol\u00eamico levantado por Ciro foi sua cr\u00edtica ao comportamento de Lula em rela\u00e7\u00e3o \u00e0 pol\u00edtica internacional. Ele aconselhou o presidente a deixar de querer ser um \u201cpopstar estrangeiro\u201d e melhorar sua equipe de governo, que classificou como \u201cindiz\u00edvel\u201d e composta por \u201cgente deslumbrada\u201d.<\/p>\n<p>Ciro Gomes finalizou a entrevista afirmando que, apesar de suas cr\u00edticas, ele ainda considera importante manter um di\u00e1logo democr\u00e1tico e que seu compromisso \u00e9 com o futuro do pa\u00eds. Como sempre, suas declara\u00e7\u00f5es geraram repercuss\u00e3o e dividiram opini\u00f5es no cen\u00e1rio pol\u00edtico nacional.<\/p>\n<\/p><\/div>\n<p><script async src=\"\/\/www.instagram.com\/embed.js\"><\/script><br \/>\n<br \/><br \/>\n<br \/><a href=\"https:\/\/terrabrasilnoticias.com\/2024\/08\/internet-resgata-video-onde-ciro-gomes-detona-lula-por-acusar-falsamente-bolsonaro-de-genocida-assista\/\">Source link <\/a><\/p>","protected":false},"excerpt":{"rendered":"<p>Foto: Reprodu\u00e7\u00e3o. O ex-presidenci\u00e1vel Ciro Gomes (PDT) fez duras cr\u00edticas \u00e0 gest\u00e3o da pol\u00edtica econ\u00f4mica do presidente Luiz In\u00e1cio Lula da Silva (PT) durante uma entrevista ao CNN Entrevistas em&hellip;<\/p>","protected":false},"author":1,"featured_media":21480,"comment_status":"closed","ping_status":"open","sticky":false,"template":"","format":"standard","meta":{"content-type":"","footnotes":""},"categories":[16],"tags":[],"class_list":["post-21479","post","type-post","status-publish","format-standard","has-post-thumbnail","hentry","category-noticias"],"_links":{"self":[{"href":"https:\/\/tvbrazilusa.com\/pt\/wp-json\/wp\/v2\/posts\/21479","targetHints":{"allow":["GET"]}}],"collection":[{"href":"https:\/\/tvbrazilusa.com\/pt\/wp-json\/wp\/v2\/posts"}],"about":[{"href":"https:\/\/tvbrazilusa.com\/pt\/wp-json\/wp\/v2\/types\/post"}],"author":[{"embeddable":true,"href":"https:\/\/tvbrazilusa.com\/pt\/wp-json\/wp\/v2\/users\/1"}],"replies":[{"embeddable":true,"href":"https:\/\/tvbrazilusa.com\/pt\/wp-json\/wp\/v2\/comments?post=21479"}],"version-history":[{"count":1,"href":"https:\/\/tvbrazilusa.com\/pt\/wp-json\/wp\/v2\/posts\/21479\/revisions"}],"predecessor-version":[{"id":21481,"href":"https:\/\/tvbrazilusa.com\/pt\/wp-json\/wp\/v2\/posts\/21479\/revisions\/21481"}],"wp:featuredmedia":[{"embeddable":true,"href":"https:\/\/tvbrazilusa.com\/pt\/wp-json\/wp\/v2\/media\/21480"}],"wp:attachment":[{"href":"https:\/\/tvbrazilusa.com\/pt\/wp-json\/wp\/v2\/media?parent=21479"}],"wp:term":[{"taxonomy":"category","embeddable":true,"href":"https:\/\/tvbrazilusa.com\/pt\/wp-json\/wp\/v2\/categories?post=21479"},{"taxonomy":"post_tag","embeddable":true,"href":"https:\/\/tvbrazilusa.com\/pt\/wp-json\/wp\/v2\/tags?post=21479"}],"curies":[{"name":"wp","href":"https:\/\/api.w.org\/{rel}","templated":true}]}}