{"id":21485,"date":"2024-08-10T15:48:49","date_gmt":"2024-08-10T15:48:49","guid":{"rendered":"https:\/\/tvbrazilusa.com\/2024\/08\/10\/pec-da-seguranca-lewandowski-tem-apoio-de-governadores-do-sul-e-sudeste-paulo-figueiredo\/"},"modified":"2024-08-10T15:50:22","modified_gmt":"2024-08-10T15:50:22","slug":"pec-da-seguranca-lewandowski-tem-apoio-de-governadores-do-sul-e-sudeste-paulo-figueiredo","status":"publish","type":"post","link":"https:\/\/tvbrazilusa.com\/pt\/2024\/08\/10\/pec-da-seguranca-lewandowski-tem-apoio-de-governadores-do-sul-e-sudeste-paulo-figueiredo\/","title":{"rendered":"PEC da seguran\u00e7a: Lewandowski tem apoio de governadores do Sul e Sudeste &#8211; Paulo Figueiredo"},"content":{"rendered":"<p> <script async src=\"https:\/\/pagead2.googlesyndication.com\/pagead\/js\/adsbygoogle.js?client=ca-pub-8864793242727901\"\r\n     crossorigin=\"anonymous\"><\/script><br \/>\n<\/p>\n<div id=\"wtr-content\" data-bg=\"#FFFFFF\" data-fg=\"#006d91\" data-width=\"25\" data-mute=\"1\" data-fgopacity=\"1.00\" data-mutedopacity=\"0.5\" data-placement=\"bottom\" data-placement-offset=\"0\" data-content-offset=\"262\" data-placement-touch=\"bottom\" data-placement-offset-touch=\"0\" data-transparent=\"\" data-shadow=\"0\" data-touch=\"1\" data-non-touch=\"1\" data-comments=\"0\" data-commentsbg=\"transparent\" data-location=\"page\" data-mutedfg=\"#006d91\" data-endfg=\"#006d91\" data-rtl=\"\">\n<pre class=\"wp-block-preformatted has-small-font-size\">Foto - Marcelo Camargo\/Ag\u00eancia Brasil<\/pre>\n<p>O ministro da Justi\u00e7a e Seguran\u00e7a P\u00fablica,\u00a0Ricardo Lewandowski,\u00a0voltou a garantir que a PEC da seguran\u00e7a ser\u00e1 elaborada com a participa\u00e7\u00e3o dos governadores e do legislativo. O an\u00fancio ocorreu durante o\u00a011\u00aa edi\u00e7\u00e3o do Cons\u00f3rcio de Integra\u00e7\u00e3o Sul e Sudeste (Cosud), em Pedra Azul (ES).<\/p>\n<p>De acordo com Lewandowski, a pr\u00f3xima etapa da discuss\u00e3o sobre a proposta ser\u00e1 uma reuni\u00e3o com governadores, os chefes dos poderes Legislativo e Judici\u00e1rio e com o presidente da Rep\u00fablica, Luiz In\u00e1cio Lula da Silva (PT).<\/p>\n<p>\u201cO projeto ser\u00e1 discutido nacionalmente antes de ser apresentado ao Congresso Nacional. O presidente Lula pretende se reunir com os estados, representantes da sociedade civil e com os demais chefes dos Poderes, como o presidente do Senado, da C\u00e2mara dos Deputados, do Supremo Tribunal Federal (STF) e com o procurador-geral da Rep\u00fablica\u201d, declarou Lewandowski.<\/p>\n<p>Participaram da reuni\u00e3o os governadores do Esp\u00edrito Santo, Renato Casagrande; de Santa Catarina, Jorginho Mello; do Rio Grande do Sul, Eduardo Leite; de Minas Gerais, Romeu Zema; de S\u00e3o Paulo, Tarc\u00edsio de Freitas; e do Rio de Janeiro, Cl\u00e1udio Castro.<\/p>\n<h3 class=\"wp-block-heading\">Ministro sinalizou unanimidade sobre a PEC da seguran\u00e7a<\/h3>\n<p>Ap\u00f3s o encontro com os governadores, inclusive de oposi\u00e7\u00e3o, o ministro Lewandowski informou que houve unanimidade quanto \u00e0 necessidade de uma coordena\u00e7\u00e3o de esfor\u00e7os, intelig\u00eancia \u00fanica e padroniza\u00e7\u00e3o de dados em rela\u00e7\u00e3o \u00e0 seguran\u00e7a p\u00fablica.<\/p>\n<p>\u201cO projeto de reforma da Constitui\u00e7\u00e3o para revisitar a seguran\u00e7a p\u00fablica foi muito bem recebido pelos governadores. Senti que teremos o apoio deles para essa reformula\u00e7\u00e3o da seguran\u00e7a p\u00fablica em nosso pa\u00eds\u201d, afirmou Lewandowski.<\/p>\n<p>O ministro ainda destacou que n\u00e3o haver\u00e1 impacto na autonomia dos estados e munic\u00edpios e que a PEC n\u00e3o prev\u00ea altera\u00e7\u00f5es nas atribui\u00e7\u00f5es das pol\u00edcias civis e militares, al\u00e9m das guardas municipais.<\/p>\n<p>\u201cO crime organizado \u00e9 uma realidade interestadual e transnacional atualmente. Sem um esfor\u00e7o coletivo que integre Uni\u00e3o, estados e munic\u00edpios, n\u00e3o vamos conseguir enfrentar esse problema de forma eficiente\u201d, concluiu.<\/p>\n<p><strong><a href=\"https:\/\/www.gazetadopovo.com.br\/republica\/pec-da-seguranca-lewandowski-tem-apoio-de-governadores-do-sul-e-sudeste\/\">Source link<\/a><\/strong><\/p>\n<\/div>\n<p><br \/>\n<br \/><a href=\"https:\/\/paulofigueiredoshow.com\/pec-da-seguranca-lewandowski-tem-apoio-de-governadores-do-sul-e-sudeste\/\">Source link <\/a><\/p>","protected":false},"excerpt":{"rendered":"<p>Foto &#8211; Marcelo Camargo\/Ag\u00eancia Brasil O ministro da Justi\u00e7a e Seguran\u00e7a P\u00fablica,\u00a0Ricardo Lewandowski,\u00a0voltou a garantir que a PEC da seguran\u00e7a ser\u00e1 elaborada com a participa\u00e7\u00e3o dos governadores e do legislativo.&hellip;<\/p>","protected":false},"author":1,"featured_media":21486,"comment_status":"closed","ping_status":"open","sticky":false,"template":"","format":"standard","meta":{"content-type":"","footnotes":""},"categories":[16],"tags":[10001,336,89,1602,1378,1605,1606],"class_list":["post-21485","post","type-post","status-publish","format-standard","has-post-thumbnail","hentry","category-noticias","tag-governadores","tag-governo","tag-lula","tag-pec","tag-pt","tag-ricardo-lewandowski","tag-seguranca"],"_links":{"self":[{"href":"https:\/\/tvbrazilusa.com\/pt\/wp-json\/wp\/v2\/posts\/21485","targetHints":{"allow":["GET"]}}],"collection":[{"href":"https:\/\/tvbrazilusa.com\/pt\/wp-json\/wp\/v2\/posts"}],"about":[{"href":"https:\/\/tvbrazilusa.com\/pt\/wp-json\/wp\/v2\/types\/post"}],"author":[{"embeddable":true,"href":"https:\/\/tvbrazilusa.com\/pt\/wp-json\/wp\/v2\/users\/1"}],"replies":[{"embeddable":true,"href":"https:\/\/tvbrazilusa.com\/pt\/wp-json\/wp\/v2\/comments?post=21485"}],"version-history":[{"count":1,"href":"https:\/\/tvbrazilusa.com\/pt\/wp-json\/wp\/v2\/posts\/21485\/revisions"}],"predecessor-version":[{"id":21487,"href":"https:\/\/tvbrazilusa.com\/pt\/wp-json\/wp\/v2\/posts\/21485\/revisions\/21487"}],"wp:featuredmedia":[{"embeddable":true,"href":"https:\/\/tvbrazilusa.com\/pt\/wp-json\/wp\/v2\/media\/21486"}],"wp:attachment":[{"href":"https:\/\/tvbrazilusa.com\/pt\/wp-json\/wp\/v2\/media?parent=21485"}],"wp:term":[{"taxonomy":"category","embeddable":true,"href":"https:\/\/tvbrazilusa.com\/pt\/wp-json\/wp\/v2\/categories?post=21485"},{"taxonomy":"post_tag","embeddable":true,"href":"https:\/\/tvbrazilusa.com\/pt\/wp-json\/wp\/v2\/tags?post=21485"}],"curies":[{"name":"wp","href":"https:\/\/api.w.org\/{rel}","templated":true}]}}