{"id":21513,"date":"2024-08-10T16:44:08","date_gmt":"2024-08-10T16:44:08","guid":{"rendered":"https:\/\/tvbrazilusa.com\/2024\/08\/10\/midia-tradicional-do-reino-unido-clama-por-censura-apos-disturbios-anti-imigracao-paulo-figueiredo\/"},"modified":"2024-08-10T16:50:40","modified_gmt":"2024-08-10T16:50:40","slug":"midia-tradicional-do-reino-unido-clama-por-censura-apos-disturbios-anti-imigracao-paulo-figueiredo","status":"publish","type":"post","link":"https:\/\/tvbrazilusa.com\/pt\/2024\/08\/10\/midia-tradicional-do-reino-unido-clama-por-censura-apos-disturbios-anti-imigracao-paulo-figueiredo\/","title":{"rendered":"M\u00eddia Tradicional do Reino Unido Clama por Censura ap\u00f3s Dist\u00farbios Anti-Imigra\u00e7\u00e3o &#8211; Paulo Figueiredo"},"content":{"rendered":"<p> <script async src=\"https:\/\/pagead2.googlesyndication.com\/pagead\/js\/adsbygoogle.js?client=ca-pub-8864793242727901\"\r\n     crossorigin=\"anonymous\"><\/script><br \/>\n<\/p>\n<div id=\"wtr-content\" data-bg=\"#FFFFFF\" data-fg=\"#006d91\" data-width=\"25\" data-mute=\"1\" data-fgopacity=\"1.00\" data-mutedopacity=\"0.5\" data-placement=\"bottom\" data-placement-offset=\"0\" data-content-offset=\"262\" data-placement-touch=\"bottom\" data-placement-offset-touch=\"0\" data-transparent=\"\" data-shadow=\"0\" data-touch=\"1\" data-non-touch=\"1\" data-comments=\"0\" data-commentsbg=\"transparent\" data-location=\"page\" data-mutedfg=\"#006d91\" data-endfg=\"#006d91\" data-rtl=\"\">\n<pre class=\"wp-block-preformatted has-small-font-size\">Foto - Kin Cheung<\/pre>\n<p>A m\u00eddia tradicional brit\u00e2nica, em uma aparente tentativa de desviar a aten\u00e7\u00e3o dos problemas subjacentes que o Reino Unido enfrenta, buscou culpar as redes sociais pelos dist\u00farbios contra a imigra\u00e7\u00e3o em massa, ao mesmo tempo em que instiga o governo a adotar medidas mais rigorosas de censura.<\/p>\n<p>Elon Musk, as redes sociais e a \u201cdesinforma\u00e7\u00e3o\u201d s\u00e3o os verdadeiros culpados, argumentam os ve\u00edculos de m\u00eddia tradicionais, pelos protestos e tumultos que eclodiram em todo o pa\u00eds ap\u00f3s o assassinato de tr\u00eas meninas em um ataque a facadas, supostamente cometido por um imigrante de segunda gera\u00e7\u00e3o de Ruanda.<\/p>\n<p>Em um artigo para o jornal de esquerda The Guardian, o colunista e apresentador da BBC Jonathan Freedland declarou na sexta-feira: \u201cSe as autoridades do Reino Unido realmente quiserem responsabilizar todos aqueles que desencadearam dist\u00farbios e pogroms na Gr\u00e3-Bretanha, precisam ir atr\u00e1s de Elon Musk.\u201d<\/p>\n<p>O escritor do Guardian afirmou que o chefe da Tesla transformou o X (antigo Twitter) em um \u201cespa\u00e7o seguro para o racismo e o \u00f3dio quase imediatamente ap\u00f3s compr\u00e1-lo\u201d, apontando para a reintegra\u00e7\u00e3o de personalidades banidas como Tommy Robinson e Andrew Tate.<\/p>\n<p>\u201cMentiras podem de fato matar e, embora existam muitos outros, um dos inimigos mais prol\u00edficos da verdade no mundo \u00e9 Elon Musk. Ele \u00e9, sem d\u00favida, a figura mais significativa da extrema direita global e det\u00e9m o maior megafone do mundo. Como ele pode dizer, uma batalha para derrot\u00e1-lo agora \u00e9 inevit\u00e1vel \u2013 e deve ser vencida\u201d, escreveu Freedland.<\/p>\n<p>Ele sugeriu que, se Kamala Harris for eleita presidente dos EUA no outono, o primeiro-ministro brit\u00e2nico Sir Keir Starmer deve trabalhar com a Casa Branca para implementar uma repress\u00e3o global contra a chamada desinforma\u00e7\u00e3o.<\/p>\n<figure class=\"wp-block-embed is-type-rich is-provider-twitter wp-block-embed-twitter\"\/>\n<p>O ex-editor do Guardian, Alan Rusbridger, escrevendo para o site do Independent, descreveu Musk como um \u201cincendi\u00e1rio com uma enorme caixa de f\u00f3sforos\u201d, enquanto afirmava que \u201ca regula\u00e7\u00e3o, at\u00e9 o momento, n\u00e3o fez muito para conter o entusiasmo de Musk por amplificar mentiras e \u00f3dio em sua plataforma.\u201d<\/p>\n<p>\u201cEste \u00e9 um problema que n\u00e3o pode mais ser ignorado\u201d, afirmou Rusbridger, acrescentando: \u201cMas podemos lutar para insistir em algumas fronteiras b\u00e1sicas nos espa\u00e7os digitais.\u201d<\/p>\n<p>Enquanto isso, o editor associado do globalista Financial Times, Edward Luce, declarou no X: \u201cN\u00e3o posso dizer isso o suficiente; a amea\u00e7a de Elon Musk \u00e0 democracia \u00e9 intoler\u00e1vel. Ele est\u00e1 usando a maior e mais influente plataforma do mundo democr\u00e1tico para instigar conflitos raciais e o colapso civil \u2013 em suas pr\u00f3prias postagens e no que o X promove. As democracias n\u00e3o podem mais ignorar isso.\u201d<\/p>\n<figure class=\"wp-block-embed is-type-rich is-provider-twitter wp-block-embed-twitter\">\n<div class=\"wp-block-embed__wrapper\">\n<blockquote class=\"twitter-tweet\" data-width=\"550\" data-dnt=\"true\">\n<p lang=\"en\" dir=\"ltr\">\u201cBan social media during unrest?\u201d<\/p>\n<p>They want to ban \ud835\udd4f<\/p>\n<p>Legacy media is pushing the Government\u2019s agenda.<\/p>\n<p>Twitter is the No. 1 news source in the UK. MSM hate it for that reason. The Government hates it because they cannot control us if we have free speech<a href=\"https:\/\/t.co\/5dOX77vsbt\">pic.twitter.com\/5dOX77vsbt<\/a><\/p>\n<p>\u2014 Fr Calvin Robinson (@calvinrobinson) <a href=\"https:\/\/twitter.com\/calvinrobinson\/status\/1821115428300538014?ref_src=twsrc%5Etfw\">August 7, 2024<\/a><\/p><\/blockquote>\n<\/div>\n<\/figure>\n<p>Houve sugest\u00f5es de que o governo deveria desligar as redes sociais durante per\u00edodos de agita\u00e7\u00e3o, e at\u00e9 mesmo implementar tecnologia de bloqueio geogr\u00e1fico para impedir que os usu\u00e1rios brit\u00e2nicos acessem o X.<\/p>\n<p>Isso ocorre no momento em que o novo governo de esquerda do Partido Trabalhista est\u00e1 supostamente considerando emendas \u00e0 Lei de Seguran\u00e7a Online, aprovada no ano passado, mas que ainda n\u00e3o entrou em vigor.<\/p>\n<p>Segundo um relat\u00f3rio do The Telegraph, o governo pode buscar reinstituir uma disposi\u00e7\u00e3o descartada que obrigaria as empresas de redes sociais a remover conte\u00fado \u201clegal, mas prejudicial\u201d de suas plataformas.<\/p>\n<p><strong>Como a legisla\u00e7\u00e3o est\u00e1 agora, o regulador brit\u00e2nico de radiodifus\u00e3o, Ofcom, ter\u00e1 o poder de aplicar multas pesadas contra as empresas de redes sociais por n\u00e3o removerem o que \u00e9 considerado discurso de \u00f3dio.<\/strong><\/p>\n<figure class=\"wp-block-embed is-type-rich is-provider-twitter wp-block-embed-twitter\"\/>\n<p>Elon Musk tem sido um cr\u00edtico ferrenho do novo governo trabalhista, liderando as acusa\u00e7\u00f5es contra o primeiro-ministro Starmer por supervisionar um sistema policial de \u201cdois n\u00edveis\u201d na Gr\u00e3-Bretanha, alegando que certos grupos, dependendo de sua etnia ou inclina\u00e7\u00f5es pol\u00edticas, s\u00e3o tratados de maneira diferente dos outros.<\/p>\n<p>Ele tamb\u00e9m comparou o estado da liberdade de express\u00e3o no Reino Unido com o da Uni\u00e3o Sovi\u00e9tica, apontando para as recentes pris\u00f5es por coment\u00e1rios feitos nas redes sociais no pa\u00eds.<\/p>\n<p>No s\u00e1bado, o chefe do X defendeu a posi\u00e7\u00e3o de sua plataforma em rela\u00e7\u00e3o \u00e0 liberdade de express\u00e3o, dizendo: \u201cA liberdade de express\u00e3o \u00e9 a base da democracia. Se a verdade \u00e9 suprimida, \u00e9 imposs\u00edvel tomar uma decis\u00e3o de voto informada.\u201d<\/p>\n<p>\u201cO grau em que a liberdade de express\u00e3o est\u00e1 sendo minada ao redor do mundo \u00e9 extremamente alarmante.\u201d<\/p>\n<figure class=\"wp-block-embed is-type-rich is-provider-twitter wp-block-embed-twitter\"><figcaption class=\"wp-element-caption\"><strong><a href=\"https:\/\/paulofigueiredoshow.com\/reino-unido-entra-em-guerra-com-a-internet-apos-agitacao-social-que-atribui-as-redes-sociais\/\">Leia essa mat\u00e9ria tamb\u00e9m<\/a><\/strong><\/figcaption><\/figure>\n<p><a href=\"https:\/\/www.breitbart.com\/europe\/2024\/08\/10\/uk-establishment-media-clamour-for-censorship-over-anti-migration-riots\/\">Source link<\/a><\/p>\n<\/div>\n<p><script async src=\"\/\/platform.twitter.com\/widgets.js\" charset=\"utf-8\"><\/script><br \/>\n<br \/><br \/>\n<br \/><a href=\"https:\/\/paulofigueiredoshow.com\/midia-tradicional-do-reino-unido-clama-por-censura-apos-disturbios-anti-imigracao\/\">Source link <\/a><\/p>","protected":false},"excerpt":{"rendered":"<p>Foto &#8211; Kin Cheung A m\u00eddia tradicional brit\u00e2nica, em uma aparente tentativa de desviar a aten\u00e7\u00e3o dos problemas subjacentes que o Reino Unido enfrenta, buscou culpar as redes sociais pelos&hellip;<\/p>","protected":false},"author":1,"featured_media":21514,"comment_status":"closed","ping_status":"open","sticky":false,"template":"","format":"standard","meta":{"content-type":"","footnotes":""},"categories":[16],"tags":[10011,1265,888,915,10012,1836,848,10013,569,4176,10014,8943],"class_list":["post-21513","post","type-post","status-publish","format-standard","has-post-thumbnail","hentry","category-noticias","tag-abafar","tag-assassinato","tag-criancas","tag-elon","tag-eurpoa","tag-imigracao","tag-medidas","tag-meninas","tag-midia","tag-protestos","tag-tumultos","tag-uk"],"_links":{"self":[{"href":"https:\/\/tvbrazilusa.com\/pt\/wp-json\/wp\/v2\/posts\/21513","targetHints":{"allow":["GET"]}}],"collection":[{"href":"https:\/\/tvbrazilusa.com\/pt\/wp-json\/wp\/v2\/posts"}],"about":[{"href":"https:\/\/tvbrazilusa.com\/pt\/wp-json\/wp\/v2\/types\/post"}],"author":[{"embeddable":true,"href":"https:\/\/tvbrazilusa.com\/pt\/wp-json\/wp\/v2\/users\/1"}],"replies":[{"embeddable":true,"href":"https:\/\/tvbrazilusa.com\/pt\/wp-json\/wp\/v2\/comments?post=21513"}],"version-history":[{"count":1,"href":"https:\/\/tvbrazilusa.com\/pt\/wp-json\/wp\/v2\/posts\/21513\/revisions"}],"predecessor-version":[{"id":21515,"href":"https:\/\/tvbrazilusa.com\/pt\/wp-json\/wp\/v2\/posts\/21513\/revisions\/21515"}],"wp:featuredmedia":[{"embeddable":true,"href":"https:\/\/tvbrazilusa.com\/pt\/wp-json\/wp\/v2\/media\/21514"}],"wp:attachment":[{"href":"https:\/\/tvbrazilusa.com\/pt\/wp-json\/wp\/v2\/media?parent=21513"}],"wp:term":[{"taxonomy":"category","embeddable":true,"href":"https:\/\/tvbrazilusa.com\/pt\/wp-json\/wp\/v2\/categories?post=21513"},{"taxonomy":"post_tag","embeddable":true,"href":"https:\/\/tvbrazilusa.com\/pt\/wp-json\/wp\/v2\/tags?post=21513"}],"curies":[{"name":"wp","href":"https:\/\/api.w.org\/{rel}","templated":true}]}}