{"id":21548,"date":"2024-08-10T17:37:30","date_gmt":"2024-08-10T17:37:30","guid":{"rendered":"https:\/\/tvbrazilusa.com\/2024\/08\/10\/lamina-gigante-de-turbina-eolica-acaba-em-rodovia-apos-caminhao-atingir-ponte-no-maine\/"},"modified":"2024-08-10T17:52:23","modified_gmt":"2024-08-10T17:52:23","slug":"lamina-gigante-de-turbina-eolica-acaba-em-rodovia-apos-caminhao-atingir-ponte-no-maine","status":"publish","type":"post","link":"https:\/\/tvbrazilusa.com\/pt\/2024\/08\/10\/lamina-gigante-de-turbina-eolica-acaba-em-rodovia-apos-caminhao-atingir-ponte-no-maine\/","title":{"rendered":"L\u00e2mina gigante de turbina e\u00f3lica acaba em rodovia ap\u00f3s caminh\u00e3o atingir ponte no Maine"},"content":{"rendered":"<p> <script async src=\"https:\/\/pagead2.googlesyndication.com\/pagead\/js\/adsbygoogle.js?client=ca-pub-8864793242727901\"\r\n     crossorigin=\"anonymous\"><\/script><br \/>\n<\/p>\n<div id=\"\">\n<header class=\"m-article-header m-article-header--standard\">\n\t\t\t\t\t\t\t\t\t\t\t\t<span id=\"article-header-primary-term\"><br \/>\n\t\t\t\t\t\t\t\t<a class=\"a-term a-term--primary\" href=\"https:\/\/www.boston.com\/tag\/local-news\/\"><\/p>\n<p>\t\t\t\t\t\t\t\tNot\u00edcias locais\t\t\t\t\t\t\t\t<\/a><br \/>\n\t\t\t\t\t\t\t<\/span><\/p>\n<h2 class=\"m-article-header__sub-headline\">Autoridades disseram que a enorme l\u00e2mina teria que permanecer na lateral da Rota 1 at\u00e9 s\u00e1bado de manh\u00e3.<\/h2>\n<figure class=\"a-photo m-article-header__photo\"><figcaption class=\"a-photo__caption\">\n<p>\tUm trator com reboque transportando uma l\u00e2mina de moinho de vento para Columbia, Maine, colidiu com a ponte ferrovi\u00e1ria que cruza a Rota 1 em Stockton Springs, Maine. A colis\u00e3o fez com que tanto o trator quanto o reboque que transportava a l\u00e2mina tombassem, fechando a Rota 1.<em> <\/em>\t<\/figcaption><\/figure>\n<\/header>\n<p>Um trator-reboque transportando uma enorme l\u00e2mina de turbina capotou na Rota 1, no Maine, na manh\u00e3 de sexta-feira, ap\u00f3s atingir uma ponte ferrovi\u00e1ria, anunciou a Pol\u00edcia Estadual do Maine.<\/p>\n<p>O acidente aconteceu por volta das 5h30 em Stockton Springs, enquanto o trator-reboque transportava uma enorme p\u00e1 de 240 p\u00e9s para um projeto e\u00f3lico em Columbia. <\/p>\n<p>A pol\u00edcia disse que o caminh\u00e3o n\u00e3o estava suficientemente na faixa da esquerda quando passou por baixo da ponte. <\/p>\n<p>A l\u00e2mina, montada em grandes suportes, atingiu o cavalete da ponte, causando o capotamento, de acordo com as autoridades. N\u00e3o houve feridos, mas a ponte sofreu danos leves, de acordo com a pol\u00edcia.<\/p>\n<p>A Pol\u00edcia Estadual do Maine compartilhou imagens da cena nas redes sociais. Uma foto mostrava o trator-reboque tombado com uma placa de \u201ccarga de grandes dimens\u00f5es\u201d. Outra foto mostra um guindaste tentando levantar a l\u00e2mina enorme da estrada.<\/p>\n<figure class=\"wp-block-embed is-type-rich is-provider-twitter wp-block-embed-twitter\">\n<div class=\"wp-block-embed__wrapper\">\n<blockquote class=\"twitter-tweet\" data-width=\"500\" data-dnt=\"true\">\n<p lang=\"en\" dir=\"ltr\">Na sexta-feira, 9 de agosto de 2024, aproximadamente \u00e0s 5h30, um trator com reboque transportando uma l\u00e2mina de moinho de vento para Columbia, Maine, colidiu com a ponte ferrovi\u00e1ria que cruza a Rt. 1 em Stockton Springs. A colis\u00e3o fez com que tanto o trator quanto o reboque que transportava a l\u00e2mina tombassem\u2026 <a href=\"https:\/\/t.co\/PfZmmq6box\">foto.twitter.com\/PfZmmq6box<\/a><\/p>\n<p>\u2014 Pol\u00edcia Estadual do Maine (@MEStatePolice) <a href=\"https:\/\/twitter.com\/MEStatePolice\/status\/1821895884168425773?ref_src=twsrc%5Etfw\">9 de agosto de 2024<\/a><\/p><\/blockquote>\n<\/div>\n<\/figure>\n<p>As equipes fecharam a estrada e redirecionaram o tr\u00e1fego da ponte para a 174A para a 1A e de volta para a Rota 1 enquanto os oficiais trabalhavam para limpar a estrada. A pol\u00edcia estadual disse que dar meia volta com o ve\u00edculo n\u00e3o era uma op\u00e7\u00e3o devido ao comprimento da l\u00e2mina. Em vez disso, as equipes elaboraram um plano para carreg\u00e1-lo em outro trailer e dar marcha r\u00e9 de volta para Searsport.<\/p>\n<p>A pol\u00edcia deu uma atualiza\u00e7\u00e3o \u00e0s 16h30 de sexta-feira dizendo que a l\u00e2mina havia sido transferida para outro trailer e ficaria na lateral da Rota 1 pelo resto da noite. A Rota 1 foi reaberta ao tr\u00e1fego, mas fechou brevemente na manh\u00e3 de s\u00e1bado para a transfer\u00eancia final da l\u00e2mina.<\/p>\n<p>O Departamento de Transporte do Maine, o Corpo de Bombeiros de Stockton Springs, o Gabinete do Xerife do Condado de Waldo e o Departamento de Prote\u00e7\u00e3o Ambiental do Maine responderam ao acidente.<\/p>\n<div class=\"m-block m-generic-cta\t m-generic-cta--post-content\t m-generic-cta--dark\t m-generic-cta--homepage\t m-generic-cta--email-signup\t\t m-generic-cta-block-style--default \tt-amp__generic-cta\"><\/p>\n<div class=\"m-generic-cta__wrap\">\n<div class=\"m-generic-cta__content\">\n<h3 class=\"m-generic-cta__title\">Inscri\u00e7\u00e3o no boletim informativo<\/h3>\n<p class=\"m-generic-cta__subtitle\">Fique por dentro das \u00faltimas not\u00edcias do Boston.com<\/p>\n<\/p><\/div>\n<\/p><\/div>\n<\/div><\/div>\n<p><script async src=\"\/\/platform.twitter.com\/widgets.js\" charset=\"utf-8\"><\/script><script>\n\t\tvar consent=\"grant\";\n\t\t\/* The above code is parsing the JSON data from the local storage and storing it in a variable. *\/\n\t\t\t\t\tconst onetrustStorageConsent = JSON.parse(localStorage.getItem( 'consent_one_trust_bdc' ) );\n\t\t\tif ( ( onetrustStorageConsent !== null ) ) {\n\t\t\t\t\/* Checking to see if the user has consented to the use of cookies.\n\t\t\t\t* If they have not, it is deleting the cookie.\n\t\t\t\t* This will comment for now, until further notice.\n\t\t\t\t*\/\n\t\t\t\t\/\/if ( onetrustStorageConsent.C0002 === false ) {\n\t\t\t\t\/\/\tdocument.cookie=\"_fbp=;expires=Thu, 01 Jan 2010 00:00:00 UTC; path=\/; domain=.boston.com\";\n\t\t\t\t\/\/}\n\t\t\t\t\/* Checking if the user has given consent for the cookie C0002.\n\t\t\t\t* If the user has given consent, the variable consent will be set to 'grant'.\n\t\t\t\t* If the user has not given consent,the variable consent will be set to 'revoke'.\n\t\t\t\t* Documentation https:\/\/developers.facebook.com\/docs\/meta-pixel\/implementation\/gdpr\n\t\t\t\t*\/\n\t\t\t\tif ( onetrustStorageConsent.C0002 !== true ) {\n\t\t\t\t\tconsent=\"revoke\";\n\t\t\t\t}\n\t\t\t}\n\t\t\t\t!function(f,b,e,v,n,t,s)\n\t\t{if(f.fbq)return;n=f.fbq=function(){n.callMethod?\n\t\tn.callMethod.apply(n,arguments):n.queue.push(arguments)};\n\t\tif(!f._fbq)f._fbq=n;n.push=n;n.loaded=!0;n.version='2.0';\n\t\tn.queue=[];t=b.createElement(e);t.async=!0;\n\t\tt.src=v;s=b.getElementsByTagName(e)[0];\n\t\ts.parentNode.insertBefore(t,s)}(window, document,'script',\n\t\t'https:\/\/connect.facebook.net\/en_US\/fbevents.js');\n\t\tfbq('consent', consent);\n\t\tfbq('init', '989222871864976');\n\t\tfbq('track', 'PageView');\n\t<\/script><script type=\"module\">\n\t\tvar consent=\"grant\";\n\t\t\/* The above code is parsing the JSON data from the local storage and storing it in a variable. *\/\n\t\t\tconst onetrustStorageConsent = JSON.parse(localStorage.getItem( 'consent_one_trust_bdc' ) );\n\t\t\t\/* Checking to see if the user has consented to the use of cookies.\n\t\t\t* If they have not, it is deleting the cookie.\n\t\t\t* This will comment for now, until further notice.\n\t\t\t*\/\n\t\t\t\/\/if ( onetrustStorageConsent.C0002 === false ) {\n\t\t\t\/\/\tdocument.cookie=\"_fbp=;expires=Thu, 01 Jan 2010 00:00:00 UTC; path=\/; domain=.boston.com\";\n\t\t\t\/\/}\n\t\t\t\/* Checking if the user has given consent for the cookie C0002.\n\t\t\t* If the user has given consent, the variable consent will be set to 'grant'.\n\t\t\t* If the user has not given consent,the variable consent will be set to 'revoke'.\n\t\t\t* Documentation https:\/\/developers.facebook.com\/docs\/meta-pixel\/implementation\/gdpr\n\t\t\t*\/\n\t\t\tif ( ( onetrustStorageConsent !== null ) && (onetrustStorageConsent.C0002 !== true ) ) {\n\t\t\t\tconsent=\"revoke\";\n\t\t\t}\n\t\t\t\t!function(f,b,e,v,n,t,s){if(f.fbq)return;n=f.fbq=function()\n\t\t{n.callMethod? n.callMethod.apply(n,arguments):n.queue.push(arguments)}\n\t\t;if(!f._fbq)f._fbq=n;\n\t\tn.push=n;n.loaded=!0;n.version='2.0';n.queue=[];t=b.createElement(e);t.async=!0;\n\t\tt.src=v;s=b.getElementsByTagName(e)[0];s.parentNode.insertBefore(t,s)}(window,\n\t\tdocument,'script','https:\/\/connect.facebook.net\/en_US\/fbevents.js');\n\t\tfbq('consent', consent);\n\t\tfbq('init', '813236348753005');\n\t\tfbq('track', \"PageView\");\n\t<\/script><br \/>\n<br \/><br \/>\n<br \/><a href=\"https:\/\/www.boston.com\/news\/local-news\/2024\/08\/10\/giant-wind-turbine-blade-winds-up-on-highway-after-truck-hits-maine-bridge\/\">Source link <\/a><\/p>","protected":false},"excerpt":{"rendered":"<p>Not\u00edcias locais Autoridades disseram que a enorme l\u00e2mina teria que permanecer na lateral da Rota 1 at\u00e9 s\u00e1bado de manh\u00e3. Um trator com reboque transportando uma l\u00e2mina de moinho de&hellip;<\/p>","protected":false},"author":1,"featured_media":21549,"comment_status":"closed","ping_status":"open","sticky":false,"template":"","format":"standard","meta":{"content-type":"","footnotes":""},"categories":[1],"tags":[],"class_list":["post-21548","post","type-post","status-publish","format-standard","has-post-thumbnail","hentry","category-uncategorized"],"_links":{"self":[{"href":"https:\/\/tvbrazilusa.com\/pt\/wp-json\/wp\/v2\/posts\/21548","targetHints":{"allow":["GET"]}}],"collection":[{"href":"https:\/\/tvbrazilusa.com\/pt\/wp-json\/wp\/v2\/posts"}],"about":[{"href":"https:\/\/tvbrazilusa.com\/pt\/wp-json\/wp\/v2\/types\/post"}],"author":[{"embeddable":true,"href":"https:\/\/tvbrazilusa.com\/pt\/wp-json\/wp\/v2\/users\/1"}],"replies":[{"embeddable":true,"href":"https:\/\/tvbrazilusa.com\/pt\/wp-json\/wp\/v2\/comments?post=21548"}],"version-history":[{"count":1,"href":"https:\/\/tvbrazilusa.com\/pt\/wp-json\/wp\/v2\/posts\/21548\/revisions"}],"predecessor-version":[{"id":21550,"href":"https:\/\/tvbrazilusa.com\/pt\/wp-json\/wp\/v2\/posts\/21548\/revisions\/21550"}],"wp:featuredmedia":[{"embeddable":true,"href":"https:\/\/tvbrazilusa.com\/pt\/wp-json\/wp\/v2\/media\/21549"}],"wp:attachment":[{"href":"https:\/\/tvbrazilusa.com\/pt\/wp-json\/wp\/v2\/media?parent=21548"}],"wp:term":[{"taxonomy":"category","embeddable":true,"href":"https:\/\/tvbrazilusa.com\/pt\/wp-json\/wp\/v2\/categories?post=21548"},{"taxonomy":"post_tag","embeddable":true,"href":"https:\/\/tvbrazilusa.com\/pt\/wp-json\/wp\/v2\/tags?post=21548"}],"curies":[{"name":"wp","href":"https:\/\/api.w.org\/{rel}","templated":true}]}}