{"id":21562,"date":"2024-08-10T18:24:41","date_gmt":"2024-08-10T18:24:41","guid":{"rendered":"https:\/\/tvbrazilusa.com\/2024\/08\/10\/a-universidade-quinnipiac-realizou-sua-12a-cerimonia-anual-do-jaleco-branco\/"},"modified":"2024-08-10T18:34:58","modified_gmt":"2024-08-10T18:34:58","slug":"a-universidade-quinnipiac-realizou-sua-12a-cerimonia-anual-do-jaleco-branco","status":"publish","type":"post","link":"https:\/\/tvbrazilusa.com\/pt\/2024\/08\/10\/a-universidade-quinnipiac-realizou-sua-12a-cerimonia-anual-do-jaleco-branco\/","title":{"rendered":"A Universidade Quinnipiac realizou sua 12\u00aa Cerim\u00f4nia Anual do Jaleco Branco"},"content":{"rendered":"<p> <script async src=\"https:\/\/pagead2.googlesyndication.com\/pagead\/js\/adsbygoogle.js?client=ca-pub-8864793242727901\"\r\n     crossorigin=\"anonymous\"><\/script><br \/>\n<\/p>\n<p>HAMDEN, Connecticut (WTNH) \u2014 Noventa e cinco alunos da Escola de Medicina Frank H. Netter MD da Universidade Quinnipiac marcaram oficialmente sua entrada na profiss\u00e3o de sa\u00fade na 12\u00aa Cerim\u00f4nia Anual do Jaleco Branco.<\/p>\n<div class=\"wp-block-jetpack-slideshow aligncenter\" data-effect=\"slide\">\n<div class=\"wp-block-jetpack-slideshow_container swiper-container\">\n<ul class=\"wp-block-jetpack-slideshow_swiper-wrapper swiper-wrapper\">\n<li class=\"wp-block-jetpack-slideshow_slide swiper-slide\">\n<figure><figcaption class=\"wp-block-jetpack-slideshow_caption gallery-caption\">A Faculdade de Medicina da Universidade Quinnipiac apresenta a Cerim\u00f4nia Anual do Jaleco Branco para a Classe de 2028 no M&#038;T Bank Arena na sexta-feira, 9 de agosto de 2024.<\/figcaption><\/figure>\n<\/li>\n<li class=\"wp-block-jetpack-slideshow_slide swiper-slide\">\n<figure><img loading=\"lazy\" decoding=\"async\" width=\"8256\" height=\"5504\" alt=\"\" class=\"wp-block-jetpack-slideshow_image wp-image-1927228\" data-id=\"1927228\" src=\"https:\/\/www.wtnh.com\/wp-content\/uploads\/sites\/100\/2024\/08\/White-Coat-Ceremony-14.jpg?w=900\" \/><figcaption class=\"wp-block-jetpack-slideshow_caption gallery-caption\">A Faculdade de Medicina da Universidade Quinnipiac apresenta a Cerim\u00f4nia Anual do Jaleco Branco para a Classe de 2028 no M&#038;T Bank Arena na sexta-feira, 9 de agosto de 2024.<\/figcaption><\/figure>\n<\/li>\n<li class=\"wp-block-jetpack-slideshow_slide swiper-slide\">\n<figure><img loading=\"lazy\" decoding=\"async\" width=\"8256\" height=\"5504\" alt=\"\" class=\"wp-block-jetpack-slideshow_image wp-image-1927224\" data-id=\"1927224\" src=\"https:\/\/www.wtnh.com\/wp-content\/uploads\/sites\/100\/2024\/08\/White-Coat-Ceremony-18.jpg?w=900\" \/><figcaption class=\"wp-block-jetpack-slideshow_caption gallery-caption\">A Faculdade de Medicina da Universidade Quinnipiac apresenta a Cerim\u00f4nia Anual do Jaleco Branco para a Classe de 2028 no M&#038;T Bank Arena na sexta-feira, 9 de agosto de 2024.<\/figcaption><\/figure>\n<\/li>\n<li class=\"wp-block-jetpack-slideshow_slide swiper-slide\">\n<figure><img loading=\"lazy\" decoding=\"async\" width=\"5392\" height=\"3592\" alt=\"\" class=\"wp-block-jetpack-slideshow_image wp-image-1927232\" data-id=\"1927232\" src=\"https:\/\/www.wtnh.com\/wp-content\/uploads\/sites\/100\/2024\/08\/White-Coat-Ceremony-11.jpg?w=900\" \/><figcaption class=\"wp-block-jetpack-slideshow_caption gallery-caption\">A Faculdade de Medicina da Universidade Quinnipiac apresenta a Cerim\u00f4nia Anual do Jaleco Branco para a Classe de 2028 no M&#038;T Bank Arena na sexta-feira, 9 de agosto de 2024.<\/figcaption><\/figure>\n<\/li>\n<li class=\"wp-block-jetpack-slideshow_slide swiper-slide\">\n<figure><img loading=\"lazy\" decoding=\"async\" width=\"8256\" height=\"5504\" alt=\"\" class=\"wp-block-jetpack-slideshow_image wp-image-1927222\" data-id=\"1927222\" src=\"https:\/\/www.wtnh.com\/wp-content\/uploads\/sites\/100\/2024\/08\/White-Coat-Ceremony-20.jpg?w=900\" \/><figcaption class=\"wp-block-jetpack-slideshow_caption gallery-caption\">A Faculdade de Medicina da Universidade Quinnipiac apresenta a Cerim\u00f4nia Anual do Jaleco Branco para a Classe de 2028 no M&#038;T Bank Arena na sexta-feira, 9 de agosto de 2024.<\/figcaption><\/figure>\n<\/li>\n<li class=\"wp-block-jetpack-slideshow_slide swiper-slide\">\n<figure><img loading=\"lazy\" decoding=\"async\" width=\"5392\" height=\"3592\" alt=\"\" class=\"wp-block-jetpack-slideshow_image wp-image-1927230\" data-id=\"1927230\" src=\"https:\/\/www.wtnh.com\/wp-content\/uploads\/sites\/100\/2024\/08\/White-Coat-Ceremony-12.jpg?w=900\" \/><figcaption class=\"wp-block-jetpack-slideshow_caption gallery-caption\">A Faculdade de Medicina da Universidade Quinnipiac apresenta a Cerim\u00f4nia Anual do Jaleco Branco para a Classe de 2028 no M&#038;T Bank Arena na sexta-feira, 9 de agosto de 2024.<\/figcaption><\/figure>\n<\/li>\n<li class=\"wp-block-jetpack-slideshow_slide swiper-slide\">\n<figure><img loading=\"lazy\" decoding=\"async\" width=\"8256\" height=\"5504\" alt=\"\" class=\"wp-block-jetpack-slideshow_image wp-image-1927223\" data-id=\"1927223\" src=\"https:\/\/www.wtnh.com\/wp-content\/uploads\/sites\/100\/2024\/08\/White-Coat-Ceremony-19.jpg?w=900\" \/><figcaption class=\"wp-block-jetpack-slideshow_caption gallery-caption\">A Faculdade de Medicina da Universidade Quinnipiac apresenta a Cerim\u00f4nia Anual do Jaleco Branco para a Classe de 2028 no M&#038;T Bank Arena na sexta-feira, 9 de agosto de 2024.<\/figcaption><\/figure>\n<\/li>\n<li class=\"wp-block-jetpack-slideshow_slide swiper-slide\">\n<figure><img loading=\"lazy\" decoding=\"async\" width=\"5392\" height=\"3592\" alt=\"\" class=\"wp-block-jetpack-slideshow_image wp-image-1927227\" data-id=\"1927227\" src=\"https:\/\/www.wtnh.com\/wp-content\/uploads\/sites\/100\/2024\/08\/White-Coat-Ceremony-15.jpg?w=900\" \/><figcaption class=\"wp-block-jetpack-slideshow_caption gallery-caption\">A Faculdade de Medicina da Universidade Quinnipiac apresenta a Cerim\u00f4nia Anual do Jaleco Branco para a Classe de 2028 no M&#038;T Bank Arena na sexta-feira, 9 de agosto de 2024.<\/figcaption><\/figure>\n<\/li>\n<li class=\"wp-block-jetpack-slideshow_slide swiper-slide\">\n<figure><img loading=\"lazy\" decoding=\"async\" width=\"5392\" height=\"3592\" alt=\"\" class=\"wp-block-jetpack-slideshow_image wp-image-1927229\" data-id=\"1927229\" src=\"https:\/\/www.wtnh.com\/wp-content\/uploads\/sites\/100\/2024\/08\/White-Coat-Ceremony-13.jpg?w=900\" \/><figcaption class=\"wp-block-jetpack-slideshow_caption gallery-caption\">A Faculdade de Medicina da Universidade Quinnipiac apresenta a Cerim\u00f4nia Anual do Jaleco Branco para a Classe de 2028 no M&#038;T Bank Arena na sexta-feira, 9 de agosto de 2024.<\/figcaption><\/figure>\n<\/li>\n<li class=\"wp-block-jetpack-slideshow_slide swiper-slide\">\n<figure><img loading=\"lazy\" decoding=\"async\" width=\"7748\" height=\"5166\" alt=\"\" class=\"wp-block-jetpack-slideshow_image wp-image-1927226\" data-id=\"1927226\" src=\"https:\/\/www.wtnh.com\/wp-content\/uploads\/sites\/100\/2024\/08\/White-Coat-Ceremony-16.jpg?w=900\" \/><figcaption class=\"wp-block-jetpack-slideshow_caption gallery-caption\">A Faculdade de Medicina da Universidade Quinnipiac apresenta a Cerim\u00f4nia Anual do Jaleco Branco para a Classe de 2028 no M&#038;T Bank Arena na sexta-feira, 9 de agosto de 2024.<\/figcaption><\/figure>\n<\/li>\n<li class=\"wp-block-jetpack-slideshow_slide swiper-slide\">\n<figure><img loading=\"lazy\" decoding=\"async\" width=\"8256\" height=\"5504\" alt=\"\" class=\"wp-block-jetpack-slideshow_image wp-image-1927225\" data-id=\"1927225\" src=\"https:\/\/www.wtnh.com\/wp-content\/uploads\/sites\/100\/2024\/08\/White-Coat-Ceremony-17.jpg?w=900\" \/><figcaption class=\"wp-block-jetpack-slideshow_caption gallery-caption\">A Faculdade de Medicina da Universidade Quinnipiac apresenta a Cerim\u00f4nia Anual do Jaleco Branco para a Classe de 2028 no M&#038;T Bank Arena na sexta-feira, 9 de agosto de 2024.<\/figcaption><\/figure>\n<\/li>\n<\/ul>\n<p><a class=\"wp-block-jetpack-slideshow_button-prev swiper-button-prev swiper-button-white\" role=\"button\"><\/a><a class=\"wp-block-jetpack-slideshow_button-next swiper-button-next swiper-button-white\" role=\"button\"><\/a><a aria-label=\"Pause Slideshow\" class=\"wp-block-jetpack-slideshow_button-pause\" role=\"button\"><\/a><\/p>\n<div class=\"wp-block-jetpack-slideshow_pagination swiper-pagination swiper-pagination-white\"><\/div>\n<\/div>\n<\/div>\n<p>A cerim\u00f4nia ocorreu em 9 de agosto no M&#038;T Bank Arena no York Hill Campus da universidade. Cada aluno do primeiro ano ganhou um jaleco branco, um novo estetosc\u00f3pio e fez o Juramento de Hip\u00f3crates \u2014 um c\u00f3digo de \u00e9tica m\u00e9dica que se promete manter.<\/p>\n<p>Estudantes de primeira gera\u00e7\u00e3o, internacionais, veteranos militares e moradores do estado comp\u00f5em esta turma de 2028. <\/p>\n<p>\u201cEsta cerim\u00f4nia consagrada pelo tempo marca a entrada dos estudantes de medicina do primeiro ano na profiss\u00e3o m\u00e9dica por meio dos rituais de se cobrir com jalecos brancos e recitar o juramento do m\u00e9dico\u201d, disse Phillip Boiselle, reitor da Escola de Medicina. \u201cPor meio deste rito de passagem, somos lembrados de quem somos, por que estamos aqui e quem aspiramos ser.\u201d<\/p>\n<div class=\"wp-block-jetpack-slideshow aligncenter\" data-effect=\"slide\">\n<div class=\"wp-block-jetpack-slideshow_container swiper-container\">\n<ul class=\"wp-block-jetpack-slideshow_swiper-wrapper swiper-wrapper\">\n<li class=\"wp-block-jetpack-slideshow_slide swiper-slide\">\n<figure><img loading=\"lazy\" decoding=\"async\" width=\"8047\" height=\"5364\" alt=\"\" class=\"wp-block-jetpack-slideshow_image wp-image-1927237\" data-id=\"1927237\" src=\"https:\/\/www.wtnh.com\/wp-content\/uploads\/sites\/100\/2024\/08\/White-Coat-Ceremony-05.jpg?w=900\" \/><figcaption class=\"wp-block-jetpack-slideshow_caption gallery-caption\">A Faculdade de Medicina da Universidade Quinnipiac apresenta a Cerim\u00f4nia Anual do Jaleco Branco para a Classe de 2028 no M&#038;T Bank Arena na sexta-feira, 9 de agosto de 2024.<\/figcaption><\/figure>\n<\/li>\n<li class=\"wp-block-jetpack-slideshow_slide swiper-slide\">\n<figure><img loading=\"lazy\" decoding=\"async\" width=\"7493\" height=\"4994\" alt=\"\" class=\"wp-block-jetpack-slideshow_image wp-image-1927241\" data-id=\"1927241\" src=\"https:\/\/www.wtnh.com\/wp-content\/uploads\/sites\/100\/2024\/08\/White-Coat-Ceremony-01.jpg?w=900\" \/><figcaption class=\"wp-block-jetpack-slideshow_caption gallery-caption\">A Faculdade de Medicina da Universidade Quinnipiac apresenta a Cerim\u00f4nia Anual do Jaleco Branco para a Classe de 2028 no M&#038;T Bank Arena na sexta-feira, 9 de agosto de 2024.<\/figcaption><\/figure>\n<\/li>\n<li class=\"wp-block-jetpack-slideshow_slide swiper-slide\">\n<figure><img loading=\"lazy\" decoding=\"async\" width=\"8256\" height=\"5504\" alt=\"\" class=\"wp-block-jetpack-slideshow_image wp-image-1927236\" data-id=\"1927236\" src=\"https:\/\/www.wtnh.com\/wp-content\/uploads\/sites\/100\/2024\/08\/White-Coat-Ceremony-06.jpg?w=900\" \/><figcaption class=\"wp-block-jetpack-slideshow_caption gallery-caption\">A Faculdade de Medicina da Universidade Quinnipiac apresenta a Cerim\u00f4nia Anual do Jaleco Branco para a Classe de 2028 no M&#038;T Bank Arena na sexta-feira, 9 de agosto de 2024.<\/figcaption><\/figure>\n<\/li>\n<li class=\"wp-block-jetpack-slideshow_slide swiper-slide\">\n<figure><img loading=\"lazy\" decoding=\"async\" width=\"8256\" height=\"5504\" alt=\"\" class=\"wp-block-jetpack-slideshow_image wp-image-1927235\" data-id=\"1927235\" src=\"https:\/\/www.wtnh.com\/wp-content\/uploads\/sites\/100\/2024\/08\/White-Coat-Ceremony-07.jpg?w=900\" \/><figcaption class=\"wp-block-jetpack-slideshow_caption gallery-caption\">A Faculdade de Medicina da Universidade Quinnipiac apresenta a Cerim\u00f4nia Anual do Jaleco Branco para a Classe de 2028 no M&#038;T Bank Arena na sexta-feira, 9 de agosto de 2024.<\/figcaption><\/figure>\n<\/li>\n<li class=\"wp-block-jetpack-slideshow_slide swiper-slide\">\n<figure><img loading=\"lazy\" decoding=\"async\" width=\"8256\" height=\"5504\" alt=\"\" class=\"wp-block-jetpack-slideshow_image wp-image-1927238\" data-id=\"1927238\" src=\"https:\/\/www.wtnh.com\/wp-content\/uploads\/sites\/100\/2024\/08\/White-Coat-Ceremony-04.jpg?w=900\" \/><figcaption class=\"wp-block-jetpack-slideshow_caption gallery-caption\">A Faculdade de Medicina da Universidade Quinnipiac apresenta a Cerim\u00f4nia Anual do Jaleco Branco para a Classe de 2028 no M&#038;T Bank Arena na sexta-feira, 9 de agosto de 2024.<\/figcaption><\/figure>\n<\/li>\n<li class=\"wp-block-jetpack-slideshow_slide swiper-slide\">\n<figure><img loading=\"lazy\" decoding=\"async\" width=\"8256\" height=\"5504\" alt=\"\" class=\"wp-block-jetpack-slideshow_image wp-image-1927231\" data-id=\"1927231\" src=\"https:\/\/www.wtnh.com\/wp-content\/uploads\/sites\/100\/2024\/08\/White-Coat-Ceremony-10.jpg?w=900\" \/><figcaption class=\"wp-block-jetpack-slideshow_caption gallery-caption\">A Faculdade de Medicina da Universidade Quinnipiac apresenta a Cerim\u00f4nia Anual do Jaleco Branco para a Classe de 2028 no M&#038;T Bank Arena na sexta-feira, 9 de agosto de 2024.<\/figcaption><\/figure>\n<\/li>\n<li class=\"wp-block-jetpack-slideshow_slide swiper-slide\">\n<figure><img loading=\"lazy\" decoding=\"async\" width=\"8256\" height=\"5504\" alt=\"\" class=\"wp-block-jetpack-slideshow_image wp-image-1927233\" data-id=\"1927233\" src=\"https:\/\/www.wtnh.com\/wp-content\/uploads\/sites\/100\/2024\/08\/White-Coat-Ceremony-09.jpg?w=900\" \/><figcaption class=\"wp-block-jetpack-slideshow_caption gallery-caption\">A Faculdade de Medicina da Universidade Quinnipiac apresenta a Cerim\u00f4nia Anual do Jaleco Branco para a Classe de 2028 no M&#038;T Bank Arena na sexta-feira, 9 de agosto de 2024.<\/figcaption><\/figure>\n<\/li>\n<li class=\"wp-block-jetpack-slideshow_slide swiper-slide\">\n<figure><img loading=\"lazy\" decoding=\"async\" width=\"7665\" height=\"5110\" alt=\"\" class=\"wp-block-jetpack-slideshow_image wp-image-1927240\" data-id=\"1927240\" src=\"https:\/\/www.wtnh.com\/wp-content\/uploads\/sites\/100\/2024\/08\/White-Coat-Ceremony-02.jpg?w=900\" \/><figcaption class=\"wp-block-jetpack-slideshow_caption gallery-caption\">A Faculdade de Medicina da Universidade Quinnipiac apresenta a Cerim\u00f4nia Anual do Jaleco Branco para a Classe de 2028 no M&#038;T Bank Arena na sexta-feira, 9 de agosto de 2024.<\/figcaption><\/figure>\n<\/li>\n<li class=\"wp-block-jetpack-slideshow_slide swiper-slide\">\n<figure><img loading=\"lazy\" decoding=\"async\" width=\"8256\" height=\"5504\" alt=\"\" class=\"wp-block-jetpack-slideshow_image wp-image-1927239\" data-id=\"1927239\" src=\"https:\/\/www.wtnh.com\/wp-content\/uploads\/sites\/100\/2024\/08\/White-Coat-Ceremony-03.jpg?w=900\" \/><figcaption class=\"wp-block-jetpack-slideshow_caption gallery-caption\">A Faculdade de Medicina da Universidade Quinnipiac apresenta a Cerim\u00f4nia Anual do Jaleco Branco para a Classe de 2028 no M&#038;T Bank Arena na sexta-feira, 9 de agosto de 2024.<\/figcaption><\/figure>\n<\/li>\n<\/ul>\n<p><a class=\"wp-block-jetpack-slideshow_button-prev swiper-button-prev swiper-button-white\" role=\"button\"><\/a><a class=\"wp-block-jetpack-slideshow_button-next swiper-button-next swiper-button-white\" role=\"button\"><\/a><a aria-label=\"Pause Slideshow\" class=\"wp-block-jetpack-slideshow_button-pause\" role=\"button\"><\/a><\/p>\n<div class=\"wp-block-jetpack-slideshow_pagination swiper-pagination swiper-pagination-white\"><\/div>\n<\/div>\n<\/div>\n<p>Fundada em 2013, a Frank H. Netter MD School of Medicine treina m\u00e9dicos como membros-chave de equipes de assist\u00eancia m\u00e9dica centradas no paciente. Corpo docente e administradores renomados fornecem educa\u00e7\u00e3o especializada em um ambiente baseado na comunidade.<\/p>\n<p><br \/>\n<br \/><a href=\"https:\/\/www.wtnh.com\/news\/quinnipiac-university-held-its-12th-annual-white-coat-ceremony\/\">Source link <\/a><\/p>","protected":false},"excerpt":{"rendered":"<p>HAMDEN, Connecticut (WTNH) \u2014 Noventa e cinco alunos da Escola de Medicina Frank H. Netter MD da Universidade Quinnipiac marcaram oficialmente sua entrada na profiss\u00e3o de sa\u00fade na 12\u00aa Cerim\u00f4nia&hellip;<\/p>","protected":false},"author":1,"featured_media":21563,"comment_status":"closed","ping_status":"open","sticky":false,"template":"","format":"standard","meta":{"content-type":"","footnotes":""},"categories":[1],"tags":[],"class_list":["post-21562","post","type-post","status-publish","format-standard","has-post-thumbnail","hentry","category-uncategorized"],"_links":{"self":[{"href":"https:\/\/tvbrazilusa.com\/pt\/wp-json\/wp\/v2\/posts\/21562","targetHints":{"allow":["GET"]}}],"collection":[{"href":"https:\/\/tvbrazilusa.com\/pt\/wp-json\/wp\/v2\/posts"}],"about":[{"href":"https:\/\/tvbrazilusa.com\/pt\/wp-json\/wp\/v2\/types\/post"}],"author":[{"embeddable":true,"href":"https:\/\/tvbrazilusa.com\/pt\/wp-json\/wp\/v2\/users\/1"}],"replies":[{"embeddable":true,"href":"https:\/\/tvbrazilusa.com\/pt\/wp-json\/wp\/v2\/comments?post=21562"}],"version-history":[{"count":1,"href":"https:\/\/tvbrazilusa.com\/pt\/wp-json\/wp\/v2\/posts\/21562\/revisions"}],"predecessor-version":[{"id":21564,"href":"https:\/\/tvbrazilusa.com\/pt\/wp-json\/wp\/v2\/posts\/21562\/revisions\/21564"}],"wp:featuredmedia":[{"embeddable":true,"href":"https:\/\/tvbrazilusa.com\/pt\/wp-json\/wp\/v2\/media\/21563"}],"wp:attachment":[{"href":"https:\/\/tvbrazilusa.com\/pt\/wp-json\/wp\/v2\/media?parent=21562"}],"wp:term":[{"taxonomy":"category","embeddable":true,"href":"https:\/\/tvbrazilusa.com\/pt\/wp-json\/wp\/v2\/categories?post=21562"},{"taxonomy":"post_tag","embeddable":true,"href":"https:\/\/tvbrazilusa.com\/pt\/wp-json\/wp\/v2\/tags?post=21562"}],"curies":[{"name":"wp","href":"https:\/\/api.w.org\/{rel}","templated":true}]}}