{"id":21583,"date":"2024-08-10T19:35:22","date_gmt":"2024-08-10T19:35:22","guid":{"rendered":"https:\/\/tvbrazilusa.com\/2024\/08\/10\/o-traficante-mexicano-el-mayo-zambada-diz-que-foi-emboscado-e-sequestrado-antes-de-ser-levado-para-os-eua\/"},"modified":"2024-08-10T19:41:02","modified_gmt":"2024-08-10T19:41:02","slug":"o-traficante-mexicano-el-mayo-zambada-diz-que-foi-emboscado-e-sequestrado-antes-de-ser-levado-para-os-eua","status":"publish","type":"post","link":"https:\/\/tvbrazilusa.com\/pt\/2024\/08\/10\/o-traficante-mexicano-el-mayo-zambada-diz-que-foi-emboscado-e-sequestrado-antes-de-ser-levado-para-os-eua\/","title":{"rendered":"O traficante mexicano &#39;El Mayo&#39; Zambada diz que foi emboscado e sequestrado antes de ser levado para os EUA"},"content":{"rendered":"<script async src=\"https:\/\/pagead2.googlesyndication.com\/pagead\/js\/adsbygoogle.js?client=ca-pub-8864793242727901\"\r\n     crossorigin=\"anonymous\"><\/script>\n<div id=\"\">\n<p class=\"dist__Box-sc-1fnzlkn-0 dist__TextBase-sc-1fnzlkn-3 CGHCP htMUPQ article-text\"><strong>CIDADE DO M\u00c9XICO<\/strong> \u2013 L\u00edder do cartel de drogas mexicano <a href=\"https:\/\/apnews.com\/article\/sinaloa-cartel-ismael-zambada-court-hearing-texas-fa70b18172cef15665a94067b1bc9c53\">Ismael \u201cEl Mayo\u201d Zambada<\/a> disse que foi emboscado e sequestrado quando pensava que iria se encontrar com o governador do estado de Sinaloa, no norte do pa\u00eds, e depois levado contra sua vontade para os Estados Unidos, de acordo com uma carta divulgada no s\u00e1bado por seu advogado.<\/p>\n<p class=\"dist__Box-sc-1fnzlkn-0 dist__TextBase-sc-1fnzlkn-3 CGHCP htMUPQ article-text\">Na carta de duas p\u00e1ginas, Zambada disse que seu colega traficante Joaqu\u00edn Guzm\u00e1n L\u00f3pez pediu que ele participasse de uma reuni\u00e3o em 25 de julho com pol\u00edticos locais, incluindo o governador de Sinaloa, Rub\u00e9n Rocha Moya, do partido governista Morena. <\/p>\n<p class=\"dist__Box-sc-1fnzlkn-0 dist__TextBase-sc-1fnzlkn-3 CGHCP htMUPQ article-text\">Mas antes de qualquer reuni\u00e3o, ele foi levado para uma sala onde foi derrubado, um capuz foi colocado sobre sua cabe\u00e7a, ele foi algemado e ent\u00e3o levado em uma caminhonete para uma pista de pouso onde foi for\u00e7ado a entrar em um avi\u00e3o particular que finalmente o levou junto com Guzm\u00e1n L\u00f3pez, um dos filhos de presos. <a href=\"https:\/\/apnews.com\/article\/mexico-joaquin-el-chapo-guzman-ba6371384d76f942c04201d588f7c6fc\">O chef\u00e3o do tr\u00e1fico Joaqu\u00edn \u201cEl Chapo\u201d Guzm\u00e1n<\/a>para solo americano, de acordo com a carta.<\/p>\n<p class=\"dist__Box-sc-1fnzlkn-0 dist__TextBase-sc-1fnzlkn-3 CGHCP htMUPQ article-text\">Os coment\u00e1rios de Zambada foram divulgados um dia ap\u00f3s o embaixador dos EUA no M\u00e9xico confirmar que o traficante foi trazido para os Estados Unidos <a href=\"https:\/\/apnews.com\/article\/mexico-el-mayo-zambada-sinaloa-cartel-us-047c29127ab3e0c251a8e552186b255c\">contra sua vontade<\/a> quando chegou ao Texas em julho em um avi\u00e3o junto com Guzm\u00e1n L\u00f3pez.<\/p>\n<p class=\"dist__Box-sc-1fnzlkn-0 dist__TextBase-sc-1fnzlkn-3 CGHCP htMUPQ article-text\">Ap\u00f3s os coment\u00e1rios de Zambada, que levantaram quest\u00f5es sobre liga\u00e7\u00f5es entre traficantes de drogas e alguns pol\u00edticos em Sinaloa, o presidente Andr\u00e9s Manuel L\u00f3pez Obrador pediu aos rep\u00f3rteres \u201cque esperassem para obter mais informa\u00e7\u00f5es\u201d e ouvissem a vers\u00e3o do governador.<\/p>\n<p class=\"dist__Box-sc-1fnzlkn-0 dist__TextBase-sc-1fnzlkn-3 CGHCP htMUPQ article-text\">O gabinete do governador n\u00e3o respondeu imediatamente a um pedido de coment\u00e1rio no s\u00e1bado. Quando as pris\u00f5es de Zambada e Guzm\u00e1n L\u00f3pez foram anunciadas, Rocha disse \u00e0 m\u00eddia local que estava em Los Angeles naquele dia.<\/p>\n<p class=\"dist__Box-sc-1fnzlkn-0 dist__TextBase-sc-1fnzlkn-3 CGHCP htMUPQ article-text\">No in\u00edcio de agosto, Zambada, 76, fez sua segunda apari\u00e7\u00e3o no tribunal federal dos EUA no Texas, depois de ter sido detido nos EUA na semana anterior.<\/p>\n<p class=\"dist__Box-sc-1fnzlkn-0 dist__TextBase-sc-1fnzlkn-3 CGHCP htMUPQ article-text\">Guzm\u00e1n L\u00f3pez aparentemente estava em negocia\u00e7\u00f5es com as autoridades americanas h\u00e1 muito tempo sobre a possibilidade de se entregar. <a href=\"https:\/\/apnews.com\/article\/cartel-arrest-chicago-guzman-lopez-hearing-89f2cd1b6281e1f0180db5bfd6b40461\">Guzm\u00e1n L\u00f3pez, 38, declarou-se inocente<\/a> por tr\u00e1fico de drogas e outras acusa\u00e7\u00f5es em um tribunal federal em Chicago. <\/p>\n<p class=\"dist__Box-sc-1fnzlkn-0 dist__TextBase-sc-1fnzlkn-3 CGHCP htMUPQ article-text\">Mas autoridades dos EUA disseram que quase n\u00e3o tiveram aviso quando o avi\u00e3o de Guzm\u00e1n L\u00f3pez pousou em um aeroporto perto de El Paso. Ambos os homens <a href=\"https:\/\/apnews.com\/article\/sinaloa-drug-cartel-leaders-mexico-us-arrest-1d658ece5313a4de35bed732b3a86abf\">foram presos e permanecem presos<\/a>. Eles s\u00e3o acusados \u200b\u200bnos EUA de v\u00e1rios crimes relacionados a drogas.<\/p>\n<p class=\"dist__Box-sc-1fnzlkn-0 dist__TextBase-sc-1fnzlkn-3 CGHCP htMUPQ article-text\">Ken Salazar, o embaixador dos EUA no M\u00e9xico, disse que o avi\u00e3o havia decolado de Sinaloa \u2014 o estado da costa do Pac\u00edfico onde o cartel tem sede \u2014 e n\u00e3o havia apresentado nenhum plano de voo. Ele enfatizou que o piloto n\u00e3o era americano, nem o avi\u00e3o.<\/p>\n<p class=\"dist__Box-sc-1fnzlkn-0 dist__TextBase-sc-1fnzlkn-3 CGHCP htMUPQ article-text\">A implica\u00e7\u00e3o \u00e9 que Guzm\u00e1n L\u00f3pez pretendia se entregar e levou Zambada com ele para obter um tratamento mais favor\u00e1vel, mas seus motivos permanecem obscuros.<\/p>\n<p class=\"dist__Box-sc-1fnzlkn-0 dist__TextBase-sc-1fnzlkn-3 CGHCP htMUPQ article-text\">Acreditava-se que Zambada estava mais envolvido nas opera\u00e7\u00f5es di\u00e1rias do cartel do que seu chefe mais conhecido e chamativo, \u201cEl Chapo\u201d, que era <a href=\"https:\/\/apnews.com\/article\/2b16e1b751b044f3a7581df96ed41ef3\">condenado \u00e0 pris\u00e3o perp\u00e9tua<\/a> nos EUA em 2019.<\/p>\n<p class=\"dist__Box-sc-1fnzlkn-0 dist__TextBase-sc-1fnzlkn-3 CGHCP htMUPQ article-text\">Zambada \u00e9 acusado <a href=\"https:\/\/apnews.com\/8fa6da0d096a4bc79717495270826684\">em v\u00e1rios casos nos EUA<\/a>inclusive em Nova York e Calif\u00f3rnia. Os promotores apresentaram uma nova acusa\u00e7\u00e3o contra ele em Nova York em fevereiro, descrevendo-o como o \u201cl\u00edder principal da empresa criminosa respons\u00e1vel pela importa\u00e7\u00e3o de enormes quantidades de narc\u00f3ticos para os Estados Unidos\u201d.<\/p>\n<p class=\"dist__Box-sc-1fnzlkn-0 dist__TextBase-sc-1fnzlkn-3 CGHCP htMUPQ article-text\">___<\/p>\n<p class=\"dist__Box-sc-1fnzlkn-0 dist__TextBase-sc-1fnzlkn-3 CGHCP htMUPQ article-text\">Acompanhe a cobertura da AP sobre a Am\u00e9rica Latina e o Caribe em <a href=\"https:\/\/apnews.com\/hub\/latin-america\">https:\/\/apnews.com\/hub\/latin-america<\/a><\/p>\n<\/div>\n<p>Copyright 2024 The Associated Press. Todos os direitos reservados. Este material n\u00e3o pode ser publicado, transmitido, reescrito ou redistribu\u00eddo sem permiss\u00e3o.<\/p>\n<p><br \/>\n<br \/><a href=\"https:\/\/www.clickorlando.com\/news\/world\/2024\/08\/10\/mexican-drug-lord-el-mayo-zambada-says-he-was-ambushed-and-kidnapped-before-being-taken-to-the-us\/\">Source link <\/a><\/p>","protected":false},"excerpt":{"rendered":"<p>CIDADE DO M\u00c9XICO \u2013 L\u00edder do cartel de drogas mexicano Ismael \u201cEl Mayo\u201d Zambada disse que foi emboscado e sequestrado quando pensava que iria se encontrar com o governador do&hellip;<\/p>","protected":false},"author":1,"featured_media":21584,"comment_status":"closed","ping_status":"open","sticky":false,"template":"","format":"standard","meta":{"content-type":"","footnotes":""},"categories":[1],"tags":[9709,9710,1223,1419,1411],"class_list":["post-21583","post","type-post","status-publish","format-standard","has-post-thumbnail","hentry","category-uncategorized","tag-ismael-zambada-garcia","tag-joaquin-guzman-lopez","tag-negocios","tag-noticias-do-mundo","tag-noticias-dos-eua"],"_links":{"self":[{"href":"https:\/\/tvbrazilusa.com\/pt\/wp-json\/wp\/v2\/posts\/21583","targetHints":{"allow":["GET"]}}],"collection":[{"href":"https:\/\/tvbrazilusa.com\/pt\/wp-json\/wp\/v2\/posts"}],"about":[{"href":"https:\/\/tvbrazilusa.com\/pt\/wp-json\/wp\/v2\/types\/post"}],"author":[{"embeddable":true,"href":"https:\/\/tvbrazilusa.com\/pt\/wp-json\/wp\/v2\/users\/1"}],"replies":[{"embeddable":true,"href":"https:\/\/tvbrazilusa.com\/pt\/wp-json\/wp\/v2\/comments?post=21583"}],"version-history":[{"count":1,"href":"https:\/\/tvbrazilusa.com\/pt\/wp-json\/wp\/v2\/posts\/21583\/revisions"}],"predecessor-version":[{"id":21585,"href":"https:\/\/tvbrazilusa.com\/pt\/wp-json\/wp\/v2\/posts\/21583\/revisions\/21585"}],"wp:featuredmedia":[{"embeddable":true,"href":"https:\/\/tvbrazilusa.com\/pt\/wp-json\/wp\/v2\/media\/21584"}],"wp:attachment":[{"href":"https:\/\/tvbrazilusa.com\/pt\/wp-json\/wp\/v2\/media?parent=21583"}],"wp:term":[{"taxonomy":"category","embeddable":true,"href":"https:\/\/tvbrazilusa.com\/pt\/wp-json\/wp\/v2\/categories?post=21583"},{"taxonomy":"post_tag","embeddable":true,"href":"https:\/\/tvbrazilusa.com\/pt\/wp-json\/wp\/v2\/tags?post=21583"}],"curies":[{"name":"wp","href":"https:\/\/api.w.org\/{rel}","templated":true}]}}