{"id":21595,"date":"2024-08-10T20:04:21","date_gmt":"2024-08-10T20:04:21","guid":{"rendered":"https:\/\/tvbrazilusa.com\/2024\/08\/10\/milhares-protestam-contra-mineracao-de-litio-na-servia-autoridades-dizem-que-e-uma-conspiracao-contra-o-presidente-populista\/"},"modified":"2024-08-10T20:15:08","modified_gmt":"2024-08-10T20:15:08","slug":"milhares-protestam-contra-mineracao-de-litio-na-servia-autoridades-dizem-que-e-uma-conspiracao-contra-o-presidente-populista","status":"publish","type":"post","link":"https:\/\/tvbrazilusa.com\/pt\/2024\/08\/10\/milhares-protestam-contra-mineracao-de-litio-na-servia-autoridades-dizem-que-e-uma-conspiracao-contra-o-presidente-populista\/","title":{"rendered":"Milhares protestam contra minera\u00e7\u00e3o de l\u00edtio na S\u00e9rvia. Autoridades dizem que \u00e9 uma conspira\u00e7\u00e3o contra o presidente populista"},"content":{"rendered":"<script async src=\"https:\/\/pagead2.googlesyndication.com\/pagead\/js\/adsbygoogle.js?client=ca-pub-8864793242727901\"\r\n     crossorigin=\"anonymous\"><\/script>\n<div id=\"\">\n<p class=\"dist__Box-sc-1fnzlkn-0 dist__TextBase-sc-1fnzlkn-3 CGHCP htMUPQ article-text\"><strong>BELGRADO<\/strong> \u2013 Dezenas de milhares de manifestantes se reuniram no s\u00e1bado contra <a href=\"https:\/\/apnews.com\/article\/serbia-lithium-mine-protests-eu-gornje-nedeljice-f61c39c8d5e8b92ed92b0b21addadc71\">minera\u00e7\u00e3o de l\u00edtio na S\u00e9rvia<\/a>apesar dos avisos das autoridades sobre a sua alegada conspira\u00e7\u00e3o para derrubar <a href=\"https:\/\/apnews.com\/hub\/aleksandar-vucic\">Presidente populista Aleksandar Vu\u010di\u0107<\/a> e seu governo.<\/p>\n<p class=\"dist__Box-sc-1fnzlkn-0 dist__TextBase-sc-1fnzlkn-3 CGHCP htMUPQ article-text\">Vu\u010di\u0107 disse anteriormente que havia sido avisado pelos servi\u00e7os de intelig\u00eancia russos de que uma \u201cagita\u00e7\u00e3o em massa e um golpe\u201d estavam sendo preparados na S\u00e9rvia por pot\u00eancias ocidentais n\u00e3o especificadas que desejam tir\u00e1-lo do poder.<\/p>\n<p class=\"dist__Box-sc-1fnzlkn-0 dist__TextBase-sc-1fnzlkn-3 CGHCP htMUPQ article-text\">A multid\u00e3o gritava: \u201cN\u00e3o haver\u00e1 minera\u00e7\u00e3o\u201d e \u201cTrai\u00e7\u00e3o, trai\u00e7\u00e3o\u201d.<\/p>\n<p class=\"dist__Box-sc-1fnzlkn-0 dist__TextBase-sc-1fnzlkn-3 CGHCP htMUPQ article-text\">Ap\u00f3s o fim de um dos maiores protestos no centro de Belgrado em anos, algumas pessoas na multid\u00e3o marcharam em dire\u00e7\u00e3o \u00e0s duas principais esta\u00e7\u00f5es ferrovi\u00e1rias da capital, prometendo bloquear o tr\u00e1fego de trens at\u00e9 que suas exig\u00eancias de que a minera\u00e7\u00e3o de l\u00edtio seja oficialmente proibida sejam atendidas.<\/p>\n<p class=\"dist__Box-sc-1fnzlkn-0 dist__TextBase-sc-1fnzlkn-3 CGHCP htMUPQ article-text\">Autoridades governamentais e a m\u00eddia controlada pelo Estado lan\u00e7aram uma grande campanha contra a manifesta\u00e7\u00e3o, comparando-a \u00e0 revolta de Maidan, na capital da Ucr\u00e2nia, Kiev, que levou \u00e0 queda do governo do pa\u00eds. <a href=\"https:\/\/apnews.com\/hub\/viktor-yanukovych\">ent\u00e3o presidente pr\u00f3-R\u00fassia Viktor Yanukovych<\/a> em 2013. Os organizadores do protesto de Belgrado disseram que o protesto seria pac\u00edfico. <\/p>\n<p class=\"dist__Box-sc-1fnzlkn-0 dist__TextBase-sc-1fnzlkn-3 CGHCP htMUPQ article-text\">\u201cNosso com\u00edcio hoje \u00e9 ecol\u00f3gico e n\u00e3o tem ambi\u00e7\u00f5es pol\u00edticas, mas o governo nos acusou de tentar dar um golpe\u201d, disse a atriz Svetlana Bojkovi\u0107.<\/p>\n<p class=\"dist__Box-sc-1fnzlkn-0 dist__TextBase-sc-1fnzlkn-3 CGHCP htMUPQ article-text\">\u201cViemos aqui hoje para levantar nossa voz contra algo que est\u00e1 al\u00e9m da pol\u00edtica\u201d, disse ela.<\/p>\n<p class=\"dist__Box-sc-1fnzlkn-0 dist__TextBase-sc-1fnzlkn-3 CGHCP htMUPQ article-text\">A manifesta\u00e7\u00e3o ocorreu ap\u00f3s semanas de protestos em dezenas de cidades da S\u00e9rvia contra um plano do governo de permitir a minera\u00e7\u00e3o de l\u00edtio em um vale agr\u00edcola exuberante no oeste do pa\u00eds.<\/p>\n<p class=\"dist__Box-sc-1fnzlkn-0 dist__TextBase-sc-1fnzlkn-3 CGHCP htMUPQ article-text\">Este plano foi descartado em 2022 ap\u00f3s grandes manifesta\u00e7\u00f5es que inclu\u00edram o bloqueio de pontes e estradas importantes. Mas foi revivido no m\u00eas passado e recebeu um impulso em um acordo provis\u00f3rio sobre \u201cmat\u00e9rias-primas cr\u00edticas\u201d assinado pelo governo de Vu\u010di\u0107 com o <a href=\"https:\/\/apnews.com\/hub\/european-union\">Uni\u00e3o Europeia<\/a>.<\/p>\n<p class=\"dist__Box-sc-1fnzlkn-0 dist__TextBase-sc-1fnzlkn-3 CGHCP htMUPQ article-text\">A na\u00e7\u00e3o balc\u00e2nica est\u00e1 formalmente buscando a filia\u00e7\u00e3o \u00e0 UE, mantendo la\u00e7os muito pr\u00f3ximos tanto com a R\u00fassia quanto com a China. O memorando da UE sobre a minera\u00e7\u00e3o de l\u00edtio e outros materiais essenciais necess\u00e1rios para a transi\u00e7\u00e3o verde deixaria a S\u00e9rvia mais pr\u00f3xima do bloco e reduziria as importa\u00e7\u00f5es de baterias de l\u00edtio e carros el\u00e9tricos da China pela Europa.<\/p>\n<p class=\"dist__Box-sc-1fnzlkn-0 dist__TextBase-sc-1fnzlkn-3 CGHCP htMUPQ article-text\">Embora o governo insista que a mina \u00e9 uma oportunidade para o desenvolvimento econ\u00f4mico, os cr\u00edticos dizem que ela causaria polui\u00e7\u00e3o irrepar\u00e1vel no vale de Jadar, juntamente com suas reservas cruciais de \u00e1gua subterr\u00e2nea e terras agr\u00edcolas. <\/p>\n<p class=\"dist__Box-sc-1fnzlkn-0 dist__TextBase-sc-1fnzlkn-3 CGHCP htMUPQ article-text\">Os moradores do vale s\u00e3o fortemente contra a mina, que seria operada pela multinacional Rio Tinto Mining Company. Tanto o governo quanto a empresa prometeram os mais altos padr\u00f5es ambientais no processo de minera\u00e7\u00e3o, mas os oponentes n\u00e3o foram convencidos.<\/p>\n<p class=\"dist__Box-sc-1fnzlkn-0 dist__TextBase-sc-1fnzlkn-3 CGHCP htMUPQ article-text\">Dezenas de milhares de pessoas compareceram a protestos de prote\u00e7\u00e3o ambiental realizados por toda a S\u00e9rvia nas \u00faltimas semanas, representando um grande desafio a Vu\u010di\u0107 e seu governo cada vez mais autocr\u00e1tico. Os oponentes querem que o governo pro\u00edba formalmente qualquer minera\u00e7\u00e3o de l\u00edtio e boro na S\u00e9rvia. <\/p>\n<p class=\"dist__Box-sc-1fnzlkn-0 dist__TextBase-sc-1fnzlkn-3 CGHCP htMUPQ article-text\">O governo criou uma equipe m\u00e9dica para monitorar quaisquer riscos potenciais \u00e0 sa\u00fade e um call center para os cidad\u00e3os expressarem suas preocupa\u00e7\u00f5es, uma tentativa aparente de amenizar parte da oposi\u00e7\u00e3o. <\/p>\n<p class=\"dist__Box-sc-1fnzlkn-0 dist__TextBase-sc-1fnzlkn-3 CGHCP htMUPQ article-text\">O Ministro de Minera\u00e7\u00e3o e Energia da S\u00e9rvia, Dubravka \u0110edovi\u0107 Handanovi\u0107, disse \u00e0 Associated Press no in\u00edcio desta semana, em uma entrevista, que a S\u00e9rvia n\u00e3o apenas exportaria mat\u00e9rias-primas, mas desenvolveria uma &#8220;cadeia de valor&#8221; no pa\u00eds ligada \u00e0 produ\u00e7\u00e3o de baterias e ve\u00edculos el\u00e9tricos para ajudar a desenvolver novas tecnologias. <\/p>\n<p class=\"dist__Box-sc-1fnzlkn-0 dist__TextBase-sc-1fnzlkn-3 CGHCP htMUPQ article-text\">Os moradores do vale de Jadar, no entanto, disseram que nada poderia persuadi-los a concordar com a mina. Eles disseram que estavam prontos para fazer de tudo para impedir que a mina fosse aberta. <\/p>\n<p class=\"dist__Box-sc-1fnzlkn-0 dist__TextBase-sc-1fnzlkn-3 CGHCP htMUPQ article-text\">___<\/p>\n<p class=\"dist__Box-sc-1fnzlkn-0 dist__TextBase-sc-1fnzlkn-3 CGHCP htMUPQ article-text\">Du\u0161an Stojanovi\u0107 contribuiu para esta hist\u00f3ria.<\/p>\n<\/div>\n<p>Copyright 2024 The Associated Press. Todos os direitos reservados. Este material n\u00e3o pode ser publicado, transmitido, reescrito ou redistribu\u00eddo sem permiss\u00e3o.<\/p>\n<p><br \/>\n<br \/><a href=\"https:\/\/www.clickorlando.com\/business\/2024\/08\/10\/thousands-protest-lithium-mining-in-serbia-officials-say-its-a-plot-against-populist-president\/\">Source link <\/a><\/p>","protected":false},"excerpt":{"rendered":"<p>BELGRADO \u2013 Dezenas de milhares de manifestantes se reuniram no s\u00e1bado contra minera\u00e7\u00e3o de l\u00edtio na S\u00e9rviaapesar dos avisos das autoridades sobre a sua alegada conspira\u00e7\u00e3o para derrubar Presidente populista&hellip;<\/p>","protected":false},"author":1,"featured_media":21596,"comment_status":"closed","ping_status":"open","sticky":false,"template":"","format":"standard","meta":{"content-type":"","footnotes":""},"categories":[1],"tags":[1477,1360,1223,1419,10077],"class_list":["post-21595","post","type-post","status-publish","format-standard","has-post-thumbnail","hentry","category-uncategorized","tag-ambiente","tag-clima","tag-negocios","tag-noticias-do-mundo","tag-viktor-yanukovych"],"_links":{"self":[{"href":"https:\/\/tvbrazilusa.com\/pt\/wp-json\/wp\/v2\/posts\/21595","targetHints":{"allow":["GET"]}}],"collection":[{"href":"https:\/\/tvbrazilusa.com\/pt\/wp-json\/wp\/v2\/posts"}],"about":[{"href":"https:\/\/tvbrazilusa.com\/pt\/wp-json\/wp\/v2\/types\/post"}],"author":[{"embeddable":true,"href":"https:\/\/tvbrazilusa.com\/pt\/wp-json\/wp\/v2\/users\/1"}],"replies":[{"embeddable":true,"href":"https:\/\/tvbrazilusa.com\/pt\/wp-json\/wp\/v2\/comments?post=21595"}],"version-history":[{"count":1,"href":"https:\/\/tvbrazilusa.com\/pt\/wp-json\/wp\/v2\/posts\/21595\/revisions"}],"predecessor-version":[{"id":21597,"href":"https:\/\/tvbrazilusa.com\/pt\/wp-json\/wp\/v2\/posts\/21595\/revisions\/21597"}],"wp:featuredmedia":[{"embeddable":true,"href":"https:\/\/tvbrazilusa.com\/pt\/wp-json\/wp\/v2\/media\/21596"}],"wp:attachment":[{"href":"https:\/\/tvbrazilusa.com\/pt\/wp-json\/wp\/v2\/media?parent=21595"}],"wp:term":[{"taxonomy":"category","embeddable":true,"href":"https:\/\/tvbrazilusa.com\/pt\/wp-json\/wp\/v2\/categories?post=21595"},{"taxonomy":"post_tag","embeddable":true,"href":"https:\/\/tvbrazilusa.com\/pt\/wp-json\/wp\/v2\/tags?post=21595"}],"curies":[{"name":"wp","href":"https:\/\/api.w.org\/{rel}","templated":true}]}}