{"id":21687,"date":"2024-08-10T23:07:37","date_gmt":"2024-08-10T23:07:37","guid":{"rendered":"https:\/\/tvbrazilusa.com\/2024\/08\/10\/o-villano-park-foi-assumido-pelo-hamdens-caribbean-festival\/"},"modified":"2024-08-10T23:09:15","modified_gmt":"2024-08-10T23:09:15","slug":"o-villano-park-foi-assumido-pelo-hamdens-caribbean-festival","status":"publish","type":"post","link":"https:\/\/tvbrazilusa.com\/pt\/2024\/08\/10\/o-villano-park-foi-assumido-pelo-hamdens-caribbean-festival\/","title":{"rendered":"O Villano Park foi assumido pelo Hamden&#39;s Caribbean Festival"},"content":{"rendered":"<script async src=\"https:\/\/pagead2.googlesyndication.com\/pagead\/js\/adsbygoogle.js?client=ca-pub-8864793242727901\"\r\n     crossorigin=\"anonymous\"><\/script>\n<p>HAMDEN, Connecticut (WTNH) \u2013 Tambores de a\u00e7o e soca puderam ser ouvidos em todo o Villano Park na tarde de s\u00e1bado durante o Festival Caribenho anual de Hamden. <\/p>\n<p>Slay Washington sediou o evento que contou com vendedores, food trucks, m\u00fasica e divers\u00e3o para toda a fam\u00edlia. O Hamden Youth Services Bureau e o We Are the Village tamb\u00e9m fizeram uma parceria para distribuir mochilas gratuitas cheias de material escolar. <\/p>\n<p>Os organizadores disseram que o dia era para celebrar a di\u00e1spora, a cor e a cultura caribenhas. <\/p>\n<p>&#8220;Isso significa muito porque agora podemos ver a comunidade se unindo e apreciando a diversidade que existe aqui, as diferentes culturas, aprendendo uns com os outros e vivenciando coisas novas&#8221;, disse Nicole Brown Johnson, supervisora \u200b\u200bde recrea\u00e7\u00e3o da cidade de Hamden. <\/p>\n<p>Este \u00e9 o segundo festival caribenho do We are the Village e de Hamden.<\/p>\n<p><br \/>\n<br \/><a href=\"https:\/\/www.wtnh.com\/news\/connecticut\/new-haven\/villano-park-was-taken-over-by-hamdens-caribbean-festival\/\">Source link <\/a><\/p>","protected":false},"excerpt":{"rendered":"<p>HAMDEN, Connecticut (WTNH) \u2013 Tambores de a\u00e7o e soca puderam ser ouvidos em todo o Villano Park na tarde de s\u00e1bado durante o Festival Caribenho anual de Hamden. Slay Washington&hellip;<\/p>","protected":false},"author":1,"featured_media":21688,"comment_status":"closed","ping_status":"open","sticky":false,"template":"","format":"standard","meta":{"content-type":"","footnotes":""},"categories":[1],"tags":[],"class_list":["post-21687","post","type-post","status-publish","format-standard","has-post-thumbnail","hentry","category-uncategorized"],"_links":{"self":[{"href":"https:\/\/tvbrazilusa.com\/pt\/wp-json\/wp\/v2\/posts\/21687","targetHints":{"allow":["GET"]}}],"collection":[{"href":"https:\/\/tvbrazilusa.com\/pt\/wp-json\/wp\/v2\/posts"}],"about":[{"href":"https:\/\/tvbrazilusa.com\/pt\/wp-json\/wp\/v2\/types\/post"}],"author":[{"embeddable":true,"href":"https:\/\/tvbrazilusa.com\/pt\/wp-json\/wp\/v2\/users\/1"}],"replies":[{"embeddable":true,"href":"https:\/\/tvbrazilusa.com\/pt\/wp-json\/wp\/v2\/comments?post=21687"}],"version-history":[{"count":1,"href":"https:\/\/tvbrazilusa.com\/pt\/wp-json\/wp\/v2\/posts\/21687\/revisions"}],"predecessor-version":[{"id":21689,"href":"https:\/\/tvbrazilusa.com\/pt\/wp-json\/wp\/v2\/posts\/21687\/revisions\/21689"}],"wp:featuredmedia":[{"embeddable":true,"href":"https:\/\/tvbrazilusa.com\/pt\/wp-json\/wp\/v2\/media\/21688"}],"wp:attachment":[{"href":"https:\/\/tvbrazilusa.com\/pt\/wp-json\/wp\/v2\/media?parent=21687"}],"wp:term":[{"taxonomy":"category","embeddable":true,"href":"https:\/\/tvbrazilusa.com\/pt\/wp-json\/wp\/v2\/categories?post=21687"},{"taxonomy":"post_tag","embeddable":true,"href":"https:\/\/tvbrazilusa.com\/pt\/wp-json\/wp\/v2\/tags?post=21687"}],"curies":[{"name":"wp","href":"https:\/\/api.w.org\/{rel}","templated":true}]}}