{"id":21690,"date":"2024-08-10T23:00:36","date_gmt":"2024-08-10T23:00:36","guid":{"rendered":"https:\/\/tvbrazilusa.com\/2024\/08\/10\/celine-dion-critica-trump-e-vance-por-usar-sua-musica-e-imagem-aquela-musica\/"},"modified":"2024-08-10T23:13:52","modified_gmt":"2024-08-10T23:13:52","slug":"celine-dion-critica-trump-e-vance-por-usar-sua-musica-e-imagem-aquela-musica","status":"publish","type":"post","link":"https:\/\/tvbrazilusa.com\/pt\/2024\/08\/10\/celine-dion-critica-trump-e-vance-por-usar-sua-musica-e-imagem-aquela-musica\/","title":{"rendered":"Celine Dion critica Trump e Vance por usar sua m\u00fasica e imagem. &#39;AQUELA m\u00fasica?&#39;"},"content":{"rendered":"<script async src=\"https:\/\/pagead2.googlesyndication.com\/pagead\/js\/adsbygoogle.js?client=ca-pub-8864793242727901\"\r\n     crossorigin=\"anonymous\"><\/script>\n<div>\n<p class=\"article__paragraph article__paragraph--left\" id=\"MOO3TJRGDVEYVPEXQHKQB25VQI\"><a href=\"https:\/\/www.youtube.com\/watch?v=smKqMiGXxl4\" target=\"_blank\" rel=\"noopener\">C\u00e9line Dion<\/a>&#39;s <a href=\"https:\/\/www.youtube.com\/watch?v=smKqMiGXxl4\" target=\"_blank\" rel=\"noopener\">desempenho espetacular<\/a> na Torre Eiffel para o <a href=\"https:\/\/www.youtube.com\/watch?v=smKqMiGXxl4\" target=\"_blank\" rel=\"noopener\">Cerim\u00f4nia de abertura das Olimp\u00edadas<\/a> mostrou que ela continua sendo uma pot\u00eancia vocal impressionante.<\/p>\n<p class=\"article__paragraph article__paragraph--left\" id=\"JAWSWVAIWZDIZL35INGJTKCYE4\">Mas algo que ela viu em um com\u00edcio recente de Trump soou um pouco amargo.<\/p>\n<p class=\"article__paragraph article__paragraph--left\" id=\"OZAV4EHQKJH7BCQZNNDN6EGRVQ\">\u201cHoje, a equipe de gest\u00e3o de Celine Dion e sua gravadora Sony Music Entertainment Canada Inc. tomaram conhecimento do uso n\u00e3o autorizado do v\u00eddeo, grava\u00e7\u00e3o, apresenta\u00e7\u00e3o musical e imagem de Celine Dion cantando &#39;My Heart Will Go On&#39; em um com\u00edcio da campanha de Donald Trump\/JD Vance em Montana\u201d, diz uma declara\u00e7\u00e3o publicada nas contas de m\u00eddia social de Dion.<\/p>\n<p class=\"article__paragraph article__paragraph--left\" id=\"Y27OBPCCQVFEDMCPJZMP2FY7WQ\">\u201cDe forma alguma esse uso \u00e9 autorizado e Celine Dion n\u00e3o endossa esse ou qualquer uso semelhante\u201d, diz o comunicado da artista, que recentemente compartilhou suas experi\u00eancias com <a href=\"https:\/\/my.clevelandclinic.org\/health\/diseases\/6076-stiff-person-syndrome\" target=\"_blank\" rel=\"noopener\">s\u00edndrome da pessoa r\u00edgida<\/a> no document\u00e1rio \u201c<a href=\"https:\/\/www.amazon.com\/dp\/B0CZ8NDFKZ?ref=dvm_us_dl_sl_go_s_iacd_mkw_sH40Ddmn6-dc&#038;mrntrk=pcrid_706845627979_slid__pgrid_163076285697_pgeo_9003566_x__adext__ptid_kwd-376322371894\" target=\"_blank\" rel=\"noopener\">Eu sou: Celine Dion<\/a>.\u201d<\/p>\n<p class=\"article__paragraph article__paragraph--left\" id=\"V34C5IU4VJDSBJPE3FZU7CDXDA\">Depois havia uma nota especial reservada para a escolha da m\u00fasica.<\/p>\n<p class=\"article__paragraph article__paragraph--left\" id=\"PWYSI4WQ7BECXKIAQ7NNZONMRI\">\u201c&#8230;E realmente, AQUELA m\u00fasica?\u201d<\/p>\n<p class=\"article__paragraph article__paragraph--left\" id=\"DZFQFNNY5NCMXOY2TVFX23USBA\">Conforme mostrado no v\u00eddeo abaixo, Trump e Vance usaram um v\u00eddeo de Dion cantando o hit de 1997 &#8220;Titanic&#8221;, que se tornou um grande sucesso global e ganhou um Oscar, um Globo de Ouro e quatro Grammys, incluindo o de grava\u00e7\u00e3o do ano e m\u00fasica do ano em 1999.<\/p>\n<p class=\"article__paragraph article__paragraph--left\" id=\"L3VWUHAHW5A5VCQQY2G437KBZE\">A campanha Trump-Vance exibiu o v\u00eddeo antes de Trump subir ao palco em Bozeman, Montana.<\/p>\n<p class=\"article__paragraph article__paragraph--left\" id=\"ERCIURV6BZC3TEN4BO7C7KKSYM\">E n\u00e3o foram apenas Dion e seus empres\u00e1rios que ficaram perplexos com o uso da m\u00fasica.<\/p>\n<p class=\"article__paragraph article__paragraph--left\" id=\"SCJZHHUV2BFRDCWZHSXA6YLJLU\">Alguns se perguntaram se a campanha Trump-Vance estaria sinalizando que seu navio estava afundando.<\/p>\n<p class=\"article__paragraph article__paragraph--left\" id=\"KALNE2VJPBAVVLZX5LYLVM4TOM\"><a href=\"https:\/\/apnews.com\/article\/donald-trump-ronald-reagan-hip-hop-and-rap-phil-collins-bruce-springsteen-394ddb622b30a718f1b4621a316a78c3\" target=\"_blank\" rel=\"noopener\">Os artistas reagiram<\/a> contra o ex-presidente Trump usando sua m\u00fasica antes.<\/p>\n<p class=\"article__paragraph article__paragraph--left\" id=\"QALAPILF7FG3PHZIWJL3OGJJKU\">Entre eles: <a href=\"https:\/\/apnews.com\/article\/donald-trump-ronald-reagan-hip-hop-and-rap-phil-collins-bruce-springsteen-394ddb622b30a718f1b4621a316a78c3\" target=\"_blank\" rel=\"noopener\">Bruce Springsteen<\/a> (\u201cNascido nos EUA\u201d), Phil Collins (\u201cIn the Air Tonight\u201d), <a href=\"https:\/\/apnews.com\/article\/donald-trump-ronald-reagan-hip-hop-and-rap-phil-collins-bruce-springsteen-394ddb622b30a718f1b4621a316a78c3\" target=\"_blank\" rel=\"noopener\">John Fogerty<\/a> (\u201cFilho Afortunado\u201d), <a href=\"https:\/\/apnews.com\/article\/donald-trump-ronald-reagan-hip-hop-and-rap-phil-collins-bruce-springsteen-394ddb622b30a718f1b4621a316a78c3\" target=\"_blank\" rel=\"noopener\">Eddy Concess\u00e3o<\/a> (\u201cAvenida El\u00e9trica\u201d), <a href=\"https:\/\/apnews.com\/article\/donald-trump-ronald-reagan-hip-hop-and-rap-phil-collins-bruce-springsteen-394ddb622b30a718f1b4621a316a78c3\" target=\"_blank\" rel=\"noopener\">Adele<\/a> (\u201cRolando nas Profundezas\u201d, \u201cSkyfall\u201d), <a href=\"https:\/\/apnews.com\/article\/donald-trump-ronald-reagan-hip-hop-and-rap-phil-collins-bruce-springsteen-394ddb622b30a718f1b4621a316a78c3\" target=\"_blank\" rel=\"noopener\">REM<\/a> (\u201cTodo mundo sofre\u201d, \u201cPerdendo minha religi\u00e3o\u201d, \u201c\u00c9 o fim do mundo como o conhecemos (e eu me sinto bem)\u201d), <a href=\"https:\/\/apnews.com\/article\/donald-trump-ronald-reagan-hip-hop-and-rap-phil-collins-bruce-springsteen-394ddb622b30a718f1b4621a316a78c3\" target=\"_blank\" rel=\"noopener\">Rihanna<\/a> (\u201cN\u00e3o Pare a M\u00fasica\u201d), <a href=\"https:\/\/apnews.com\/article\/donald-trump-ronald-reagan-hip-hop-and-rap-phil-collins-bruce-springsteen-394ddb622b30a718f1b4621a316a78c3\" target=\"_blank\" rel=\"noopener\">Pharrel<\/a> (&#8220;Feliz&#8221;), <a href=\"https:\/\/apnews.com\/article\/donald-trump-ronald-reagan-hip-hop-and-rap-phil-collins-bruce-springsteen-394ddb622b30a718f1b4621a316a78c3\" target=\"_blank\" rel=\"noopener\">Axl Rosa<\/a> (\u201cSweet Child O&#39; Mine\u201d) e <a href=\"https:\/\/apnews.com\/article\/donald-trump-ronald-reagan-hip-hop-and-rap-phil-collins-bruce-springsteen-394ddb622b30a718f1b4621a316a78c3\" target=\"_blank\" rel=\"noopener\">Brendon Urie<\/a> (\u201cGrandes Esperan\u00e7as\u201d).<\/p>\n<p class=\"article__paragraph article__paragraph--left\" id=\"EBOOJVEKPJBMLH3BBGIKBIZAV4\">Em 2020, <a href=\"https:\/\/www.rollingstone.com\/music\/music-news\/neil-young-lawsuit-trump-campaign-rockin-in-the-free-world-1039173\/\" target=\"_blank\" rel=\"noopener\">Neil Young processou Trump<\/a> por usar suas m\u00fasicas, incluindo \u201cRockin&#39; in the Free World\u201d, enquanto <a href=\"https:\/\/www.cnn.com\/2020\/06\/28\/politics\/rolling-stones-trump-music-rally-trnd\/index.html\" target=\"_blank\" rel=\"noopener\">Os Rolling Stones amea\u00e7aram processar<\/a> ele por usar \u201cYou Can&#39;t Always Get What You Want\u201d como sua m\u00fasica de despedida em com\u00edcios.<\/p>\n<p class=\"article__paragraph article__paragraph--left\" id=\"BE3QNDR5FJD4DP4LPON4NDK7F4\">As propriedades e fam\u00edlias de <a href=\"https:\/\/apnews.com\/article\/donald-trump-ronald-reagan-hip-hop-and-rap-phil-collins-bruce-springsteen-394ddb622b30a718f1b4621a316a78c3\" target=\"_blank\" rel=\"noopener\">Tom Petty<\/a>, <a href=\"https:\/\/apnews.com\/article\/donald-trump-ronald-reagan-hip-hop-and-rap-phil-collins-bruce-springsteen-394ddb622b30a718f1b4621a316a78c3\" target=\"_blank\" rel=\"noopener\">Leonardo Cohen<\/a>, <a href=\"https:\/\/apnews.com\/article\/donald-trump-ronald-reagan-hip-hop-and-rap-phil-collins-bruce-springsteen-394ddb622b30a718f1b4621a316a78c3\" target=\"_blank\" rel=\"noopener\">Sinead O&#39;Connor<\/a>, <a href=\"https:\/\/apnews.com\/article\/donald-trump-ronald-reagan-hip-hop-and-rap-phil-collins-bruce-springsteen-394ddb622b30a718f1b4621a316a78c3\" target=\"_blank\" rel=\"noopener\">George Harrison<\/a> e <a href=\"https:\/\/apnews.com\/article\/donald-trump-ronald-reagan-hip-hop-and-rap-phil-collins-bruce-springsteen-394ddb622b30a718f1b4621a316a78c3\" target=\"_blank\" rel=\"noopener\">Pr\u00edncipe<\/a> tamb\u00e9m se manifestaram sobre o uso n\u00e3o autorizado da m\u00fasica dos artistas por Trump.<\/p>\n<section class=\"Stories-By-Author-module_wrapper__ezbcK Stories-By-Author-module_nj__Ap1-Y\"\/>\n<p class=\"article__paragraph article__paragraph--left\" id=\"LNMZXED7OVBPRHZSFEDVD7QHNI\"><i>Obrigado por ler. Por favor, considere apoiar <\/i><a href=\"http:\/\/nj.com\/\"><i>NJ.com<\/i><\/a><i>  com uma assinatura.<\/i><\/p>\n<p class=\"article__paragraph article__paragraph--left\" id=\"5QH5WAZ7CVAOLJSNZ75S32LU3Q\"><i>Amy Kuperinsky pode ser contatada em <\/i><a href=\"https:\/\/www.nj.com\/entertainment\/2024\/08\/mailto:akuperinsky@njadvancemedia.com\"><i>akuperinsky@njadvancemedia.com<\/i><\/a><i>  e seguido em <\/i><a href=\"http:\/\/www.twitter.com\/amykup\"><i>@AmyKup<\/i><\/a><i>.<\/i><\/p>\n<\/div>\n<p><script async src=\"\/\/platform.twitter.com\/widgets.js\" charset=\"utf-8\"><\/script><br \/>\n<br \/><br \/>\n<br \/><a href=\"https:\/\/www.nj.com\/entertainment\/2024\/08\/celine-dion-slams-trump-vance-for-using-her-music-and-likeness-that-song.html\">Source link <\/a><\/p>","protected":false},"excerpt":{"rendered":"<p>C\u00e9line Dion&#39;s desempenho espetacular na Torre Eiffel para o Cerim\u00f4nia de abertura das Olimp\u00edadas mostrou que ela continua sendo uma pot\u00eancia vocal impressionante. Mas algo que ela viu em um&hellip;<\/p>","protected":false},"author":1,"featured_media":21691,"comment_status":"closed","ping_status":"open","sticky":false,"template":"","format":"standard","meta":{"content-type":"","footnotes":""},"categories":[1],"tags":[],"class_list":["post-21690","post","type-post","status-publish","format-standard","has-post-thumbnail","hentry","category-uncategorized"],"_links":{"self":[{"href":"https:\/\/tvbrazilusa.com\/pt\/wp-json\/wp\/v2\/posts\/21690","targetHints":{"allow":["GET"]}}],"collection":[{"href":"https:\/\/tvbrazilusa.com\/pt\/wp-json\/wp\/v2\/posts"}],"about":[{"href":"https:\/\/tvbrazilusa.com\/pt\/wp-json\/wp\/v2\/types\/post"}],"author":[{"embeddable":true,"href":"https:\/\/tvbrazilusa.com\/pt\/wp-json\/wp\/v2\/users\/1"}],"replies":[{"embeddable":true,"href":"https:\/\/tvbrazilusa.com\/pt\/wp-json\/wp\/v2\/comments?post=21690"}],"version-history":[{"count":1,"href":"https:\/\/tvbrazilusa.com\/pt\/wp-json\/wp\/v2\/posts\/21690\/revisions"}],"predecessor-version":[{"id":21692,"href":"https:\/\/tvbrazilusa.com\/pt\/wp-json\/wp\/v2\/posts\/21690\/revisions\/21692"}],"wp:featuredmedia":[{"embeddable":true,"href":"https:\/\/tvbrazilusa.com\/pt\/wp-json\/wp\/v2\/media\/21691"}],"wp:attachment":[{"href":"https:\/\/tvbrazilusa.com\/pt\/wp-json\/wp\/v2\/media?parent=21690"}],"wp:term":[{"taxonomy":"category","embeddable":true,"href":"https:\/\/tvbrazilusa.com\/pt\/wp-json\/wp\/v2\/categories?post=21690"},{"taxonomy":"post_tag","embeddable":true,"href":"https:\/\/tvbrazilusa.com\/pt\/wp-json\/wp\/v2\/tags?post=21690"}],"curies":[{"name":"wp","href":"https:\/\/api.w.org\/{rel}","templated":true}]}}