{"id":21774,"date":"2024-08-11T02:26:49","date_gmt":"2024-08-11T02:26:49","guid":{"rendered":"https:\/\/tvbrazilusa.com\/2024\/08\/11\/milhares-de-pessoas-foram-ao-new-haven-green-para-celebrar-um-festival-porto-riquenho-especial-com-tema-de-veteranos\/"},"modified":"2024-08-11T02:30:56","modified_gmt":"2024-08-11T02:30:56","slug":"milhares-de-pessoas-foram-ao-new-haven-green-para-celebrar-um-festival-porto-riquenho-especial-com-tema-de-veteranos","status":"publish","type":"post","link":"https:\/\/tvbrazilusa.com\/pt\/2024\/08\/11\/milhares-de-pessoas-foram-ao-new-haven-green-para-celebrar-um-festival-porto-riquenho-especial-com-tema-de-veteranos\/","title":{"rendered":"Milhares de pessoas foram ao New Haven Green para celebrar um festival porto-riquenho especial com tema de veteranos"},"content":{"rendered":"<script async src=\"https:\/\/pagead2.googlesyndication.com\/pagead\/js\/adsbygoogle.js?client=ca-pub-8864793242727901\"\r\n     crossorigin=\"anonymous\"><\/script>\n<p>NEW HAVEN, Connecticut (WTNH) \u2013 M\u00fasica, Mofongo e o orgulho de mucho Boricua atra\u00edram milhares de pessoas ao 8\u00ba Festival Porto-riquenho de New Haven. <\/p>\n<p>O festival deu aos porto-riquenhos e al\u00e9m uma chance de celebrar e aprender sobre a vibrante cultura. Tamb\u00e9m levou a um dia de muitas estreias. <\/p>\n<p>&#8220;Sou moradora de New Haven h\u00e1 muito tempo, quase 25 anos, e sendo porto-riquenha, este \u00e9 meu primeiro festival&#8221;, disse Lina, frequentadora do festival. <\/p>\n<p>Tamb\u00e9m \u00e9 o primeiro dia de neg\u00f3cios para Bori Ice. A copropriet\u00e1ria Jacqueline Mendez disse ao News 8: &#8220;Estamos aqui hoje e n\u00e3o consigo acreditar. \u00c9 um sonho que se tornou realidade. Piraguas e esses s\u00e3o nossos sabores, coco, pacha, esses s\u00e3o todos os nossos sabores.&#8221;<\/p>\n<p>Exibida nas laterais de food trucks, em camisetas e chap\u00e9us, em faixas e guarda-chuvas, a bandeira da ilha foi exibida com honra. <\/p>\n<p>A sargento de primeira classe Kelvia Flores, da Guarda Nacional de Connecticut, disse que o festival permitiu que &#8220;&#8230; porto-riquenhos nascidos fora da ilha realmente entendessem sua cultura e sua ilha aqui nos estados do continente&#8221;.<\/p>\n<p>A sargento Flores n\u00e3o carrega apenas a bandeira porto-riquenha perto do cora\u00e7\u00e3o, mas tamb\u00e9m a bandeira americana. <\/p>\n<p>O mestre de cerim\u00f4nias serve na Guarda Nacional de Connecticut e foi homenageado pelo tema Veterano e Membro do Servi\u00e7o Porto-riquenho para o festival deste ano. A sargento Flores diz que ficou emocionada com o amor e o reconhecimento. <\/p>\n<p>&#8220;Na nossa cultura, \u00e9 um orgulho usar a bandeira dos EUA no seu uniforme e ir para a guerra pelo continente&#8221;, disse o Sgt. Flores. &#8220;Faz parte da nossa cultura, somos criados dessa forma. Fui criado na ilha para ter esse orgulho, ent\u00e3o, para mim, significa tudo que nossa cultura reconhe\u00e7a isso e diga que aceitamos isso.&#8221; <\/p>\n<p><br \/>\n<br \/><a href=\"https:\/\/www.wtnh.com\/news\/connecticut\/new-haven\/thousands-came-to-the-new-haven-green-to-celebrate-a-special-veteran-themed-puerto-rican-festival\/\">Source link <\/a><\/p>","protected":false},"excerpt":{"rendered":"<p>NEW HAVEN, Connecticut (WTNH) \u2013 M\u00fasica, Mofongo e o orgulho de mucho Boricua atra\u00edram milhares de pessoas ao 8\u00ba Festival Porto-riquenho de New Haven. O festival deu aos porto-riquenhos e&hellip;<\/p>","protected":false},"author":1,"featured_media":21775,"comment_status":"closed","ping_status":"open","sticky":false,"template":"","format":"standard","meta":{"content-type":"","footnotes":""},"categories":[1],"tags":[],"class_list":["post-21774","post","type-post","status-publish","format-standard","has-post-thumbnail","hentry","category-uncategorized"],"_links":{"self":[{"href":"https:\/\/tvbrazilusa.com\/pt\/wp-json\/wp\/v2\/posts\/21774","targetHints":{"allow":["GET"]}}],"collection":[{"href":"https:\/\/tvbrazilusa.com\/pt\/wp-json\/wp\/v2\/posts"}],"about":[{"href":"https:\/\/tvbrazilusa.com\/pt\/wp-json\/wp\/v2\/types\/post"}],"author":[{"embeddable":true,"href":"https:\/\/tvbrazilusa.com\/pt\/wp-json\/wp\/v2\/users\/1"}],"replies":[{"embeddable":true,"href":"https:\/\/tvbrazilusa.com\/pt\/wp-json\/wp\/v2\/comments?post=21774"}],"version-history":[{"count":1,"href":"https:\/\/tvbrazilusa.com\/pt\/wp-json\/wp\/v2\/posts\/21774\/revisions"}],"predecessor-version":[{"id":21776,"href":"https:\/\/tvbrazilusa.com\/pt\/wp-json\/wp\/v2\/posts\/21774\/revisions\/21776"}],"wp:featuredmedia":[{"embeddable":true,"href":"https:\/\/tvbrazilusa.com\/pt\/wp-json\/wp\/v2\/media\/21775"}],"wp:attachment":[{"href":"https:\/\/tvbrazilusa.com\/pt\/wp-json\/wp\/v2\/media?parent=21774"}],"wp:term":[{"taxonomy":"category","embeddable":true,"href":"https:\/\/tvbrazilusa.com\/pt\/wp-json\/wp\/v2\/categories?post=21774"},{"taxonomy":"post_tag","embeddable":true,"href":"https:\/\/tvbrazilusa.com\/pt\/wp-json\/wp\/v2\/tags?post=21774"}],"curies":[{"name":"wp","href":"https:\/\/api.w.org\/{rel}","templated":true}]}}