{"id":21829,"date":"2024-08-11T04:27:39","date_gmt":"2024-08-11T04:27:39","guid":{"rendered":"https:\/\/tvbrazilusa.com\/2024\/08\/11\/o-rei-charles-iii-aplaude-as-pessoas-que-se-posicionaram-contra-o-racismo-durante-os-recentes-disturbios-no-reino-unido-wsvn-7news-noticias-de-miami-clima-esportes-fort-lauderdale\/"},"modified":"2024-08-11T04:28:46","modified_gmt":"2024-08-11T04:28:46","slug":"o-rei-charles-iii-aplaude-as-pessoas-que-se-posicionaram-contra-o-racismo-durante-os-recentes-disturbios-no-reino-unido-wsvn-7news-noticias-de-miami-clima-esportes-fort-lauderdale","status":"publish","type":"post","link":"https:\/\/tvbrazilusa.com\/pt\/2024\/08\/11\/o-rei-charles-iii-aplaude-as-pessoas-que-se-posicionaram-contra-o-racismo-durante-os-recentes-disturbios-no-reino-unido-wsvn-7news-noticias-de-miami-clima-esportes-fort-lauderdale\/","title":{"rendered":"O rei Charles III aplaude as pessoas que se posicionaram contra o racismo durante os recentes dist\u00farbios no Reino Unido &#8211; WSVN 7News | Not\u00edcias de Miami, Clima, Esportes | Fort Lauderdale"},"content":{"rendered":"<p> <script async src=\"https:\/\/pagead2.googlesyndication.com\/pagead\/js\/adsbygoogle.js?client=ca-pub-8864793242727901\"\r\n     crossorigin=\"anonymous\"><\/script><br \/>\n<\/p>\n<div itemprop=\"articleBody\">\n<p>LONDRES (AP) \u2014 O rei Carlos III aplaudiu as pessoas que foram \u00e0s ruas de cidades brit\u00e2nicas no in\u00edcio desta semana para ajudar a amenizar os dias de agita\u00e7\u00e3o alimentados por ativistas de extrema direita e desinforma\u00e7\u00e3o sobre uma <a href=\"https:\/\/wsvn.com\/news\/us-world\/british-police-charge-17-year-old-with-murder-over-a-stabbing-attack-that-killed-3-children\/\">ataque de facada que matou tr\u00eas meninas<\/a>.<\/p>\n<p>Charles realizou audi\u00eancias telef\u00f4nicas na sexta-feira com o primeiro-ministro Keir Starmer e autoridades policiais, durante as quais ofereceu seus &#8220;sinceros agradecimentos&#8221; \u00e0 pol\u00edcia e outros trabalhadores de emerg\u00eancia por seus esfor\u00e7os para restaurar a ordem e ajudar os afetados pela viol\u00eancia, disse o Pal\u00e1cio de Buckingham em um comunicado.<\/p>\n<p>\u201cO rei compartilhou como ele foi muito encorajado pelos muitos exemplos de esp\u00edrito comunit\u00e1rio que combateram a agress\u00e3o e a criminalidade de alguns com a compaix\u00e3o e a resili\u00eancia de muitos\u201d, disse o pal\u00e1cio. \u201cContinua sendo a esperan\u00e7a de sua majestade que os valores compartilhados de respeito m\u00fatuo e compreens\u00e3o continuem a fortalecer e unir a na\u00e7\u00e3o.\u201d<\/p>\n<p>Milhares de ativistas antirracistas compareceram em comunidades por toda a Gr\u00e3-Bretanha para conter qualquer ressurgimento da viol\u00eancia no s\u00e1bado. A pol\u00edcia permaneceu em alerta para mais dist\u00farbios depois que a na\u00e7\u00e3o foi convulsionada por tumultos por mais de uma semana, enquanto multid\u00f5es gritando slogans anti-imigrantes e islamof\u00f3bicos atacavam mesquitas, saqueavam lojas e entravam em confronto com a pol\u00edcia.<\/p>\n<p>Os dist\u00farbios foram alimentados por ativistas de direita que usaram as m\u00eddias sociais para espalhar informa\u00e7\u00f5es falsas sobre o ataque com faca de 29 de julho, no qual tr\u00eas meninas entre 6 e 9 anos foram mortas durante um evento de dan\u00e7a com tema de Taylor Swift em Southport, uma cidade litor\u00e2nea ao norte de Liverpool.<\/p>\n<p>A pol\u00edcia deteve um suspeito de 17 anos. Rumores, mais tarde desmentidos, circularam rapidamente nas m\u00eddias sociais de que o suspeito era um solicitante de asilo ou um imigrante mu\u00e7ulmano.<\/p>\n<p>No s\u00e1bado, a fam\u00edlia de uma das v\u00edtimas de Southport, Bebe King, 6 anos, agradeceu \u00e0 comunidade, aos amigos e at\u00e9 mesmo aos estranhos que ofereceram consolo \u00e0 fam\u00edlia em sua dor.<\/p>\n<p>\u201cA demonstra\u00e7\u00e3o de amor e apoio de nossa comunidade e al\u00e9m dela tem sido uma fonte de conforto incr\u00edvel durante este momento inimaginavelmente dif\u00edcil\u201d, eles escreveram. \u201cDas luzes rosas iluminando Sefton e Liverpool, aos la\u00e7os rosas, flores, bal\u00f5es, cart\u00f5es e velas deixados em sua mem\u00f3ria, ficamos impressionados com a gentileza e compaix\u00e3o demonstradas \u00e0 nossa fam\u00edlia.\u201d<\/p>\n<p>A agita\u00e7\u00e3o se dissipou em grande parte desde quarta-feira \u00e0 noite, quando uma onda de esperadas manifesta\u00e7\u00f5es de extrema direita n\u00e3o se materializou depois que milhares de manifestantes pac\u00edficos se aglomeraram em locais ao redor do Reino Unido para mostrar seu apoio aos imigrantes e requerentes de asilo.<\/p>\n<p>A pol\u00edcia se preparou para confrontos em mais de 100 locais depois que grupos de direita circularam listas de alvos em potencial nas m\u00eddias sociais. Enquanto grupos antirracistas planejavam contraprotestos em resposta, na maioria dos lugares eles retomaram as ruas sem nada a que se opor.<\/p>\n<p>Starmer insistiu que a pol\u00edcia permanecer\u00e1 em alerta m\u00e1ximo neste fim de semana, que marca o in\u00edcio da temporada profissional de futebol. As autoridades t\u00eam estudado se h\u00e1 uma liga\u00e7\u00e3o entre os manifestantes e grupos de \u201chooligans do futebol\u201d conhecidos por incitar problemas em partidas de futebol.<\/p>\n<p>\u201cMinha mensagem para a pol\u00edcia e todos aqueles encarregados de responder \u00e0 desordem \u00e9 manter o alerta m\u00e1ximo\u201d, disse Starmer na sexta-feira durante visita \u00e0 sala de opera\u00e7\u00f5es especiais do Servi\u00e7o de Pol\u00edcia Metropolitana de Londres.<\/p>\n<p>O Conselho Nacional de Chefes de Pol\u00edcia disse que cerca de 741 pessoas foram presas em conex\u00e3o com a viol\u00eancia, incluindo 304 que foram acusadas de crimes.<\/p>\n<p>Tribunais em todo o pa\u00eds j\u00e1 come\u00e7aram a julgar os casos dos acusados \u200b\u200bem rela\u00e7\u00e3o aos dist\u00farbios, com alguns recebendo senten\u00e7as de tr\u00eas anos de pris\u00e3o.<\/p>\n<p>Starmer disse estar convencido de que a \u201cjusti\u00e7a r\u00e1pida que foi dispensada em nossos tribunais\u201d desencorajar\u00e1 os manifestantes de retornarem \u00e0s ruas neste fim de semana.<\/p>\n<p><em>Copyright 2024 The Associated Press. Todos os direitos reservados. Este material n\u00e3o pode ser publicado, transmitido, reescrito ou redistribu\u00eddo.<\/em><\/p>\n<div class=\"wp-block-newsletter\">\n\t<strong class=\"wp-block-newsletter__title\">Inscreva-se em nossa Newsletter para receber as \u00faltimas not\u00edcias diretamente na sua caixa de entrada<\/strong><\/p>\n<\/div><\/div>\n<p><br \/>\n<br \/><a href=\"https:\/\/wsvn.com\/entertainment\/king-charles-iii-applauds-people-who-stood-against-racism-during-recent-unrest-in-the-uk\/\">Source link <\/a><\/p>","protected":false},"excerpt":{"rendered":"<p>LONDRES (AP) \u2014 O rei Carlos III aplaudiu as pessoas que foram \u00e0s ruas de cidades brit\u00e2nicas no in\u00edcio desta semana para ajudar a amenizar os dias de agita\u00e7\u00e3o alimentados&hellip;<\/p>","protected":false},"author":1,"featured_media":21830,"comment_status":"closed","ping_status":"open","sticky":false,"template":"","format":"standard","meta":{"content-type":"","footnotes":""},"categories":[1],"tags":[],"class_list":["post-21829","post","type-post","status-publish","format-standard","has-post-thumbnail","hentry","category-uncategorized"],"_links":{"self":[{"href":"https:\/\/tvbrazilusa.com\/pt\/wp-json\/wp\/v2\/posts\/21829","targetHints":{"allow":["GET"]}}],"collection":[{"href":"https:\/\/tvbrazilusa.com\/pt\/wp-json\/wp\/v2\/posts"}],"about":[{"href":"https:\/\/tvbrazilusa.com\/pt\/wp-json\/wp\/v2\/types\/post"}],"author":[{"embeddable":true,"href":"https:\/\/tvbrazilusa.com\/pt\/wp-json\/wp\/v2\/users\/1"}],"replies":[{"embeddable":true,"href":"https:\/\/tvbrazilusa.com\/pt\/wp-json\/wp\/v2\/comments?post=21829"}],"version-history":[{"count":1,"href":"https:\/\/tvbrazilusa.com\/pt\/wp-json\/wp\/v2\/posts\/21829\/revisions"}],"predecessor-version":[{"id":21831,"href":"https:\/\/tvbrazilusa.com\/pt\/wp-json\/wp\/v2\/posts\/21829\/revisions\/21831"}],"wp:featuredmedia":[{"embeddable":true,"href":"https:\/\/tvbrazilusa.com\/pt\/wp-json\/wp\/v2\/media\/21830"}],"wp:attachment":[{"href":"https:\/\/tvbrazilusa.com\/pt\/wp-json\/wp\/v2\/media?parent=21829"}],"wp:term":[{"taxonomy":"category","embeddable":true,"href":"https:\/\/tvbrazilusa.com\/pt\/wp-json\/wp\/v2\/categories?post=21829"},{"taxonomy":"post_tag","embeddable":true,"href":"https:\/\/tvbrazilusa.com\/pt\/wp-json\/wp\/v2\/tags?post=21829"}],"curies":[{"name":"wp","href":"https:\/\/api.w.org\/{rel}","templated":true}]}}