{"id":21835,"date":"2024-08-11T04:39:38","date_gmt":"2024-08-11T04:39:38","guid":{"rendered":"https:\/\/tvbrazilusa.com\/2024\/08\/11\/o-novo-presidente-do-ira-renomeia-oficial-sancionado-pela-onu-como-chefe-da-agencia-nuclear-do-pais-wsvn-7news-noticias-de-miami-clima-esportes-fort-lauderdale\/"},"modified":"2024-08-11T04:41:00","modified_gmt":"2024-08-11T04:41:00","slug":"o-novo-presidente-do-ira-renomeia-oficial-sancionado-pela-onu-como-chefe-da-agencia-nuclear-do-pais-wsvn-7news-noticias-de-miami-clima-esportes-fort-lauderdale","status":"publish","type":"post","link":"https:\/\/tvbrazilusa.com\/pt\/2024\/08\/11\/o-novo-presidente-do-ira-renomeia-oficial-sancionado-pela-onu-como-chefe-da-agencia-nuclear-do-pais-wsvn-7news-noticias-de-miami-clima-esportes-fort-lauderdale\/","title":{"rendered":"O novo presidente do Ir\u00e3 renomeia oficial sancionado pela ONU como chefe da ag\u00eancia nuclear do pa\u00eds &#8211; WSVN 7News | Not\u00edcias de Miami, Clima, Esportes | Fort Lauderdale"},"content":{"rendered":"<p> <script async src=\"https:\/\/pagead2.googlesyndication.com\/pagead\/js\/adsbygoogle.js?client=ca-pub-8864793242727901\"\r\n     crossorigin=\"anonymous\"><\/script><br \/>\n<\/p>\n<div itemprop=\"articleBody\">\n<p>TEER\u00c3, Ir\u00e3 (AP) \u2014 O presidente rec\u00e9m-eleito do Ir\u00e3 reconduziu um funcion\u00e1rio formado nos EUA que foi alvo de san\u00e7\u00f5es das Na\u00e7\u00f5es Unidas h\u00e1 16 anos como chefe do departamento nuclear do pa\u00eds, informou a TV estatal no s\u00e1bado.<\/p>\n<p>Mohammad Eslami, 67, continuar\u00e1 seu trabalho como chefe do programa nuclear civil do Ir\u00e3 e servir\u00e1 como um dos v\u00e1rios vice-presidentes. A renomea\u00e7\u00e3o de Eslami pelo presidente Masoud Pezeshkian ocorre enquanto o Ir\u00e3 continua sob pesadas san\u00e7\u00f5es do Ocidente ap\u00f3s o colapso do acordo de 2015 que restringiu as atividades nucleares do Ir\u00e3 em troca do al\u00edvio das san\u00e7\u00f5es.<\/p>\n<p>Pezeshkian disse durante sua campanha presidencial que tentaria reativar o acordo nuclear.<\/p>\n<p>As Na\u00e7\u00f5es Unidas sancionaram Eslami em 2008 por &#8220;estar envolvido, diretamente associado ou fornecer apoio \u00e0 prolifera\u00e7\u00e3o de atividades nucleares sens\u00edveis do Ir\u00e3 ou ao desenvolvimento de sistemas de lan\u00e7amento de armas nucleares&#8221;, quando ele era chefe do Instituto de Treinamento e Pesquisa de Ind\u00fastrias de Defesa do Ir\u00e3.<\/p>\n<p>Ele foi nomeado chefe do departamento nuclear do Ir\u00e3 pela primeira vez pelo falecido presidente Ebrahim Raisi em 2021. Antes disso, a partir de 2018, na era do ex-presidente moderado Hassan Rouhani, Eslami atuou como Ministro dos Transportes e Desenvolvimento Urbano.<\/p>\n<p>Ele tem experi\u00eancia de trabalho nas ind\u00fastrias militares do Ir\u00e3 h\u00e1 anos, mais recentemente como vice-ministro da Defesa, respons\u00e1vel por pesquisa e ind\u00fastria.<\/p>\n<p>Eslami \u00e9 formado em engenharia civil pela Universidade de Detroit, Michigan, e pela Universidade de Toledo, Ohio.<\/p>\n<p>Os EUA, a Fran\u00e7a, a Gr\u00e3-Bretanha e a Alemanha acusaram o Ir\u00e3 de intensificar suas atividades nucleares muito al\u00e9m dos limites acordados no acordo de 2015 e de n\u00e3o cooperar com a ag\u00eancia nuclear da ONU, a Ag\u00eancia Internacional de Energia At\u00f4mica.<\/p>\n<p>O Ir\u00e3 acusou os EUA e seus aliados de continuarem aplicando san\u00e7\u00f5es econ\u00f4micas que deveriam ser suspensas pelo acordo e insistiu que seu programa nuclear \u00e9 pac\u00edfico e voltado para a gera\u00e7\u00e3o de eletricidade e produ\u00e7\u00e3o de radiois\u00f3topos para tratar pacientes com c\u00e2ncer, permanecendo sob supervis\u00e3o constante da AIEA.<\/p>\n<p>O Ir\u00e3 est\u00e1 construindo duas instala\u00e7\u00f5es de energia nuclear para complementar seu \u00fanico reator operacional de 1.000 megawatts na cidade portu\u00e1ria de Bushehr, no sul, que entrou em opera\u00e7\u00e3o com a ajuda da R\u00fassia em 2011. Sob seu plano de energia de longo prazo, o Ir\u00e3 pretende atingir uma capacidade el\u00e9trica nuclear de 20.000 megawatts.<\/p>\n<p>Nos \u00faltimos meses, o pa\u00eds enfrentou cortes de energia em todo o pa\u00eds.<\/p>\n<p><em>Copyright 2024 The Associated Press. Todos os direitos reservados. Este material n\u00e3o pode ser publicado, transmitido, reescrito ou redistribu\u00eddo.<\/em><\/p>\n<div class=\"wp-block-newsletter\">\n\t<strong class=\"wp-block-newsletter__title\">Inscreva-se em nossa Newsletter para receber as \u00faltimas not\u00edcias diretamente na sua caixa de entrada<\/strong><\/p>\n<\/div><\/div>\n<p><br \/>\n<br \/><a href=\"https:\/\/wsvn.com\/news\/us-world\/irans-new-president-reappoints-un-sanctioned-official-as-head-of-the-countrys-nuclear-agency\/\">Source link <\/a><\/p>","protected":false},"excerpt":{"rendered":"<p>TEER\u00c3, Ir\u00e3 (AP) \u2014 O presidente rec\u00e9m-eleito do Ir\u00e3 reconduziu um funcion\u00e1rio formado nos EUA que foi alvo de san\u00e7\u00f5es das Na\u00e7\u00f5es Unidas h\u00e1 16 anos como chefe do departamento&hellip;<\/p>","protected":false},"author":1,"featured_media":21836,"comment_status":"closed","ping_status":"open","sticky":false,"template":"","format":"standard","meta":{"content-type":"","footnotes":""},"categories":[1],"tags":[],"class_list":["post-21835","post","type-post","status-publish","format-standard","has-post-thumbnail","hentry","category-uncategorized"],"_links":{"self":[{"href":"https:\/\/tvbrazilusa.com\/pt\/wp-json\/wp\/v2\/posts\/21835","targetHints":{"allow":["GET"]}}],"collection":[{"href":"https:\/\/tvbrazilusa.com\/pt\/wp-json\/wp\/v2\/posts"}],"about":[{"href":"https:\/\/tvbrazilusa.com\/pt\/wp-json\/wp\/v2\/types\/post"}],"author":[{"embeddable":true,"href":"https:\/\/tvbrazilusa.com\/pt\/wp-json\/wp\/v2\/users\/1"}],"replies":[{"embeddable":true,"href":"https:\/\/tvbrazilusa.com\/pt\/wp-json\/wp\/v2\/comments?post=21835"}],"version-history":[{"count":1,"href":"https:\/\/tvbrazilusa.com\/pt\/wp-json\/wp\/v2\/posts\/21835\/revisions"}],"predecessor-version":[{"id":21837,"href":"https:\/\/tvbrazilusa.com\/pt\/wp-json\/wp\/v2\/posts\/21835\/revisions\/21837"}],"wp:featuredmedia":[{"embeddable":true,"href":"https:\/\/tvbrazilusa.com\/pt\/wp-json\/wp\/v2\/media\/21836"}],"wp:attachment":[{"href":"https:\/\/tvbrazilusa.com\/pt\/wp-json\/wp\/v2\/media?parent=21835"}],"wp:term":[{"taxonomy":"category","embeddable":true,"href":"https:\/\/tvbrazilusa.com\/pt\/wp-json\/wp\/v2\/categories?post=21835"},{"taxonomy":"post_tag","embeddable":true,"href":"https:\/\/tvbrazilusa.com\/pt\/wp-json\/wp\/v2\/tags?post=21835"}],"curies":[{"name":"wp","href":"https:\/\/api.w.org\/{rel}","templated":true}]}}