{"id":21952,"date":"2024-08-11T11:34:04","date_gmt":"2024-08-11T11:34:04","guid":{"rendered":"https:\/\/tvbrazilusa.com\/2024\/08\/11\/video-mostra-abertura-de-caixas-pretas-de-aviao-que-caiu-em-vinhedo-e-deixou-62-mortos-assista\/"},"modified":"2024-08-11T11:38:16","modified_gmt":"2024-08-11T11:38:16","slug":"video-mostra-abertura-de-caixas-pretas-de-aviao-que-caiu-em-vinhedo-e-deixou-62-mortos-assista","status":"publish","type":"post","link":"https:\/\/tvbrazilusa.com\/pt\/2024\/08\/11\/video-mostra-abertura-de-caixas-pretas-de-aviao-que-caiu-em-vinhedo-e-deixou-62-mortos-assista\/","title":{"rendered":"V\u00eddeo mostra abertura de caixas-pretas de avi\u00e3o que caiu em Vinhedo e deixou 62 mortos; ASSISTA"},"content":{"rendered":"<p> <script async src=\"https:\/\/pagead2.googlesyndication.com\/pagead\/js\/adsbygoogle.js?client=ca-pub-8864793242727901\"\r\n     crossorigin=\"anonymous\"><\/script><br \/>\n<\/p>\n<div>\n<p>Foto: Reprodu\u00e7\u00e3o.<\/p>\n<p>Na manh\u00e3 deste s\u00e1bado (10), o Cenipa (Centro de Investiga\u00e7\u00e3o e Preven\u00e7\u00e3o de Acidentes Aeron\u00e1uticos) recebeu as duas caixas-pretas da aeronave que caiu em Vinhedo (SP). Conhecidas como Cockpit Voice Recorder (CVR) e Flight Data Recorder (FDR), esses dispositivos foram encaminhados para o Laborat\u00f3rio de Leitura e An\u00e1lise de Dados de Gravadores de Voo (Labdata), em Bras\u00edlia (DF).<\/p>\n<p>A equipe do Cenipa j\u00e1 iniciou os trabalhos preliminares de prepara\u00e7\u00e3o, extra\u00e7\u00e3o e degrava\u00e7\u00e3o dos dados desses gravadores. Essa fase \u00e9 crucial e exigir\u00e1 horas de an\u00e1lise cont\u00ednua para garantir que todas as informa\u00e7\u00f5es relevantes sejam extra\u00eddas com precis\u00e3o.<\/p>\n<blockquote class=\"instagram-media\" data-instgrm-captioned=\"\" data-instgrm-permalink=\"https:\/\/www.instagram.com\/reel\/C-hyo2lx58Y\/?utm_source=ig_embed&#038;utm_campaign=loading\" data-instgrm-version=\"14\" style=\" background:#FFF; border:0; border-radius:3px; box-shadow:0 0 1px 0 rgba(0,0,0,0.5),0 1px 10px 0 rgba(0,0,0,0.15); margin: 1px; max-width:540px; min-width:326px; padding:0; width:99.375%; width:-webkit-calc(100% - 2px); width:calc(100% - 2px);\"\/>\n<h2 class=\"wp-block-heading\">Como funcionam as Caixas-Pretas<\/h2>\n<p>Mas afinal, o que s\u00e3o e como funcionam essas caixas-pretas? Vamos entender um pouco mais sobre esses dispositivos e seu papel na investiga\u00e7\u00e3o de acidentes a\u00e9reos.<\/p>\n<p>O <strong>Cockpit Voice Recorder (CVR)<\/strong> \u00e9 respons\u00e1vel por gravar todas as conversas na cabine, incluindo di\u00e1logos entre piloto, co-piloto, comiss\u00e1rios de bordo e at\u00e9 comunica\u00e7\u00f5es com o controle de tr\u00e1fego a\u00e9reo. J\u00e1 o <strong>Flight Data Recorder (FDR)<\/strong> registra diversos par\u00e2metros t\u00e9cnicos da aeronave, como altitude, velocidade e comandos dos pilotos.<\/p>\n<figure class=\"wp-block-image size-full\"><picture decoding=\"async\" class=\"wp-image-171957\"><source type=\"image\/webp\" srcset=\"https:\/\/terrabrasilnoticias.com\/wp-content\/uploads\/2024\/08\/image-331.png.webp 620w, https:\/\/terrabrasilnoticias.com\/wp-content\/uploads\/2024\/08\/image-331-300x256.png.webp 300w\" sizes=\"(max-width: 620px) 100vw, 620px\"\/><\/picture>\n<\/figure>\n<h2 class=\"wp-block-heading\">Por que as Caixas-Pretas s\u00e3o laranjas<\/h2>\n<p>Embora sejam chamadas de caixas-pretas, esses dispositivos na verdade s\u00e3o pintados de laranja para facilitar sua localiza\u00e7\u00e3o em meio aos escombros. A cor vibrante \u00e9 vis\u00edvel \u00e0 dist\u00e2ncia e at\u00e9 mesmo debaixo d\u2019\u00e1gua, agilizando o processo de busca e resgate.<\/p>\n<figure class=\"wp-block-image size-full\"><picture decoding=\"async\" class=\"wp-image-171950\"><source type=\"image\/webp\" srcset=\"https:\/\/terrabrasilnoticias.com\/wp-content\/uploads\/2024\/08\/image-326.png.webp 600w, https:\/\/terrabrasilnoticias.com\/wp-content\/uploads\/2024\/08\/image-326-300x225.png.webp 300w\" sizes=\"(max-width: 600px) 100vw, 600px\"\/><img fetchpriority=\"high\" decoding=\"async\" width=\"600\" height=\"450\" src=\"https:\/\/terrabrasilnoticias.com\/wp-content\/uploads\/2024\/08\/image-326.png\" alt=\"\" srcset=\"https:\/\/terrabrasilnoticias.com\/wp-content\/uploads\/2024\/08\/image-326.png 600w, https:\/\/terrabrasilnoticias.com\/wp-content\/uploads\/2024\/08\/image-326-300x225.png 300w\" sizes=\"(max-width: 600px) 100vw, 600px\"\/>\n<\/picture>\n<\/figure>\n<h2 class=\"wp-block-heading\">O que acontece depois da coleta das Caixas-Pretas<\/h2>\n<p>Ap\u00f3s serem encontradas, as caixas-pretas passam por um processo minucioso de limpeza e prepara\u00e7\u00e3o para a extra\u00e7\u00e3o dos dados. A seguir, esses dados s\u00e3o transferidos para uma plataforma segura onde s\u00e3o copiados e decodificados.<\/p>\n<ul class=\"wp-block-list\">\n<li><strong>Limpeza e prepara\u00e7\u00e3o:<\/strong> Remo\u00e7\u00e3o do material de prote\u00e7\u00e3o e limpeza das conex\u00f5es.<\/li>\n<li><strong>Extrair dados:<\/strong> Transfer\u00eancia dos arquivos de \u00e1udio e dados t\u00e9cnicos.<\/li>\n<li><strong>Decodifica\u00e7\u00e3o:<\/strong> Transforma\u00e7\u00e3o dos arquivos brutos em gr\u00e1ficos e relat\u00f3rios compreens\u00edveis.<\/li>\n<\/ul>\n<p>\u00a0Uma an\u00e1lise cuidadosa dos sons e ru\u00eddos captados tamb\u00e9m \u00e9 feita, podendo indicar irregularidades ou at\u00e9 explos\u00f5es durante o voo.<\/p>\n<figure class=\"wp-block-image size-full\"><picture loading=\"lazy\" decoding=\"async\" class=\"wp-image-171951\"><source type=\"image\/webp\" srcset=\"https:\/\/terrabrasilnoticias.com\/wp-content\/uploads\/2024\/08\/image-327.png.webp 600w, https:\/\/terrabrasilnoticias.com\/wp-content\/uploads\/2024\/08\/image-327-300x225.png.webp 300w\" sizes=\"(max-width: 600px) 100vw, 600px\"\/><img loading=\"lazy\" decoding=\"async\" width=\"600\" height=\"450\" src=\"https:\/\/terrabrasilnoticias.com\/wp-content\/uploads\/2024\/08\/image-327.png\" alt=\"\" srcset=\"https:\/\/terrabrasilnoticias.com\/wp-content\/uploads\/2024\/08\/image-327.png 600w, https:\/\/terrabrasilnoticias.com\/wp-content\/uploads\/2024\/08\/image-327-300x225.png 300w\" sizes=\"auto, (max-width: 600px) 100vw, 600px\"\/>\n<\/picture>\n<\/figure>\n<h2 class=\"wp-block-heading\">Voc\u00ea Sabia? A hist\u00f3ria das Caixas-Pretas<\/h2>\n<p>Inventadas pelo australiano David Warren em 1950, as caixas-pretas s\u00e3o obrigat\u00f3rias na maioria das aeronaves. O objetivo \u00e9 claro: identificar as causas de acidentes e ajudar na preven\u00e7\u00e3o de futuros incidentes a\u00e9reos. Com o tempo, a tecnologia evoluiu, passando de grava\u00e7\u00f5es em fios ou chapas met\u00e1licas para mem\u00f3rias SSD (Solid-State Memory).<\/p>\n<ul class=\"wp-block-list\">\n<li><strong>1960:<\/strong> In\u00edcio da obrigatoriedade das caixas-pretas em avi\u00f5es comerciais.<\/li>\n<li><strong>Evolu\u00e7\u00e3o tecnol\u00f3gica:<\/strong> Passagem de chapas met\u00e1licas para mem\u00f3rias SSD.<\/li>\n<\/ul>\n<h2 class=\"wp-block-heading\">Por que n\u00e3o usar o material das Caixas-Pretas em todo o avi\u00e3o?<\/h2>\n<p>Essa \u00e9 uma d\u00favida comum. A verdade \u00e9 que as caixas-pretas s\u00e3o feitas de materiais extremamente resistentes, como a\u00e7o e tit\u00e2nio, para suportar impactos severos. No entanto, construir uma aeronave com esses materiais a tornaria pesada demais para voar.<\/p>\n<p>Os avi\u00f5es s\u00e3o projetados com alum\u00ednio, que \u00e9 mais leve, combinado com estruturas refor\u00e7adas de a\u00e7o e tit\u00e2nio para garantir a seguran\u00e7a sem comprometer a capacidade de voo.<\/p>\n<figure class=\"wp-block-image size-full\"><picture loading=\"lazy\" decoding=\"async\" class=\"wp-image-171952\"><source type=\"image\/webp\" srcset=\"https:\/\/terrabrasilnoticias.com\/wp-content\/uploads\/2024\/08\/image-328.png.webp 600w, https:\/\/terrabrasilnoticias.com\/wp-content\/uploads\/2024\/08\/image-328-300x225.png.webp 300w\" sizes=\"(max-width: 600px) 100vw, 600px\"\/><img loading=\"lazy\" decoding=\"async\" width=\"600\" height=\"450\" src=\"https:\/\/terrabrasilnoticias.com\/wp-content\/uploads\/2024\/08\/image-328.png\" alt=\"\" srcset=\"https:\/\/terrabrasilnoticias.com\/wp-content\/uploads\/2024\/08\/image-328.png 600w, https:\/\/terrabrasilnoticias.com\/wp-content\/uploads\/2024\/08\/image-328-300x225.png 300w\" sizes=\"auto, (max-width: 600px) 100vw, 600px\"\/>\n<\/picture>\n<\/figure>\n<h3 class=\"wp-block-heading\">Veja a Estrutura das Caixas-Pretas:<\/h3>\n<ol class=\"wp-block-list\">\n<li>Chassi ou interface: Protege o dispositivo e facilita a grava\u00e7\u00e3o.<\/li>\n<li>Farol localizador subaqu\u00e1tico: Ajuda na localiza\u00e7\u00e3o em caso de queda no mar.<\/li>\n<li>Carca\u00e7a do n\u00facleo: Feita de a\u00e7o inoxid\u00e1vel ou tit\u00e2nio, protege as grava\u00e7\u00f5es.<\/li>\n<li>Dispositivos de grava\u00e7\u00e3o: Armazenam dados e \u00e1udios cruciais para a investiga\u00e7\u00e3o.<\/li>\n<\/ol>\n<p>\u00a0Essa combina\u00e7\u00e3o de caracter\u00edsticas torna as caixas-pretas indispens\u00e1veis para entender os eventos que ocorrem durante um voo e, no caso de um acidente, identificar os fatores contribuintes para a trag\u00e9dia.<\/p>\n<p>O Cenipa, respeitado internacionalmente em investiga\u00e7\u00f5es desse tipo, ainda pode contar com a colabora\u00e7\u00e3o de fabricantes da aeronave e ag\u00eancias de outros pa\u00edses, caso os dados n\u00e3o possam ser recuperados devido \u00e0 gravidade do evento. Dessa forma, a investiga\u00e7\u00e3o avan\u00e7a de maneira eficiente, sempre buscando prevenir futuros acidentes.<\/p>\n<figure class=\"wp-block-image size-full\"><picture loading=\"lazy\" decoding=\"async\" class=\"wp-image-171953\"><source type=\"image\/webp\" srcset=\"https:\/\/terrabrasilnoticias.com\/wp-content\/uploads\/2024\/08\/image-329.png.webp 600w, https:\/\/terrabrasilnoticias.com\/wp-content\/uploads\/2024\/08\/image-329-225x300.png.webp 225w\" sizes=\"(max-width: 600px) 100vw, 600px\"\/><img loading=\"lazy\" decoding=\"async\" width=\"600\" height=\"800\" src=\"https:\/\/terrabrasilnoticias.com\/wp-content\/uploads\/2024\/08\/image-329.png\" alt=\"\" srcset=\"https:\/\/terrabrasilnoticias.com\/wp-content\/uploads\/2024\/08\/image-329.png 600w, https:\/\/terrabrasilnoticias.com\/wp-content\/uploads\/2024\/08\/image-329-225x300.png 225w\" sizes=\"auto, (max-width: 600px) 100vw, 600px\"\/>\n<\/picture>\n<\/figure>\n<\/p><\/div>\n<p><script async src=\"\/\/www.instagram.com\/embed.js\"><\/script><br \/>\n<br \/><br \/>\n<br \/><a href=\"https:\/\/terrabrasilnoticias.com\/2024\/08\/video-mostra-abertura-de-caixas-pretas-de-aviao-que-caiu-em-vinhedo-e-deixou-62-mortos-assista\/\">Source link <\/a><\/p>","protected":false},"excerpt":{"rendered":"<p>Foto: Reprodu\u00e7\u00e3o. Na manh\u00e3 deste s\u00e1bado (10), o Cenipa (Centro de Investiga\u00e7\u00e3o e Preven\u00e7\u00e3o de Acidentes Aeron\u00e1uticos) recebeu as duas caixas-pretas da aeronave que caiu em Vinhedo (SP). Conhecidas como&hellip;<\/p>","protected":false},"author":1,"featured_media":21953,"comment_status":"closed","ping_status":"open","sticky":false,"template":"","format":"standard","meta":{"content-type":"","footnotes":""},"categories":[16],"tags":[],"class_list":["post-21952","post","type-post","status-publish","format-standard","has-post-thumbnail","hentry","category-noticias"],"_links":{"self":[{"href":"https:\/\/tvbrazilusa.com\/pt\/wp-json\/wp\/v2\/posts\/21952","targetHints":{"allow":["GET"]}}],"collection":[{"href":"https:\/\/tvbrazilusa.com\/pt\/wp-json\/wp\/v2\/posts"}],"about":[{"href":"https:\/\/tvbrazilusa.com\/pt\/wp-json\/wp\/v2\/types\/post"}],"author":[{"embeddable":true,"href":"https:\/\/tvbrazilusa.com\/pt\/wp-json\/wp\/v2\/users\/1"}],"replies":[{"embeddable":true,"href":"https:\/\/tvbrazilusa.com\/pt\/wp-json\/wp\/v2\/comments?post=21952"}],"version-history":[{"count":1,"href":"https:\/\/tvbrazilusa.com\/pt\/wp-json\/wp\/v2\/posts\/21952\/revisions"}],"predecessor-version":[{"id":21954,"href":"https:\/\/tvbrazilusa.com\/pt\/wp-json\/wp\/v2\/posts\/21952\/revisions\/21954"}],"wp:featuredmedia":[{"embeddable":true,"href":"https:\/\/tvbrazilusa.com\/pt\/wp-json\/wp\/v2\/media\/21953"}],"wp:attachment":[{"href":"https:\/\/tvbrazilusa.com\/pt\/wp-json\/wp\/v2\/media?parent=21952"}],"wp:term":[{"taxonomy":"category","embeddable":true,"href":"https:\/\/tvbrazilusa.com\/pt\/wp-json\/wp\/v2\/categories?post=21952"},{"taxonomy":"post_tag","embeddable":true,"href":"https:\/\/tvbrazilusa.com\/pt\/wp-json\/wp\/v2\/tags?post=21952"}],"curies":[{"name":"wp","href":"https:\/\/api.w.org\/{rel}","templated":true}]}}