{"id":21958,"date":"2024-08-11T11:46:35","date_gmt":"2024-08-11T11:46:35","guid":{"rendered":"https:\/\/tvbrazilusa.com\/2024\/08\/11\/piloto-que-faria-a-mesma-rota-que-o-da-queda-da-voepass-em-mesmo-modelo-de-aviao-faz-forte-discurso-antes-de-decolar-veja-v%ef%bf%bd\/"},"modified":"2024-08-11T11:54:41","modified_gmt":"2024-08-11T11:54:41","slug":"piloto-que-faria-a-mesma-rota-que-o-da-queda-da-voepass-em-mesmo-modelo-de-aviao-faz-forte-discurso-antes-de-decolar-veja-v%ef%bf%bd","status":"publish","type":"post","link":"https:\/\/tvbrazilusa.com\/pt\/2024\/08\/11\/piloto-que-faria-a-mesma-rota-que-o-da-queda-da-voepass-em-mesmo-modelo-de-aviao-faz-forte-discurso-antes-de-decolar-veja-v%ef%bf%bd\/","title":{"rendered":"Piloto que faria a mesma rota que o da queda da Voepass, em mesmo modelo de avi\u00e3o, faz forte discurso antes de decolar; VEJA V\ufffd"},"content":{"rendered":"<p> <script async src=\"https:\/\/pagead2.googlesyndication.com\/pagead\/js\/adsbygoogle.js?client=ca-pub-8864793242727901\"\r\n     crossorigin=\"anonymous\"><\/script><br \/>\n<\/p>\n<div>\n<p>Foto: Reprodu\u00e7\u00e3o.<\/p>\n<p>No dia seguinte ao tr\u00e1gico acidente envolvendo um avi\u00e3o da Voepass, um piloto da empresa manifestou-se, pedindo respeito e defendendo a seguran\u00e7a do modelo ATR-72. O incidente, ocorrido na tarde de sexta-feira (9) em Vinhedo, SP, resultou na morte de 62 passageiros e tripulantes. O piloto comentou neste s\u00e1bado (10) antes do voo no mesmo modelo de aeronave decolar do Aeroporto Internacional de S\u00e3o Paulo, em Guarulhos, para Cascavel, PR.<\/p>\n<p>\u201cTodos sabem do acidente que aconteceu ontem com nossos amigos aqui na base de S\u00e3o Paulo. Gostaria de dizer que foi uma fatalidade\u201d, iniciou o piloto ao falar com os passageiros. \u201cDanilo Santos Romano, o comandante, era meu amigo pessoal. Todo mundo a bordo eu conhecia h\u00e1 muito tempo\u201d, acrescentou. A decolagem, inicialmente prevista para as 10 horas, ocorreu com uma hora de atraso devido \u00e0 espera por outra aeronave ATR-72, que veio de S\u00e3o Jos\u00e9 do Rio Preto.<\/p>\n<h2 class=\"wp-block-heading\">ATR-72 \u00e9 seguro?<\/h2>\n<p>O piloto fez tr\u00eas pedidos aos passageiros, come\u00e7ando com a defesa da seguran\u00e7a do modelo ATR-72. \u201cToda vez que ouvirem algo sobre o ATR, informem que \u00e9 um avi\u00e3o ultrasseguro. Existem mais de 2.000 unidades voando pelo mundo, inclusive em condi\u00e7\u00f5es de gelo na Europa e nos Estados Unidos\u201d, afirmou. Apesar disso, ele reconheceu a suscetibilidade do modelo ao gelo, uma das hip\u00f3teses consideradas para o acidente.<\/p>\n<p>O segundo pedido do piloto foi pelo respeito \u00e0 Voepass e aos profissionais envolvidos. \u201cSolicitem respeito quando ouvirem algu\u00e9m falando sobre o acidente ou sobre a companhia. Todos n\u00f3s temos fam\u00edlias, filhos. Essa trag\u00e9dia nos afeta profundamente. Estamos aqui com todo o nosso cora\u00e7\u00e3o e profissionalismo\u201d, disse ele, com um tom emotivo.<\/p>\n<h2 class=\"wp-block-heading\">Pedido de ora\u00e7\u00e3o pelas v\u00edtimas<\/h2>\n<p>Em seu terceiro pedido, o piloto solicitou ora\u00e7\u00f5es para os 62 mortos. \u201cTenho certeza de que a inten\u00e7\u00e3o da companhia era que todos chegassem bem a S\u00e3o Paulo\u201d, declarou, visivelmente abalado. Ele destacou que a aeronave, fabricada em 2010, estava com todos os certificados de matr\u00edcula e de aeronavegabilidade v\u00e1lidos, conforme informa\u00e7\u00f5es da Anac (Ag\u00eancia Nacional de Avia\u00e7\u00e3o Civil).<\/p>\n<blockquote class=\"instagram-media\" data-instgrm-captioned=\"\" data-instgrm-permalink=\"https:\/\/www.instagram.com\/reel\/C-hzOH0xr6v\/?utm_source=ig_embed&#038;utm_campaign=loading\" data-instgrm-version=\"14\" style=\" background:#FFF; border:0; border-radius:3px; box-shadow:0 0 1px 0 rgba(0,0,0,0.5),0 1px 10px 0 rgba(0,0,0,0.15); margin: 1px; max-width:540px; min-width:326px; padding:0; width:99.375%; width:-webkit-calc(100% - 2px); width:calc(100% - 2px);\"\/>\n<h2 class=\"wp-block-heading\">Investiga\u00e7\u00f5es e Hip\u00f3teses<\/h2>\n<p>A Voepass afirmou que ainda n\u00e3o possui informa\u00e7\u00f5es conclusivas sobre as causas do acidente. Al\u00e9m da hip\u00f3tese do gelo, um especialista sugeriu a possibilidade de falha na posi\u00e7\u00e3o das h\u00e9lices da aeronave. A caixa-preta foi recuperada e est\u00e1 sob an\u00e1lise do Cenipa (Centro de Investiga\u00e7\u00e3o e Preven\u00e7\u00e3o de Acidentes Aeron\u00e1uticos) da For\u00e7a A\u00e9rea Brasileira.<\/p>\n<h2 class=\"wp-block-heading\">Detalhes da Queda<\/h2>\n<p>De acordo com o site Flight Aware, que monitora voos em tempo real, o avi\u00e3o perdeu 3.300 metros de altitude em menos de um minuto a partir das 13h21. A previs\u00e3o era que a aeronave, que decolou \u00e0s 11h50, chegasse \u00e0s 13h40. A lista com os 62 mortos foi divulgada pela Voepass. Os corpos est\u00e3o sendo identificados no Instituto M\u00e9dico Legal (IML) Central da cidade de S\u00e3o Paulo.<\/p>\n<ul class=\"wp-block-list\">\n<li>Primeiros identificados: dois pilotos<\/li>\n<li>Corpos sendo trasladados para o IML de S\u00e3o Paulo<\/li>\n<li>Fam\u00edlias das v\u00edtimas recebendo aux\u00edlio psicol\u00f3gico<\/li>\n<li>Parentes das v\u00edtimas hospedados em hot\u00e9is na capital<\/li>\n<\/ul>\n<p>\u00a0O tenente Ramatuel Silvino, da Defesa Civil, informou que o trabalho de identifica\u00e7\u00e3o dos corpos foi iniciado e que fam\u00edlias j\u00e1 est\u00e3o sendo atendidas. Eles ficar\u00e3o acomodados no audit\u00f3rio do Instituto Oscar Freire, pr\u00f3ximo ao IML.<\/p>\n<p>A trag\u00e9dia deixou uma marca profunda na companhia a\u00e9rea e entre os profissionais da avia\u00e7\u00e3o, que agora apelam por respeito e compreens\u00e3o durante este momento dif\u00edcil. O modelo ATR-72, apesar dos incidentes, continua sendo defendido por especialistas como um avi\u00e3o seguro e amplamente utilizado no mundo inteiro.<\/p>\n<\/p><\/div>\n<p><script async src=\"\/\/www.instagram.com\/embed.js\"><\/script><br \/>\n<br \/><br \/>\n<br \/><a href=\"https:\/\/terrabrasilnoticias.com\/2024\/08\/piloto-que-faria-a-mesma-rota-que-o-da-queda-da-voepass-em-mesmo-modelo-de-aviao-faz-forte-discurso-antes-de-decolar-veja-video\/\">Source link <\/a><\/p>","protected":false},"excerpt":{"rendered":"<p>Foto: Reprodu\u00e7\u00e3o. No dia seguinte ao tr\u00e1gico acidente envolvendo um avi\u00e3o da Voepass, um piloto da empresa manifestou-se, pedindo respeito e defendendo a seguran\u00e7a do modelo ATR-72. O incidente, ocorrido&hellip;<\/p>","protected":false},"author":1,"featured_media":21959,"comment_status":"closed","ping_status":"open","sticky":false,"template":"","format":"standard","meta":{"content-type":"","footnotes":""},"categories":[16],"tags":[],"class_list":["post-21958","post","type-post","status-publish","format-standard","has-post-thumbnail","hentry","category-noticias"],"_links":{"self":[{"href":"https:\/\/tvbrazilusa.com\/pt\/wp-json\/wp\/v2\/posts\/21958","targetHints":{"allow":["GET"]}}],"collection":[{"href":"https:\/\/tvbrazilusa.com\/pt\/wp-json\/wp\/v2\/posts"}],"about":[{"href":"https:\/\/tvbrazilusa.com\/pt\/wp-json\/wp\/v2\/types\/post"}],"author":[{"embeddable":true,"href":"https:\/\/tvbrazilusa.com\/pt\/wp-json\/wp\/v2\/users\/1"}],"replies":[{"embeddable":true,"href":"https:\/\/tvbrazilusa.com\/pt\/wp-json\/wp\/v2\/comments?post=21958"}],"version-history":[{"count":1,"href":"https:\/\/tvbrazilusa.com\/pt\/wp-json\/wp\/v2\/posts\/21958\/revisions"}],"predecessor-version":[{"id":21960,"href":"https:\/\/tvbrazilusa.com\/pt\/wp-json\/wp\/v2\/posts\/21958\/revisions\/21960"}],"wp:featuredmedia":[{"embeddable":true,"href":"https:\/\/tvbrazilusa.com\/pt\/wp-json\/wp\/v2\/media\/21959"}],"wp:attachment":[{"href":"https:\/\/tvbrazilusa.com\/pt\/wp-json\/wp\/v2\/media?parent=21958"}],"wp:term":[{"taxonomy":"category","embeddable":true,"href":"https:\/\/tvbrazilusa.com\/pt\/wp-json\/wp\/v2\/categories?post=21958"},{"taxonomy":"post_tag","embeddable":true,"href":"https:\/\/tvbrazilusa.com\/pt\/wp-json\/wp\/v2\/tags?post=21958"}],"curies":[{"name":"wp","href":"https:\/\/api.w.org\/{rel}","templated":true}]}}