{"id":21994,"date":"2024-08-11T13:00:00","date_gmt":"2024-08-11T13:00:00","guid":{"rendered":"https:\/\/tvbrazilusa.com\/2024\/08\/11\/racismo-em-paris-e-americana-perde-medalha-apos-revisao-de-nota\/"},"modified":"2024-08-11T13:01:41","modified_gmt":"2024-08-11T13:01:41","slug":"racismo-em-paris-e-americana-perde-medalha-apos-revisao-de-nota","status":"publish","type":"post","link":"https:\/\/tvbrazilusa.com\/pt\/2024\/08\/11\/racismo-em-paris-e-americana-perde-medalha-apos-revisao-de-nota\/","title":{"rendered":"Racismo em Paris e americana perde medalha ap\u00f3s revis\u00e3o de nota"},"content":{"rendered":"<p> <script async src=\"https:\/\/pagead2.googlesyndication.com\/pagead\/js\/adsbygoogle.js?client=ca-pub-8864793242727901\"\r\n     crossorigin=\"anonymous\"><\/script><br \/>\n<\/p>\n<div>\n<p>A ginasta americana Jordan Chiles perdeu a medalha de bronze no exerc\u00edcio de solo durante as Olimp\u00edadas de Paris. A decis\u00e3o veio ap\u00f3s o <a href=\"https:\/\/pt.wikipedia.org\/wiki\/Tribunal_Arbitral_do_Esporte\" target=\"_blank\" rel=\"noreferrer noopener\">Comit\u00ea Arbitral do Esporte <\/a>(CAS) acolher o recurso da Federa\u00e7\u00e3o da Rom\u00eania, que alegou irregularidades no julgamento favor\u00e1vel \u00e0 atleta americana.<\/p>\n<p>A romena <a href=\"https:\/\/terrabrasilnoticias.com\/2024\/08\/federacao-romena-de-ginastica-vai-ao-tas-apos-desonro-no-podio\/\" target=\"_blank\" rel=\"noreferrer noopener\">Ana Barbosu<\/a> ficou com o terceiro lugar ao final das apura\u00e7\u00f5es. A decis\u00e3o gerou indigna\u00e7\u00e3o na fam\u00edlia de Chiles, especialmente de sua irm\u00e3, Jazmin, que considera a decis\u00e3o <strong>injusta <\/strong>e <strong>racista<\/strong>.<\/p>\n<h2 class=\"wp-block-heading\">Pol\u00eamica na Gin\u00e1stica Art\u00edstica: Perda do Bronze de Jordan Chiles<\/h2>\n<p>Jordan Chiles originalmente havia garantido o terceiro lugar ap\u00f3s a revis\u00e3o de sua nota, subindo de 13.666 para 13.766. No entanto, a Rom\u00eania contestou o resultado, afirmando que o recurso foi feito fora do prazo. Ap\u00f3s an\u00e1lise, o CAS decidiu reverter a pontua\u00e7\u00e3o, devolvendo a medalha de bronze para Ana Barbosu.<\/p>\n<h2 class=\"wp-block-heading\">O Que Aconteceu com a Ginasta Jordan Chiles?<\/h2>\n<p>A situa\u00e7\u00e3o come\u00e7ou quando Barbosu marcou 13.700 pontos e ocupava temporariamente o terceiro lugar. Na sequ\u00eancia, Chiles realizou sua apresenta\u00e7\u00e3o e atingiu inicialmente 13.666 pontos. A ginasta americana solicitou uma revis\u00e3o de sua nota, o que acabou resultando em um acr\u00e9scimo de 0.100, levando-a ao terceiro lugar.<\/p>\n<p>Por\u00e9m, a Federa\u00e7\u00e3o da Rom\u00eania entrou com um recurso alegando que o pedido de revis\u00e3o foi feito fora do prazo permitido. O CAS, ent\u00e3o, determinou que a revis\u00e3o n\u00e3o deveria ter sido acatada.<\/p>\n<div class=\"wp-block-image\">\n<figure class=\"aligncenter size-full\"><picture decoding=\"async\" class=\"wp-image-171592\"><source type=\"image\/webp\" srcset=\"https:\/\/terrabrasilnoticias.com\/wp-content\/uploads\/2024\/08\/o312.png.webp 718w, https:\/\/terrabrasilnoticias.com\/wp-content\/uploads\/2024\/08\/o312-300x192.png.webp 300w\" sizes=\"(max-width: 718px) 100vw, 718px\"\/><\/picture><figcaption class=\"wp-element-caption\">Simone Biles, Rebeca Andrade e  Jordan Chiles, respectivamente. \u2013 Foto: Divulga\u00e7\u00e3o \/ Instagram<\/figcaption><\/figure>\n<\/div>\n<h2 class=\"wp-block-heading\">Rea\u00e7\u00f5es e Declara\u00e7\u00f5es<\/h2>\n<p>A rea\u00e7\u00e3o \u00e0 decis\u00e3o foi intensa. Em suas redes sociais, Jazmin Chiles manifestou sua frustra\u00e7\u00e3o: \u201cO racismo \u00e9 real, ele existe, ele est\u00e1 vivo e bem. Eles retiraram uma de suas medalhas n\u00e3o porque ela trapaceou, mas devido a um erro dos ju\u00edzes.\u201d<\/p>\n<p>Al\u00e9m disso, o Comit\u00ea Ol\u00edmpico e Paral\u00edmpico dos EUA expressou decep\u00e7\u00e3o em uma nota oficial: \u201cO inqu\u00e9rito sobre o Valor de Dificuldade da rotina de exerc\u00edcios de solo de Jordan Chiles foi arquivado de boa-f\u00e9. Estamos devastados com a decis\u00e3o final.\u201d<\/p>\n<h2 class=\"wp-block-heading\">Impacto na Comunidade Esportiva<\/h2>\n<p>O caso repercutiu profundamente na comunidade esportiva, provocando discuss\u00f5es sobre a equidade nas competi\u00e7\u00f5es e a imparcialidade nas revis\u00f5es de nota. O primeiro-ministro romeno, Marcel Ciolacu, chegou a declarar que n\u00e3o compareceria \u00e0 cerim\u00f4nia de encerramento como forma de protesto contra a decis\u00e3o inicial.<\/p>\n<p>Essa pol\u00eamica traz \u00e0 tona a import\u00e2ncia de regras claras e a necessidade de transpar\u00eancia nos processos de apela\u00e7\u00e3o. A situa\u00e7\u00e3o de Jordan Chiles serve como um lembrete das complexidades envolvidas nas competi\u00e7\u00f5es de alto n\u00edvel.<\/p>\n<h2 class=\"wp-block-heading\">Entenda os Detalhes da Decis\u00e3o<\/h2>\n<p>O recurso da Rom\u00eania alegou que o pedido de revis\u00e3o da nota de Chiles foi feito ap\u00f3s o prazo regulamentar de um minuto ap\u00f3s o an\u00fancio da nota. O CAS considerou isso uma viola\u00e7\u00e3o das regras, resultando na retirada do bronze de Chiles e a subsequente entrega da medalha a Barbosu.<\/p>\n<ul class=\"wp-block-list\">\n<li>Originalmente, Barbosu tinha marcado 13.700 pontos.<\/li>\n<li>Chiles solicitou revis\u00e3o e teve sua nota aumentada para 13.766.<\/li>\n<li>A Federa\u00e7\u00e3o da Rom\u00eania recorreu, citando o prazo violado.<\/li>\n<li>O CAS deu raz\u00e3o \u00e0 Rom\u00eania, revertendo a decis\u00e3o.<\/li>\n<\/ul>\n<p>Essa sequ\u00eancia de eventos destaca n\u00e3o apenas a complexidade das regras, mas tamb\u00e9m a carga emocional e as implica\u00e7\u00f5es que acompanham cada decis\u00e3o em competi\u00e7\u00f5es ol\u00edmpicas.<\/p>\n<h3 class=\"wp-block-heading\">O Futuro de Jordan Chiles<\/h3>\n<p>Ap\u00f3s essa reviravolta, Jordan Chiles dever\u00e1 focar em sua recupera\u00e7\u00e3o emocional e prepara\u00e7\u00e3o para futuros torneios. O apoio de sua fam\u00edlia e da comunidade de gin\u00e1stica ser\u00e1 crucial nesse processo.<\/p>\n<p>Enquanto isso, a discuss\u00e3o sobre equidade e revis\u00e3o de notas nas competi\u00e7\u00f5es esportivas permanece viva, refor\u00e7ando a necessidade de melhorias cont\u00ednuas no sistema de julgamento.<\/p>\n<\/p><\/div>\n<p><br \/>\n<br \/><a href=\"https:\/\/terrabrasilnoticias.com\/2024\/08\/racismo-em-paris-e-americana-perde-medalha-apos-revisao-de-nota\/\">Source link <\/a><\/p>","protected":false},"excerpt":{"rendered":"<p>A ginasta americana Jordan Chiles perdeu a medalha de bronze no exerc\u00edcio de solo durante as Olimp\u00edadas de Paris. A decis\u00e3o veio ap\u00f3s o Comit\u00ea Arbitral do Esporte (CAS) acolher&hellip;<\/p>","protected":false},"author":1,"featured_media":21995,"comment_status":"closed","ping_status":"open","sticky":false,"template":"","format":"standard","meta":{"content-type":"","footnotes":""},"categories":[16],"tags":[10410],"class_list":["post-21994","post","type-post","status-publish","format-standard","has-post-thumbnail","hentry","category-noticias","tag-ginasta-americana-perde-medalha-de-bronze-nas-olimpiadas-de-paris"],"_links":{"self":[{"href":"https:\/\/tvbrazilusa.com\/pt\/wp-json\/wp\/v2\/posts\/21994","targetHints":{"allow":["GET"]}}],"collection":[{"href":"https:\/\/tvbrazilusa.com\/pt\/wp-json\/wp\/v2\/posts"}],"about":[{"href":"https:\/\/tvbrazilusa.com\/pt\/wp-json\/wp\/v2\/types\/post"}],"author":[{"embeddable":true,"href":"https:\/\/tvbrazilusa.com\/pt\/wp-json\/wp\/v2\/users\/1"}],"replies":[{"embeddable":true,"href":"https:\/\/tvbrazilusa.com\/pt\/wp-json\/wp\/v2\/comments?post=21994"}],"version-history":[{"count":1,"href":"https:\/\/tvbrazilusa.com\/pt\/wp-json\/wp\/v2\/posts\/21994\/revisions"}],"predecessor-version":[{"id":21996,"href":"https:\/\/tvbrazilusa.com\/pt\/wp-json\/wp\/v2\/posts\/21994\/revisions\/21996"}],"wp:featuredmedia":[{"embeddable":true,"href":"https:\/\/tvbrazilusa.com\/pt\/wp-json\/wp\/v2\/media\/21995"}],"wp:attachment":[{"href":"https:\/\/tvbrazilusa.com\/pt\/wp-json\/wp\/v2\/media?parent=21994"}],"wp:term":[{"taxonomy":"category","embeddable":true,"href":"https:\/\/tvbrazilusa.com\/pt\/wp-json\/wp\/v2\/categories?post=21994"},{"taxonomy":"post_tag","embeddable":true,"href":"https:\/\/tvbrazilusa.com\/pt\/wp-json\/wp\/v2\/tags?post=21994"}],"curies":[{"name":"wp","href":"https:\/\/api.w.org\/{rel}","templated":true}]}}