{"id":22006,"date":"2024-08-11T13:04:49","date_gmt":"2024-08-11T13:04:49","guid":{"rendered":"https:\/\/tvbrazilusa.com\/2024\/08\/11\/presidente-populista-da-servia-diz-que-protestos-contra-o-litio-sao-parte-de-uma-guerra-hibrida-contra-seu-pais\/"},"modified":"2024-08-11T13:16:01","modified_gmt":"2024-08-11T13:16:01","slug":"presidente-populista-da-servia-diz-que-protestos-contra-o-litio-sao-parte-de-uma-guerra-hibrida-contra-seu-pais","status":"publish","type":"post","link":"https:\/\/tvbrazilusa.com\/pt\/2024\/08\/11\/presidente-populista-da-servia-diz-que-protestos-contra-o-litio-sao-parte-de-uma-guerra-hibrida-contra-seu-pais\/","title":{"rendered":"Presidente populista da S\u00e9rvia diz que protestos contra o l\u00edtio s\u00e3o parte de uma guerra &#8220;h\u00edbrida&#8221; contra seu pa\u00eds"},"content":{"rendered":"<script async src=\"https:\/\/pagead2.googlesyndication.com\/pagead\/js\/adsbygoogle.js?client=ca-pub-8864793242727901\"\r\n     crossorigin=\"anonymous\"><\/script>\n<div id=\"\">\n<p class=\"dist__Box-sc-1fnzlkn-0 dist__TextBase-sc-1fnzlkn-3 CGHCP htMUPQ article-text\"><strong>BELGRADO<\/strong> \u2013 O presidente da S\u00e9rvia acusou no domingo os manifestantes que se opunham a um projeto de minera\u00e7\u00e3o de l\u00edtio no pa\u00eds dos Balc\u00e3s de fazerem parte de uma guerra &#8220;h\u00edbrida&#8221; apoiada pelo Ocidente contra seu governo e prometeu tomar medidas legais severas contra os manifestantes que bloquearam o tr\u00e1fego ferrovi\u00e1rio e rodovi\u00e1rio na capital um dia antes. <\/p>\n<p class=\"dist__Box-sc-1fnzlkn-0 dist__TextBase-sc-1fnzlkn-3 CGHCP htMUPQ article-text\">Num dos maiores protestos dos \u00faltimos anos, dezenas de milhares de pessoas sa\u00edram \u00e0s ruas da capital, Belgrado, no s\u00e1bado, contra <a href=\"https:\/\/apnews.com\/article\/serbia-lithium-mine-protests-eu-gornje-nedeljice-f61c39c8d5e8b92ed92b0b21addadc71\">minera\u00e7\u00e3o de l\u00edtio na S\u00e9rvia<\/a>apesar dos avisos das autoridades sobre a sua alegada conspira\u00e7\u00e3o para destituir <a href=\"https:\/\/apnews.com\/hub\/aleksandar-vucic\">Presidente populista Aleksandar Vu\u010di\u0107<\/a> e seu governo.<\/p>\n<p class=\"dist__Box-sc-1fnzlkn-0 dist__TextBase-sc-1fnzlkn-3 CGHCP htMUPQ article-text\">Alguns dos manifestantes bloquearam trilhos em duas esta\u00e7\u00f5es ferrovi\u00e1rias na cidade e interromperam brevemente o tr\u00e1fego em uma rodovia principal. A pol\u00edcia de choque os empurrou para fora das esta\u00e7\u00f5es ferrovi\u00e1rias no domingo cedo com seus escudos de choque.<\/p>\n<p class=\"dist__Box-sc-1fnzlkn-0 dist__TextBase-sc-1fnzlkn-3 CGHCP htMUPQ article-text\">O Ministro do Interior Ivica Dacic disse que 14 pessoas foram trazidas para interrogat\u00f3rio. A pol\u00edcia est\u00e1 trabalhando para identificar todos os perpetradores que enfrentar\u00e3o acusa\u00e7\u00f5es, ele disse. <\/p>\n<p class=\"dist__Box-sc-1fnzlkn-0 dist__TextBase-sc-1fnzlkn-3 CGHCP htMUPQ article-text\">Vucic disse aos rep\u00f3rteres no domingo que, embora o protesto principal tenha sido feito democraticamente, o bloqueio do tr\u00e1fego na rodovia representou &#8220;o terror da minoria sobre a maioria&#8221;. <\/p>\n<p class=\"dist__Box-sc-1fnzlkn-0 dist__TextBase-sc-1fnzlkn-3 CGHCP htMUPQ article-text\">\u201cFaz parte da abordagem h\u00edbrida\u201d projetada para derrubar o governo, disse Vucic aos rep\u00f3rteres. \u201cSab\u00edamos de tudo em detalhes. Voc\u00ea acha que surpreendeu algu\u00e9m&#8230; sempre fomos contidos, sem viol\u00eancia garantimos a ordem no pa\u00eds, sem problemas.\u201d<\/p>\n<p class=\"dist__Box-sc-1fnzlkn-0 dist__TextBase-sc-1fnzlkn-3 CGHCP htMUPQ article-text\">Vu\u010di\u0107 disse na semana passada que foi informado pelos servi\u00e7os de intelig\u00eancia russos de que uma \u201cagita\u00e7\u00e3o em massa e um golpe\u201d estavam sendo preparados na S\u00e9rvia por pot\u00eancias ocidentais n\u00e3o especificadas que desejam tir\u00e1-lo do poder.<\/p>\n<p class=\"dist__Box-sc-1fnzlkn-0 dist__TextBase-sc-1fnzlkn-3 CGHCP htMUPQ article-text\">Autoridades do governo e a m\u00eddia controlada pelo Estado lan\u00e7aram uma grande campanha contra a manifesta\u00e7\u00e3o de s\u00e1bado, comparando-a \u00e0 revolta de Maidan na capital da Ucr\u00e2nia, Kiev, que levou \u00e0 derrubada do ent\u00e3o partido pr\u00f3-R\u00fassia do pa\u00eds. <a href=\"https:\/\/apnews.com\/hub\/viktor-yanukovych\">Presidente Viktor Yanukovych<\/a> em 2013. Os organizadores do protesto de Belgrado negaram repetidamente essas acusa\u00e7\u00f5es. <\/p>\n<p class=\"dist__Box-sc-1fnzlkn-0 dist__TextBase-sc-1fnzlkn-3 CGHCP htMUPQ article-text\">A manifesta\u00e7\u00e3o de s\u00e1bado ocorreu ap\u00f3s semanas de protestos em dezenas de cidades da S\u00e9rvia contra um plano do governo de permitir a minera\u00e7\u00e3o de l\u00edtio em um vale agr\u00edcola exuberante no oeste do pa\u00eds.<\/p>\n<p class=\"dist__Box-sc-1fnzlkn-0 dist__TextBase-sc-1fnzlkn-3 CGHCP htMUPQ article-text\">Este plano foi descartado em 2022 ap\u00f3s grandes manifesta\u00e7\u00f5es que inclu\u00edram o bloqueio de pontes e estradas importantes. Mas foi revivido no m\u00eas passado e recebeu um impulso em um acordo provis\u00f3rio sobre \u201cmat\u00e9rias-primas cr\u00edticas\u201d assinado pelo governo de Vu\u010di\u0107 com o <a href=\"https:\/\/apnews.com\/hub\/european-union\">Uni\u00e3o Europeia<\/a>.<\/p>\n<p class=\"dist__Box-sc-1fnzlkn-0 dist__TextBase-sc-1fnzlkn-3 CGHCP htMUPQ article-text\">A na\u00e7\u00e3o balc\u00e2nica est\u00e1 buscando formalmente a filia\u00e7\u00e3o \u00e0 UE, mantendo la\u00e7os muito pr\u00f3ximos tanto com a R\u00fassia quanto com a China. O memorando da UE sobre a minera\u00e7\u00e3o de l\u00edtio e outros materiais essenciais necess\u00e1rios para a transi\u00e7\u00e3o verde deixaria a S\u00e9rvia mais pr\u00f3xima do bloco e reduziria a depend\u00eancia da Europa em baterias de l\u00edtio e carros el\u00e9tricos da China.<\/p>\n<p class=\"dist__Box-sc-1fnzlkn-0 dist__TextBase-sc-1fnzlkn-3 CGHCP htMUPQ article-text\">Embora o governo insista que a mina \u00e9 uma oportunidade para o desenvolvimento econ\u00f4mico, os cr\u00edticos dizem que ela causaria polui\u00e7\u00e3o irrepar\u00e1vel no vale de Jadar, juntamente com suas reservas cruciais de \u00e1gua subterr\u00e2nea e terras agr\u00edcolas. <\/p>\n<p class=\"dist__Box-sc-1fnzlkn-0 dist__TextBase-sc-1fnzlkn-3 CGHCP htMUPQ article-text\">Vu\u010di\u0107 disse no domingo que n\u00e3o haver\u00e1 minera\u00e7\u00e3o de l\u00edtio nos pr\u00f3ximos dois anos enquanto todos os riscos est\u00e3o sendo investigados, em uma aparente tentativa de pacificar os cr\u00edticos. Ele tamb\u00e9m ofereceu um referendo sobre a quest\u00e3o \u2014 algo improv\u00e1vel de ser considerado pelos ambientalistas com o suposto hist\u00f3rico de Vu\u010di\u0107 de fraudar votos a seu favor. <\/p>\n<\/div>\n<p>Copyright 2024 The Associated Press. Todos os direitos reservados. Este material n\u00e3o pode ser publicado, transmitido, reescrito ou redistribu\u00eddo sem permiss\u00e3o.<\/p>\n<p><br \/>\n<br \/><a href=\"https:\/\/www.clickorlando.com\/news\/world\/2024\/08\/11\/serbias-populist-president-says-lithium-protests-are-part-of-a-hybrid-warfare-against-his-country\/\">Source link <\/a><\/p>","protected":false},"excerpt":{"rendered":"<p>BELGRADO \u2013 O presidente da S\u00e9rvia acusou no domingo os manifestantes que se opunham a um projeto de minera\u00e7\u00e3o de l\u00edtio no pa\u00eds dos Balc\u00e3s de fazerem parte de uma&hellip;<\/p>","protected":false},"author":1,"featured_media":22007,"comment_status":"closed","ping_status":"open","sticky":false,"template":"","format":"standard","meta":{"content-type":"","footnotes":""},"categories":[1],"tags":[10411,1419],"class_list":["post-22006","post","type-post","status-publish","format-standard","has-post-thumbnail","hentry","category-uncategorized","tag-ivica-dacic","tag-noticias-do-mundo"],"_links":{"self":[{"href":"https:\/\/tvbrazilusa.com\/pt\/wp-json\/wp\/v2\/posts\/22006","targetHints":{"allow":["GET"]}}],"collection":[{"href":"https:\/\/tvbrazilusa.com\/pt\/wp-json\/wp\/v2\/posts"}],"about":[{"href":"https:\/\/tvbrazilusa.com\/pt\/wp-json\/wp\/v2\/types\/post"}],"author":[{"embeddable":true,"href":"https:\/\/tvbrazilusa.com\/pt\/wp-json\/wp\/v2\/users\/1"}],"replies":[{"embeddable":true,"href":"https:\/\/tvbrazilusa.com\/pt\/wp-json\/wp\/v2\/comments?post=22006"}],"version-history":[{"count":1,"href":"https:\/\/tvbrazilusa.com\/pt\/wp-json\/wp\/v2\/posts\/22006\/revisions"}],"predecessor-version":[{"id":22008,"href":"https:\/\/tvbrazilusa.com\/pt\/wp-json\/wp\/v2\/posts\/22006\/revisions\/22008"}],"wp:featuredmedia":[{"embeddable":true,"href":"https:\/\/tvbrazilusa.com\/pt\/wp-json\/wp\/v2\/media\/22007"}],"wp:attachment":[{"href":"https:\/\/tvbrazilusa.com\/pt\/wp-json\/wp\/v2\/media?parent=22006"}],"wp:term":[{"taxonomy":"category","embeddable":true,"href":"https:\/\/tvbrazilusa.com\/pt\/wp-json\/wp\/v2\/categories?post=22006"},{"taxonomy":"post_tag","embeddable":true,"href":"https:\/\/tvbrazilusa.com\/pt\/wp-json\/wp\/v2\/tags?post=22006"}],"curies":[{"name":"wp","href":"https:\/\/api.w.org\/{rel}","templated":true}]}}