{"id":22023,"date":"2024-08-11T13:05:21","date_gmt":"2024-08-11T13:05:21","guid":{"rendered":"https:\/\/tvbrazilusa.com\/2024\/08\/11\/relatorio-de-inspecao-revela-problema-no-painel-do-aviao-da-voepass-que-caiu-em-vinhedo-2\/"},"modified":"2024-08-11T13:53:04","modified_gmt":"2024-08-11T13:53:04","slug":"relatorio-de-inspecao-revela-problema-no-painel-do-aviao-da-voepass-que-caiu-em-vinhedo-2","status":"publish","type":"post","link":"https:\/\/tvbrazilusa.com\/pt\/2024\/08\/11\/relatorio-de-inspecao-revela-problema-no-painel-do-aviao-da-voepass-que-caiu-em-vinhedo-2\/","title":{"rendered":"Relat\u00f3rio de inspe\u00e7\u00e3o revela problema no painel do avi\u00e3o da Voepass que caiu em Vinhedo"},"content":{"rendered":"<p> <script async src=\"https:\/\/pagead2.googlesyndication.com\/pagead\/js\/adsbygoogle.js?client=ca-pub-8864793242727901\"\r\n     crossorigin=\"anonymous\"><\/script><br \/>\n<\/p>\n<div>\n<p>Caixa preta da aeronave que caiu em Vinhedo (SP). \u2014 Foto: Divulga\u00e7\u00e3o\/FAB.<\/p>\n<p>Um documento revelado pelo jornal O Globo sobre a inspe\u00e7\u00e3o do avi\u00e3o da Voepass, que caiu em Vinhedo, no interior de S\u00e3o Paulo, aponta que a aeronave apresentava problemas com \u201ca\u00e7\u00e3o corretiva retardada\u201d, ou seja, com conserto pendente. Esse relat\u00f3rio sugere que uma das pend\u00eancias era um defeito no EHSI (Indicador Eletr\u00f4nico de Situa\u00e7\u00e3o Horizontal), dispositivo crucial para a visualiza\u00e7\u00e3o de dados de navega\u00e7\u00e3o pelos pilotos.<\/p>\n<p>Segundo o relat\u00f3rio, embora o EHSI n\u00e3o seja indispens\u00e1vel nem obrigat\u00f3rio em todas as situa\u00e7\u00f5es, a sua aus\u00eancia pode sobrecarregar os pilotos, principalmente em cen\u00e1rios onde a consulta a m\u00faltiplos instrumentos \u00e9 necess\u00e1ria. O EHSI combina em uma \u00fanica tela informa\u00e7\u00f5es como b\u00fassola, GPS e radar, facilitando a navega\u00e7\u00e3o.<\/p>\n<figure class=\"wp-block-image size-full\"><figcaption class=\"wp-element-caption\">Caixa preta da aeronave que caiu em Vinhedo (SP). \u2014 Foto: Divulga\u00e7\u00e3o\/FAB<\/figcaption><\/figure>\n<h2 class=\"wp-block-heading\">Problema no EHSI relatado em relat\u00f3rio<\/h2>\n<p>At\u00e9 o momento, n\u00e3o h\u00e1 clareza se o defeito no EHSI contribuiu para o acidente. A Cenipa (Centro de Investiga\u00e7\u00e3o e Preven\u00e7\u00e3o de Acidentes Aeron\u00e1uticos) ainda est\u00e1 investigando as causas da queda da aeronave. A Voepass, em sua nota oficial, afirmou que apesar dos problemas listados, o avi\u00e3o estava dentro dos padr\u00f5es exigidos para decolagem.<\/p>\n<figure class=\"wp-block-image size-large\"><figcaption class=\"wp-element-caption\">Exemplo de EHSI<\/figcaption><\/figure>\n<h2 class=\"wp-block-heading\">Qual a import\u00e2ncia do EHSI para a navega\u00e7\u00e3o a\u00e9rea?<\/h2>\n<p>O EHSI \u00e9 um dispositivo que concentra diversas informa\u00e7\u00f5es de navega\u00e7\u00e3o em uma \u00fanica tela, incluindo b\u00fassola, GPS e radar. Em alguns tipos de aeronaves e rotas, as ag\u00eancias de seguran\u00e7a exigem sua utiliza\u00e7\u00e3o. Sua aus\u00eancia pode levar ao aumento do trabalho dos pilotos, especialmente em condi\u00e7\u00f5es de voo complexas.<\/p>\n<h2 class=\"wp-block-heading\">Aeronave era sens\u00edvel a gelo, afirma Voepass<\/h2>\n<p>O CEO da Voepass, Eduardo Busch, e o diretor de opera\u00e7\u00f5es, Marcel Moura, confirmaram em coletiva de imprensa que o modelo da aeronave era sens\u00edvel a forma\u00e7\u00f5es de gelo. \u201cSitua\u00e7\u00f5es clim\u00e1ticas, como a aproxima\u00e7\u00e3o de uma frente fria, facilitam a forma\u00e7\u00e3o de gelo,\u201d declarou Busch.<\/p>\n<ul class=\"wp-block-list\">\n<li>Modelo sens\u00edvel a gelo: forma\u00e7\u00e3o de gelo pode ocorrer em certas condi\u00e7\u00f5es clim\u00e1ticas.<\/li>\n<li>Manuten\u00e7\u00e3o de rotina: aeronave estava 100% operacional segundo a empresa.<\/li>\n<li>Investiga\u00e7\u00e3o em andamento: causas do acidente ainda est\u00e3o sendo investigadas.<\/li>\n<\/ul>\n<p>\u00a0Busch tamb\u00e9m destacou que a aeronave havia passado por manuten\u00e7\u00e3o de rotina nas oficinas da Voepass em Ribeir\u00e3o Preto. Mesmo assim, o acidente resultou na morte de 62 pessoas, tornando-se o maior desastre a\u00e9reo do pa\u00eds desde 2007 em n\u00famero de v\u00edtimas.<\/p>\n<h2 class=\"wp-block-heading\">Manuten\u00e7\u00e3o realizada, mas acidente ocorrido: Quais as causas?<\/h2>\n<p>Ivan Sant\u2019Anna, colunista de Cruso\u00e9 e analista de avia\u00e7\u00e3o, sugeriu que o congelamento dos comandos poderia ter levado ao que especialistas chamam de \u201cparafuso chato\u201d, um tipo de perda de controle da aeronave. A an\u00e1lise das poss\u00edveis causas ainda est\u00e1 em curso, e a Cenipa continua as investiga\u00e7\u00f5es para determinar os fatores que levaram ao acidente.<\/p>\n<ol class=\"wp-block-list\">\n<li>Inspe\u00e7\u00e3o e relat\u00f3rio: revelaram problemas com o EHSI.<\/li>\n<li>Coletiva de imprensa: confirmada a sensibilidade a gelo.<\/li>\n<li>Investiga\u00e7\u00f5es em curso: poss\u00edveis causas ainda sob an\u00e1lise.<\/li>\n<\/ol>\n<p>\u00a0O acidente do voo 2Z-2283, que fazia a rota de Cascavel (PR) para o aeroporto de Guarulhos em S\u00e3o Paulo, trouxe \u00e0 tona a import\u00e2ncia da manuten\u00e7\u00e3o e da inspe\u00e7\u00e3o rigorosa das aeronaves. A busca por respostas continua, enquanto a Voepass e as autoridades trabalham para esclarecer os fatos.<\/p>\n<\/div>\n<p><br \/>\n<br \/><a href=\"https:\/\/tvfloridausa.com\/2024\/08\/11\/relatorio-de-inspecao-revela-problema-no-painel-do-aviao-da-voepass-que-caiu-em-vinhedo\/\">Source link <\/a><\/p>","protected":false},"excerpt":{"rendered":"<p>Caixa preta da aeronave que caiu em Vinhedo (SP). \u2014 Foto: Divulga\u00e7\u00e3o\/FAB. Um documento revelado pelo jornal O Globo sobre a inspe\u00e7\u00e3o do avi\u00e3o da Voepass, que caiu em Vinhedo,&hellip;<\/p>","protected":false},"author":1,"featured_media":22024,"comment_status":"closed","ping_status":"open","sticky":false,"template":"","format":"standard","meta":{"content-type":"","footnotes":""},"categories":[22],"tags":[],"class_list":["post-22023","post","type-post","status-publish","format-standard","has-post-thumbnail","hentry","category-tv-florida-usa"],"_links":{"self":[{"href":"https:\/\/tvbrazilusa.com\/pt\/wp-json\/wp\/v2\/posts\/22023","targetHints":{"allow":["GET"]}}],"collection":[{"href":"https:\/\/tvbrazilusa.com\/pt\/wp-json\/wp\/v2\/posts"}],"about":[{"href":"https:\/\/tvbrazilusa.com\/pt\/wp-json\/wp\/v2\/types\/post"}],"author":[{"embeddable":true,"href":"https:\/\/tvbrazilusa.com\/pt\/wp-json\/wp\/v2\/users\/1"}],"replies":[{"embeddable":true,"href":"https:\/\/tvbrazilusa.com\/pt\/wp-json\/wp\/v2\/comments?post=22023"}],"version-history":[{"count":1,"href":"https:\/\/tvbrazilusa.com\/pt\/wp-json\/wp\/v2\/posts\/22023\/revisions"}],"predecessor-version":[{"id":22025,"href":"https:\/\/tvbrazilusa.com\/pt\/wp-json\/wp\/v2\/posts\/22023\/revisions\/22025"}],"wp:featuredmedia":[{"embeddable":true,"href":"https:\/\/tvbrazilusa.com\/pt\/wp-json\/wp\/v2\/media\/22024"}],"wp:attachment":[{"href":"https:\/\/tvbrazilusa.com\/pt\/wp-json\/wp\/v2\/media?parent=22023"}],"wp:term":[{"taxonomy":"category","embeddable":true,"href":"https:\/\/tvbrazilusa.com\/pt\/wp-json\/wp\/v2\/categories?post=22023"},{"taxonomy":"post_tag","embeddable":true,"href":"https:\/\/tvbrazilusa.com\/pt\/wp-json\/wp\/v2\/tags?post=22023"}],"curies":[{"name":"wp","href":"https:\/\/api.w.org\/{rel}","templated":true}]}}