{"id":22026,"date":"2024-08-11T13:45:03","date_gmt":"2024-08-11T13:45:03","guid":{"rendered":"https:\/\/tvbrazilusa.com\/2024\/08\/11\/janones-faz-acordo-e-e-obrigado-a-pedir-desculpas-a-kim-kataguiri-apos-comentario-controverso\/"},"modified":"2024-08-11T13:56:23","modified_gmt":"2024-08-11T13:56:23","slug":"janones-faz-acordo-e-e-obrigado-a-pedir-desculpas-a-kim-kataguiri-apos-comentario-controverso","status":"publish","type":"post","link":"https:\/\/tvbrazilusa.com\/pt\/2024\/08\/11\/janones-faz-acordo-e-e-obrigado-a-pedir-desculpas-a-kim-kataguiri-apos-comentario-controverso\/","title":{"rendered":"Janones faz acordo e \u00e9 obrigado a pedir desculpas a Kim Kataguiri ap\u00f3s coment\u00e1rio controverso"},"content":{"rendered":"<p> <script async src=\"https:\/\/pagead2.googlesyndication.com\/pagead\/js\/adsbygoogle.js?client=ca-pub-8864793242727901\"\r\n     crossorigin=\"anonymous\"><\/script><br \/>\n<\/p>\n<div>\n<p>Foto: Reprodu\u00e7\u00e3o.<\/p>\n<p>O deputado federal <strong>Andr\u00e9 Janones<\/strong> (Avante-MG) recentemente pediu desculpas ao colega de C\u00e2mara, <strong>Kim Kataguiri<\/strong> (Uni\u00e3o Brasil-SP), ap\u00f3s t\u00ea-lo chamado de \u201cnazista\u201d em uma publica\u00e7\u00e3o nas redes sociais em junho deste ano. A retrata\u00e7\u00e3o de Janones veio ap\u00f3s um acordo judicial entre os dois parlamentares.<\/p>\n<p>Em uma postagem na rede social X, Janones expressou que n\u00e3o tinha a inten\u00e7\u00e3o de ofender Kataguiri. \u201cN\u00e3o sendo meu desejo ofender a honra do requerente nos fatos narrados na inicial, raz\u00e3o pela qual presto-lhe o presente pedido de desculpas\u201d, disse Janones em sua nota p\u00fablica.<\/p>\n<p>Janones tamb\u00e9m destacou seu respeito por Kataguiri, apesar das diverg\u00eancias ideol\u00f3gicas que eles t\u00eam. \u201cExpresso, ainda, o m\u00e1ximo respeito \u00e0 pessoa do requerente enquanto colega parlamentar de relev\u00e2ncia, ainda que divergentes nossos entendimentos ideol\u00f3gicos e partid\u00e1rios, tendo-o como cidad\u00e3o de bem, n\u00e3o havendo conhecimento de minha parte de qualquer fato que desabone a sua conduta at\u00e9 a presente data\u201d, concluiu.<\/p>\n<h2 class=\"wp-block-heading\">Entenda a pol\u00eamica<\/h2>\n<p>Em uma publica\u00e7\u00e3o de 5 de junho, Kim Kataguiri criticou o deputado Guilherme Boulos (PSol-SP), que recomendou o arquivamento da den\u00fancia de \u201crachadinha\u201d contra Janones no Conselho de \u00c9tica da C\u00e2mara. Em resposta, Janones afirmou que poderia responder Kim, mas que \u201cn\u00e3o falava com nazistas\u201d.<\/p>\n<p>A fala de Janones remonta a uma declara\u00e7\u00e3o controversa de Kim Kataguiri no Flow Podcast em 2022. Na ocasi\u00e3o, questionado pela deputada Tabata Amaral (PSB-SP) se achava errado a Alemanha ter criminalizado o nazismo, Kim respondeu que sim. Posteriormente, ele reconheceu a fala como \u201cabsurda\u201d e pediu desculpas.<\/p>\n<figure class=\"wp-block-image size-full\"><picture decoding=\"async\" class=\"wp-image-172032\"><source type=\"image\/webp\" srcset=\"https:\/\/terrabrasilnoticias.com\/wp-content\/uploads\/2024\/08\/image-342.png.webp 719w, https:\/\/terrabrasilnoticias.com\/wp-content\/uploads\/2024\/08\/image-342-300x219.png.webp 300w\" sizes=\"(max-width: 719px) 100vw, 719px\"\/><\/picture>\n<\/figure>\n<h2 class=\"wp-block-heading\">Pedido de desculpas<\/h2>\n<p>O pedido de desculpas de Andr\u00e9 Janones \u00e9 importante por v\u00e1rias raz\u00f5es:<\/p>\n<ul class=\"wp-block-list\">\n<li><strong>Respeito e Reconcilia\u00e7\u00e3o:<\/strong> Janones demonstrou respeito pelo colega, independentemente das diferen\u00e7as ideol\u00f3gicas.<\/li>\n<li><strong>Compromisso com a \u00c9tica:<\/strong> Ao se retratar, Janones mostra um compromisso com a \u00e9tica parlamentar.<\/li>\n<li><strong>Impacto P\u00fablico:<\/strong> A retrata\u00e7\u00e3o p\u00fablica ajuda a restaurar a honra de Kim Kataguiri diante da sociedade.<\/li>\n<\/ul>\n<p>\u00a0A quest\u00e3o levantada refletiu um respeito m\u00fatuo entre os deputados, apesar de suas discord\u00e2ncias pol\u00edticas.<\/p>\n<h2 class=\"wp-block-heading\">Acordo judicial<\/h2>\n<p>Ap\u00f3s a ofensa, Kim Kataguiri entrou na justi\u00e7a pedindo uma indeniza\u00e7\u00e3o de R$ 20 mil por danos morais. No entanto, o acordo final entre os deputados foi que Janones publicaria um pedido p\u00fablico de desculpas e apagaria a postagem ofensiva.<\/p>\n<p>Este ato de reconcilia\u00e7\u00e3o demonstra a import\u00e2ncia de resolver conflitos de maneira civilizada e refor\u00e7a o papel do di\u00e1logo na pol\u00edtica.<\/p>\n<h2 class=\"wp-block-heading\">Conclus\u00e3o e impacto na pol\u00edtica<\/h2>\n<p>A atitude de retrata\u00e7\u00e3o e o acordo judicial entre <strong>Andr\u00e9 Janones<\/strong> e <strong>Kim Kataguiri<\/strong> marcam um momento de reconcilia\u00e7\u00e3o importante no cen\u00e1rio pol\u00edtico brasileiro. Essa situa\u00e7\u00e3o revela como o di\u00e1logo e a humildade s\u00e3o essenciais para a conviv\u00eancia democr\u00e1tica e a resolu\u00e7\u00e3o de conflitos.<\/p>\n<p>Em tempos de polariza\u00e7\u00e3o pol\u00edtica, exemplos como este s\u00e3o fundamentais para estabelecer um ambiente mais saud\u00e1vel e respons\u00e1vel nas institui\u00e7\u00f5es de poder. A a\u00e7\u00e3o de Janones refor\u00e7a que, mesmo com diverg\u00eancias ideol\u00f3gicas, o respeito e a \u00e9tica devem prevalecer. Essa li\u00e7\u00e3o \u00e9 valiosa para todos os brasileiros e principalmente para os que ocupam cargos p\u00fablicos.<\/p>\n<\/p><\/div>\n<p><br \/>\n<br \/><a href=\"https:\/\/terrabrasilnoticias.com\/2024\/08\/janones-faz-acordo-e-e-obrigado-a-pedir-desculpas-a-kim-kataguiri-apos-comentario-controverso\/\">Source link <\/a><\/p>","protected":false},"excerpt":{"rendered":"<p>Foto: Reprodu\u00e7\u00e3o. O deputado federal Andr\u00e9 Janones (Avante-MG) recentemente pediu desculpas ao colega de C\u00e2mara, Kim Kataguiri (Uni\u00e3o Brasil-SP), ap\u00f3s t\u00ea-lo chamado de \u201cnazista\u201d em uma publica\u00e7\u00e3o nas redes sociais&hellip;<\/p>","protected":false},"author":1,"featured_media":22027,"comment_status":"closed","ping_status":"open","sticky":false,"template":"","format":"standard","meta":{"content-type":"","footnotes":""},"categories":[16],"tags":[],"class_list":["post-22026","post","type-post","status-publish","format-standard","has-post-thumbnail","hentry","category-noticias"],"_links":{"self":[{"href":"https:\/\/tvbrazilusa.com\/pt\/wp-json\/wp\/v2\/posts\/22026","targetHints":{"allow":["GET"]}}],"collection":[{"href":"https:\/\/tvbrazilusa.com\/pt\/wp-json\/wp\/v2\/posts"}],"about":[{"href":"https:\/\/tvbrazilusa.com\/pt\/wp-json\/wp\/v2\/types\/post"}],"author":[{"embeddable":true,"href":"https:\/\/tvbrazilusa.com\/pt\/wp-json\/wp\/v2\/users\/1"}],"replies":[{"embeddable":true,"href":"https:\/\/tvbrazilusa.com\/pt\/wp-json\/wp\/v2\/comments?post=22026"}],"version-history":[{"count":1,"href":"https:\/\/tvbrazilusa.com\/pt\/wp-json\/wp\/v2\/posts\/22026\/revisions"}],"predecessor-version":[{"id":22028,"href":"https:\/\/tvbrazilusa.com\/pt\/wp-json\/wp\/v2\/posts\/22026\/revisions\/22028"}],"wp:featuredmedia":[{"embeddable":true,"href":"https:\/\/tvbrazilusa.com\/pt\/wp-json\/wp\/v2\/media\/22027"}],"wp:attachment":[{"href":"https:\/\/tvbrazilusa.com\/pt\/wp-json\/wp\/v2\/media?parent=22026"}],"wp:term":[{"taxonomy":"category","embeddable":true,"href":"https:\/\/tvbrazilusa.com\/pt\/wp-json\/wp\/v2\/categories?post=22026"},{"taxonomy":"post_tag","embeddable":true,"href":"https:\/\/tvbrazilusa.com\/pt\/wp-json\/wp\/v2\/tags?post=22026"}],"curies":[{"name":"wp","href":"https:\/\/api.w.org\/{rel}","templated":true}]}}