{"id":22070,"date":"2024-08-11T15:06:51","date_gmt":"2024-08-11T15:06:51","guid":{"rendered":"https:\/\/tvbrazilusa.com\/2024\/08\/11\/a-campea-olimpica-de-boxe-imane-khelif-entrou-com-uma-queixa-legal-por-assedio-online-contra-ela\/"},"modified":"2024-08-11T15:19:56","modified_gmt":"2024-08-11T15:19:56","slug":"a-campea-olimpica-de-boxe-imane-khelif-entrou-com-uma-queixa-legal-por-assedio-online-contra-ela","status":"publish","type":"post","link":"https:\/\/tvbrazilusa.com\/pt\/2024\/08\/11\/a-campea-olimpica-de-boxe-imane-khelif-entrou-com-uma-queixa-legal-por-assedio-online-contra-ela\/","title":{"rendered":"A campe\u00e3 ol\u00edmpica de boxe Imane Khelif entrou com uma queixa legal por ass\u00e9dio online contra ela"},"content":{"rendered":"<script async src=\"https:\/\/pagead2.googlesyndication.com\/pagead\/js\/adsbygoogle.js?client=ca-pub-8864793242727901\"\r\n     crossorigin=\"anonymous\"><\/script>\n<div id=\"\">\n<p class=\"dist__Box-sc-1fnzlkn-0 dist__TextBase-sc-1fnzlkn-3 CGHCP htMUPQ article-text\"><strong>PARIS<\/strong> \u2013 Ol\u00edmpico <a href=\"https:\/\/apnews.com\/article\/olympics-2024-imane-khelif-boxing-paris-2eb07d442ffb29a61e09911884dcdaa9\">campe\u00e3o de boxe Imane Khelif<\/a> entrou com uma queixa legal na Fran\u00e7a por ass\u00e9dio online ap\u00f3s uma chuva de cr\u00edticas e falsas alega\u00e7\u00f5es sobre seu sexo durante o <a href=\"https:\/\/apnews.com\/hub\/2024-paris-olympic-games\">Olimp\u00edadas de Paris<\/a>disse seu advogado no domingo.<\/p>\n<p class=\"dist__Box-sc-1fnzlkn-0 dist__TextBase-sc-1fnzlkn-3 CGHCP htMUPQ article-text\">Khelif, que ser\u00e1 o porta-bandeira da Arg\u00e9lia na cerim\u00f4nia de encerramento, conquistou o ouro na sexta-feira na divis\u00e3o dos meio-m\u00e9dios femininos, tornando-se um novo <a href=\"https:\/\/apnews.com\/article\/imane-khelif-algeria-boxer-gender-cb556a9df47a639ef3c2f2dc3222ead2\">hero\u00edna em sua Arg\u00e9lia natal<\/a> e trazendo aten\u00e7\u00e3o global para o boxe feminino.<\/p>\n<p class=\"dist__Box-sc-1fnzlkn-0 dist__TextBase-sc-1fnzlkn-3 CGHCP htMUPQ article-text\">A queixa foi registrada na sexta-feira com uma unidade especial no gabinete do promotor de Paris para combater discurso de \u00f3dio online, alegando \u201cass\u00e9dio cibern\u00e9tico agravado\u201d contra Khelif, disse o advogado Nabil Boudi. Em uma declara\u00e7\u00e3o, ele descreveu como uma \u201ccampanha mis\u00f3gina, racista e sexista\u201d contra o boxeador.<\/p>\n<p class=\"dist__Box-sc-1fnzlkn-0 dist__TextBase-sc-1fnzlkn-3 CGHCP htMUPQ article-text\">Agora cabe aos promotores decidir se abrem uma investiga\u00e7\u00e3o. Como \u00e9 comum na lei francesa, a queixa n\u00e3o nomeia um suposto perpetrador, mas deixa para os investigadores determinarem quem pode ser o culpado. <\/p>\n<p class=\"dist__Box-sc-1fnzlkn-0 dist__TextBase-sc-1fnzlkn-3 CGHCP htMUPQ article-text\">Khelif foi involuntariamente lan\u00e7ada num conflito mundial sobre identidade de g\u00e9nero e regulamenta\u00e7\u00e3o nos desportos ap\u00f3s a sua primeira luta, quando <a href=\"https:\/\/apnews.com\/article\/olympics-2024-boxing-gender-4b6eb881cce9c34484d30c68ad979127\">A advers\u00e1ria italiana Angela Carini<\/a> desistiu em apenas alguns segundos de luta, alegando dor dos socos iniciais. Falsas alega\u00e7\u00f5es de que Khelif era transg\u00eanero ou um homem surgiram online, e o Comit\u00ea Ol\u00edmpico Internacional a defendeu e denunciou aqueles que espalhavam desinforma\u00e7\u00e3o. <a href=\"https:\/\/apnews.com\/article\/olympics-2024-imane-khelif-boxing-gender-7b171980b05bcef2117a7615f212eba9\">Khelif disse<\/a> que a dissemina\u00e7\u00e3o de ideias erradas sobre ela \u201cprejudica a dignidade humana\u201d.<\/p>\n<p class=\"dist__Box-sc-1fnzlkn-0 dist__TextBase-sc-1fnzlkn-3 CGHCP htMUPQ article-text\">Anteriormente, Kirsty Burrows, autoridade respons\u00e1vel pela unidade de prote\u00e7\u00e3o e sa\u00fade mental do COI, registrou uma queixa junto \u00e0s autoridades francesas dizendo que recebeu amea\u00e7as de morte e ass\u00e9dio online ap\u00f3s uma entrevista coletiva em Paris, na qual ela havia falado em defesa de Khelif.<\/p>\n<p class=\"dist__Box-sc-1fnzlkn-0 dist__TextBase-sc-1fnzlkn-3 CGHCP htMUPQ article-text\">O gabinete do promotor de Paris disse que recebeu a queixa de Burrows em 4 de agosto e que agentes da Unidade Nacional para a Luta contra o \u00d3dio Online est\u00e3o investigando as supostas ofensas, incluindo amea\u00e7as de morte, provoca\u00e7\u00f5es p\u00fablicas com o objetivo de atacar uma pessoa e cyberbullying. Pela lei francesa, os crimes, se comprovados, acarretam penas de pris\u00e3o que variam de dois a cinco anos e multas que variam de 30.000 a 45.000 euros. <\/p>\n<p class=\"dist__Box-sc-1fnzlkn-0 dist__TextBase-sc-1fnzlkn-3 CGHCP htMUPQ article-text\">As Olimp\u00edadas proibidas <a href=\"https:\/\/apnews.com\/article\/olympics-2024-khelif-russia-boxing-b53b1edda21139d14a572bd35ca440e6\">Associa\u00e7\u00e3o Internacional de Boxe<\/a> desqualificou Khelif e seu companheiro boxeador <a href=\"https:\/\/apnews.com\/article\/2024-olympics-lin-yuting-imane-khelif-boxing-daffab2911d6451bcef347af085e2174\">Lin Yu-ting de Taiwan<\/a> do campeonato mundial do ano passado, alegando que as duas lutadoras falharam em testes de elegibilidade n\u00e3o especificados para a competi\u00e7\u00e3o feminina. O COI chamou os testes de sexo arbitr\u00e1rios que o \u00f3rg\u00e3o regulador do esporte imp\u00f4s \u00e0s duas mulheres <a href=\"https:\/\/apnews.com\/article\/olympics-2024-imane-khelif-lin-yuting-boxing-13e9529195585404c7b03c96f97dd634\">irrevogavelmente falho<\/a> e defendeu ambos os boxeadores desde o in\u00edcio dos Jogos de Paris.<\/p>\n<p class=\"dist__Box-sc-1fnzlkn-0 dist__TextBase-sc-1fnzlkn-3 CGHCP htMUPQ article-text\">Os especialistas dizem que o escrut\u00ednio de Khelif e Lin reflecte um escrut\u00ednio desproporcional e uma discrimina\u00e7\u00e3o em rela\u00e7\u00e3o a <a href=\"https:\/\/apnews.com\/article\/olympics-2024-gender-racism-female-athletes-49b79a6b7ae76afaebb00319732d6486\">atletas femininas de cor<\/a> quando se trata de testes de sexo e falsas alega\u00e7\u00f5es de que s\u00e3o homens ou transg\u00eaneros.<\/p>\n<p class=\"dist__Box-sc-1fnzlkn-0 dist__TextBase-sc-1fnzlkn-3 CGHCP htMUPQ article-text\">___<\/p>\n<p class=\"dist__Box-sc-1fnzlkn-0 dist__TextBase-sc-1fnzlkn-3 CGHCP htMUPQ article-text\">Olimp\u00edadas AP: <a href=\"https:\/\/apnews.com\/hub\/2024-paris-olympic-games\">https:\/\/apnews.com\/hub\/2024-paris-olympic-games<\/a><\/p>\n<\/div>\n<p>Copyright 2024 The Associated Press. Todos os direitos reservados. Este material n\u00e3o pode ser publicado, transmitido, reescrito ou redistribu\u00eddo sem permiss\u00e3o.<\/p>\n<p><br \/>\n<br \/><a href=\"https:\/\/www.clickorlando.com\/news\/2024\/08\/11\/olympic-boxing-champion-imane-khelif-filed-a-legal-complaint-for-online-harassment-against-her\/\">Source link <\/a><\/p>","protected":false},"excerpt":{"rendered":"<p>PARIS \u2013 Ol\u00edmpico campe\u00e3o de boxe Imane Khelif entrou com uma queixa legal na Fran\u00e7a por ass\u00e9dio online ap\u00f3s uma chuva de cr\u00edticas e falsas alega\u00e7\u00f5es sobre seu sexo durante&hellip;<\/p>","protected":false},"author":1,"featured_media":22071,"comment_status":"closed","ping_status":"open","sticky":false,"template":"","format":"standard","meta":{"content-type":"","footnotes":""},"categories":[1],"tags":[1463,5747,1419,1462],"class_list":["post-22070","post","type-post","status-publish","format-standard","has-post-thumbnail","hentry","category-uncategorized","tag-esportes","tag-imane-khelif","tag-noticias-do-mundo","tag-olimpiadas"],"_links":{"self":[{"href":"https:\/\/tvbrazilusa.com\/pt\/wp-json\/wp\/v2\/posts\/22070","targetHints":{"allow":["GET"]}}],"collection":[{"href":"https:\/\/tvbrazilusa.com\/pt\/wp-json\/wp\/v2\/posts"}],"about":[{"href":"https:\/\/tvbrazilusa.com\/pt\/wp-json\/wp\/v2\/types\/post"}],"author":[{"embeddable":true,"href":"https:\/\/tvbrazilusa.com\/pt\/wp-json\/wp\/v2\/users\/1"}],"replies":[{"embeddable":true,"href":"https:\/\/tvbrazilusa.com\/pt\/wp-json\/wp\/v2\/comments?post=22070"}],"version-history":[{"count":1,"href":"https:\/\/tvbrazilusa.com\/pt\/wp-json\/wp\/v2\/posts\/22070\/revisions"}],"predecessor-version":[{"id":22072,"href":"https:\/\/tvbrazilusa.com\/pt\/wp-json\/wp\/v2\/posts\/22070\/revisions\/22072"}],"wp:featuredmedia":[{"embeddable":true,"href":"https:\/\/tvbrazilusa.com\/pt\/wp-json\/wp\/v2\/media\/22071"}],"wp:attachment":[{"href":"https:\/\/tvbrazilusa.com\/pt\/wp-json\/wp\/v2\/media?parent=22070"}],"wp:term":[{"taxonomy":"category","embeddable":true,"href":"https:\/\/tvbrazilusa.com\/pt\/wp-json\/wp\/v2\/categories?post=22070"},{"taxonomy":"post_tag","embeddable":true,"href":"https:\/\/tvbrazilusa.com\/pt\/wp-json\/wp\/v2\/tags?post=22070"}],"curies":[{"name":"wp","href":"https:\/\/api.w.org\/{rel}","templated":true}]}}