{"id":22079,"date":"2024-08-11T15:50:00","date_gmt":"2024-08-11T15:50:00","guid":{"rendered":"https:\/\/tvbrazilusa.com\/2024\/08\/11\/piloto-que-morreu-na-tragedia-da-voepass-nao-ia-trabalhar-no-dia-do-acidente-e-havia-feito-relatorio-infomando-fogo-no-motor\/"},"modified":"2024-08-11T15:54:34","modified_gmt":"2024-08-11T15:54:34","slug":"piloto-que-morreu-na-tragedia-da-voepass-nao-ia-trabalhar-no-dia-do-acidente-e-havia-feito-relatorio-infomando-fogo-no-motor","status":"publish","type":"post","link":"https:\/\/tvbrazilusa.com\/pt\/2024\/08\/11\/piloto-que-morreu-na-tragedia-da-voepass-nao-ia-trabalhar-no-dia-do-acidente-e-havia-feito-relatorio-infomando-fogo-no-motor\/","title":{"rendered":"Piloto que morreu na trag\u00e9dia da Voepass n\u00e3o ia trabalhar no dia do acidente e havia feito relat\u00f3rio infomando fogo no motor"},"content":{"rendered":"<p> <script async src=\"https:\/\/pagead2.googlesyndication.com\/pagead\/js\/adsbygoogle.js?client=ca-pub-8864793242727901\"\r\n     crossorigin=\"anonymous\"><\/script><br \/>\n<\/p>\n<div>\n<p>Foto: Reprodu\u00e7\u00e3o\/Facebook.<\/p>\n<p>Em um triste incidente envolvendo uma aeronave da Voepass, o piloto Danilo Romano fez um relat\u00f3rio detalhado sobre fogo no motor do avi\u00e3o cerca de um m\u00eas antes do acidente fatal. Danilo, que identificou o problema inicialmente atrav\u00e9s do relato de um comiss\u00e1rio de bordo, destacou a gravidade das condi\u00e7\u00f5es do equipamento.<\/p>\n<p>O relat\u00f3rio, enviado aos superiores do piloto, apontava a falta de um kit hidr\u00e1ulico essencial para o despacho seguro da aeronave. Seu comiss\u00e1rio, durante um voo, notou um cheiro estranho e, posteriormente, o pr\u00f3prio Danilo observou a h\u00e9lice girando com o motor em chamas. Esse epis\u00f3dio enfatiza a import\u00e2ncia de uma manuten\u00e7\u00e3o rigorosa para garantir a seguran\u00e7a dos passageiros e tripulantes.<\/p>\n<h2 class=\"wp-block-heading\">Relat\u00f3rio de seguran\u00e7a e condi\u00e7\u00f5es do avi\u00e3o<\/h2>\n<p>O documento elaborado por Danilo Romano detalhava que o comiss\u00e1rio viu fuma\u00e7a saindo \u201cda parte dianteira do motor\u201d. Esse fato, que n\u00e3o pode ser ignorado, revela a necessidade urgente de medidas preventivas em aeronaves comerciais.<\/p>\n<p>De acordo com informa\u00e7\u00f5es do portal Metr\u00f3poles, o relato de Danilo inclu\u00eda tamb\u00e9m a aus\u00eancia de um kit hidr\u00e1ulico indispens\u00e1vel para o correto funcionamento do avi\u00e3o. A falta dessa pe\u00e7a crucial pode ter contribu\u00eddo significativamente para o incidente relatado.<\/p>\n<h2 class=\"wp-block-heading\">O que aconteceu<\/h2>\n<p>A aeronave envolvida no acidente em Vinhedo, S\u00e3o Paulo, j\u00e1 havia demonstrado problemas mec\u00e2nicos previamente. Al\u00e9m do relato de Danilo, mensagens enviadas por uma funcion\u00e1ria da companhia indicavam que o pneu do avi\u00e3o havia estourado no pouso, um evento que, infelizmente, n\u00e3o foi registrado oficialmente.<\/p>\n<p>A neglig\u00eancia em registrar e agir sobre esses incidentes menores pode ter consequ\u00eancias graves, como vimos tragicamente no incidente fatal onde Danilo n\u00e3o estava escalado para operar o avi\u00e3o.<\/p>\n<h2 class=\"wp-block-heading\">Impacto do acidente na avia\u00e7\u00e3o<\/h2>\n<p>O acidente gerou um alerta sobre a import\u00e2ncia da manuten\u00e7\u00e3o preventiva e da documenta\u00e7\u00e3o adequada de problemas t\u00e9cnicos em aeronaves. Amigos de Danilo relataram que ele estava de folga e sobreaviso no dia do acidente, ressaltando o fato de que, mesmo n\u00e3o presente, ele havia identificado e comunicado a falha muito antes.<\/p>\n<p>Casos como este ressaltam a import\u00e2ncia da responsabilidade e da dilig\u00eancia na avia\u00e7\u00e3o. A trag\u00e9dia em Vinhedo n\u00e3o ser\u00e1 esquecida e serve como um lembrete sombrio da necessidade de medidas rigorosas de controle e seguran\u00e7a.<\/p>\n<h2 class=\"wp-block-heading\">Quest\u00f5es a considerar<\/h2>\n<ul class=\"wp-block-list\">\n<li>A import\u00e2ncia da documenta\u00e7\u00e3o de problemas t\u00e9cnicos.<\/li>\n<li>A manuten\u00e7\u00e3o regular e preventiva das aeronaves.<\/li>\n<li>A necessidade de a\u00e7\u00e3o imediata sobre qualquer irregularidade relatada.<\/li>\n<li>Seguran\u00e7a da tripula\u00e7\u00e3o e dos passageiros como prioridade m\u00e1xima.<\/li>\n<\/ul>\n<p>\u00a0Essas quest\u00f5es s\u00e3o cruciais para evitar futuros acidentes e garantir um transporte a\u00e9reo seguro para todos. A avia\u00e7\u00e3o \u00e9 um campo onde a seguran\u00e7a n\u00e3o pode ser comprometida, e a hist\u00f3ria de Danilo Romano reafirma essa realidade.<\/p>\n<\/p><\/div>\n<p><br \/>\n<br \/><a href=\"https:\/\/terrabrasilnoticias.com\/2024\/08\/piloto-que-morreu-na-tragedia-da-voepass-nao-ia-trabalhar-no-dia-do-acidente-e-havia-feito-relatorio-infomando-fogo-no-motor\/\">Source link <\/a><\/p>","protected":false},"excerpt":{"rendered":"<p>Foto: Reprodu\u00e7\u00e3o\/Facebook. Em um triste incidente envolvendo uma aeronave da Voepass, o piloto Danilo Romano fez um relat\u00f3rio detalhado sobre fogo no motor do avi\u00e3o cerca de um m\u00eas antes&hellip;<\/p>","protected":false},"author":1,"featured_media":22080,"comment_status":"closed","ping_status":"open","sticky":false,"template":"","format":"standard","meta":{"content-type":"","footnotes":""},"categories":[16],"tags":[],"class_list":["post-22079","post","type-post","status-publish","format-standard","has-post-thumbnail","hentry","category-noticias"],"_links":{"self":[{"href":"https:\/\/tvbrazilusa.com\/pt\/wp-json\/wp\/v2\/posts\/22079","targetHints":{"allow":["GET"]}}],"collection":[{"href":"https:\/\/tvbrazilusa.com\/pt\/wp-json\/wp\/v2\/posts"}],"about":[{"href":"https:\/\/tvbrazilusa.com\/pt\/wp-json\/wp\/v2\/types\/post"}],"author":[{"embeddable":true,"href":"https:\/\/tvbrazilusa.com\/pt\/wp-json\/wp\/v2\/users\/1"}],"replies":[{"embeddable":true,"href":"https:\/\/tvbrazilusa.com\/pt\/wp-json\/wp\/v2\/comments?post=22079"}],"version-history":[{"count":1,"href":"https:\/\/tvbrazilusa.com\/pt\/wp-json\/wp\/v2\/posts\/22079\/revisions"}],"predecessor-version":[{"id":22081,"href":"https:\/\/tvbrazilusa.com\/pt\/wp-json\/wp\/v2\/posts\/22079\/revisions\/22081"}],"wp:featuredmedia":[{"embeddable":true,"href":"https:\/\/tvbrazilusa.com\/pt\/wp-json\/wp\/v2\/media\/22080"}],"wp:attachment":[{"href":"https:\/\/tvbrazilusa.com\/pt\/wp-json\/wp\/v2\/media?parent=22079"}],"wp:term":[{"taxonomy":"category","embeddable":true,"href":"https:\/\/tvbrazilusa.com\/pt\/wp-json\/wp\/v2\/categories?post=22079"},{"taxonomy":"post_tag","embeddable":true,"href":"https:\/\/tvbrazilusa.com\/pt\/wp-json\/wp\/v2\/tags?post=22079"}],"curies":[{"name":"wp","href":"https:\/\/api.w.org\/{rel}","templated":true}]}}