{"id":22300,"date":"2024-08-11T23:13:21","date_gmt":"2024-08-11T23:13:21","guid":{"rendered":"https:\/\/tvbrazilusa.com\/2024\/08\/11\/condicoes-desumanas-na-prisao-de-plymouth-usada-pelo-ice-persistem-dizem-defensores\/"},"modified":"2024-08-11T23:24:56","modified_gmt":"2024-08-11T23:24:56","slug":"condicoes-desumanas-na-prisao-de-plymouth-usada-pelo-ice-persistem-dizem-defensores","status":"publish","type":"post","link":"https:\/\/tvbrazilusa.com\/pt\/2024\/08\/11\/condicoes-desumanas-na-prisao-de-plymouth-usada-pelo-ice-persistem-dizem-defensores\/","title":{"rendered":"Condi\u00e7\u00f5es &#39;desumanas&#39; na pris\u00e3o de Plymouth usada pelo ICE persistem, dizem defensores"},"content":{"rendered":"<p> <script async src=\"https:\/\/pagead2.googlesyndication.com\/pagead\/js\/adsbygoogle.js?client=ca-pub-8864793242727901\"\r\n     crossorigin=\"anonymous\"><\/script><br \/>\n<\/p>\n<div id=\"\">\n<header class=\"m-article-header m-article-header--standard\">\n\t\t\t\t\t\t\t\t\t\t\t\t<span id=\"article-header-primary-term\"><br \/>\n\t\t\t\t\t\t\t\t<a class=\"a-term a-term--primary\" href=\"https:\/\/www.boston.com\/tag\/politics\/\"><\/p>\n<p>\t\t\t\t\t\t\t\tPol\u00edtica\t\t\t\t\t\t\t\t<\/a><br \/>\n\t\t\t\t\t\t\t<\/span><\/p>\n<h2 class=\"m-article-header__sub-headline\">Os senadores Elizabeth Warren e Ed Markey questionaram o Departamento de Seguran\u00e7a Interna sobre seu contrato no Centro Correcional do Condado de Plymouth.<\/h2>\n<figure class=\"a-photo m-article-header__photo\"><figcaption class=\"a-photo__caption\">\n<p>\tOs senadores americanos Ed Markey e Elizabeth Warren realizam uma audi\u00eancia de subcomiss\u00e3o sobre a ascens\u00e3o dos cuidados de sa\u00fade com fins lucrativos, no Audit\u00f3rio Gardner da C\u00e2mara Estadual.<em> (Foto de Pat Greenhouse\/Equipe Globe)<\/em>\t<\/figcaption><\/figure>\n<\/header>\n<p>Os senadores Elizabeth Warren e Ed Markey est\u00e3o denunciando as &#8220;condi\u00e7\u00f5es desumanas&#8221; que, segundo os defensores, persistem na \u00fanica unidade correcional em Massachusetts que abriga pessoas detidas pelo Servi\u00e7o de Imigra\u00e7\u00e3o e Alf\u00e2ndega dos EUA. <\/p>\n<p>O Plymouth County Correctional Facility, administrado pelo Plymouth County Sheriff&#39;s Department, \u00e9 a \u00faltima instala\u00e7\u00e3o no estado contratada para deter pessoas para ICE \u2014 um contrato que expirou em 31 de julho. Contratos semelhantes foram encerrados anteriormente <a href=\"https:\/\/www.aclum.org\/en\/press-releases\/aclu-statement-biden-administration-terminating-bristol-county-ice-agreements\">em Bristol<\/a> e <a href=\"https:\/\/plsma.org\/franklin-county-shuts-ice-detention-center\/\">Franklin<\/a> condados em 2021. <\/p>\n<p>\u201cPedimos ao ICE que considere se a continua\u00e7\u00e3o do contrato \u00e9 apropriada e, se o contrato for renovado, que implemente prote\u00e7\u00f5es mais fortes para garantir que, no m\u00ednimo, as condi\u00e7\u00f5es da instala\u00e7\u00e3o estejam em conformidade com os padr\u00f5es de deten\u00e7\u00e3o estabelecidos e os direitos civis\u201d, escreveram os senadores em uma carta endere\u00e7ada a autoridades da Seguran\u00e7a Interna na quinta-feira.<\/p>\n<p>Apesar dos senadores <a href=\"https:\/\/www.markey.senate.gov\/imo\/media\/doc\/pccf_oversight_letter.pdf\">esfor\u00e7os em 2022<\/a> e um <a href=\"https:\/\/www.dhs.gov\/sites\/default\/files\/2023-08\/2022.09.29_CRCL%20Expert%20Rec%20Memo%20to%20ICE_Plymouth%20County_Redacted_508.pdf\">investiga\u00e7\u00e3o subsequente<\/a> Segundo o Escrit\u00f3rio de Direitos Civis e Liberdades Civis do Departamento de Seguran\u00e7a Interna, os defensores ainda relatam problemas, incluindo assist\u00eancia m\u00e9dica prec\u00e1ria, acesso limitado a servi\u00e7os de interpreta\u00e7\u00e3o de idiomas e uso de for\u00e7a e retalia\u00e7\u00e3o por parte dos policiais. <\/p>\n<p>\u201cNos dois anos desde que o CRCL divulgou suas conclus\u00f5es, as condi\u00e7\u00f5es prec\u00e1rias do PCCF persistiram, incluindo defici\u00eancias no atendimento m\u00e9dico, o uso punitivo de confinamento solit\u00e1rio e comunica\u00e7\u00e3o restrita com assessoria jur\u00eddica e familiares\u201d, escreveram Warren e Markey.<\/p>\n<p>Warren e Markey fizeram refer\u00eancia aos defensores <a href=\"https:\/\/harvardimmigrationclinic.org\/files\/2024\/08\/MA-AG-Complaint-Summer-2024_FINAL.pdf\">reclama\u00e7\u00e3o apresentada<\/a> ao escrit\u00f3rio de Campbell na \u00faltima quinta-feira, que descreveu diversas viola\u00e7\u00f5es de direitos civis na PCCF, incluindo desafios cont\u00ednuos de comunica\u00e7\u00e3o.<\/p>\n<p>O grupo de defensores, incluindo a Boston Immigration Justice Accompaniment Network e o programa Harvard Immigration and Refugee Clinical  <a href=\"https:\/\/harvardimmigrationclinic.org\/files\/2023\/03\/Massachusetts-Civil-Rights-Complaint-against-Plymouth-County-Correctional-Facility-3-9-23-2.pdf\">solicitou uma investiga\u00e7\u00e3o<\/a> na instala\u00e7\u00e3o em mar\u00e7o de 2023. Desde ent\u00e3o, o ICE expandiu a capacidade de deten\u00e7\u00e3o de Plymouth de 240 para 360 imigrantes, de acordo com a den\u00fancia, e continuou proibindo telefones para detidos.<\/p>\n<p>\u201cAo restringir o acesso ao telefone e tornar outras formas de comunica\u00e7\u00e3o proibitivamente caras, Plymouth ergue barreiras que sistematicamente privam os imigrantes do acesso a aconselhamento e do direito de buscar assist\u00eancia imigrat\u00f3ria\u201d, disse Tiffany Lieu, instrutora cl\u00ednica do HIRCP, em uma declara\u00e7\u00e3o.<\/p>\n<p>Os defensores tamb\u00e9m <a href=\"https:\/\/harvardimmigrationclinic.org\/files\/2024\/08\/Press-Release-8.8.24.pdf\">alegar<\/a> \u201cabuso frequente\u201d de confinamento solit\u00e1rio, falta de interpreta\u00e7\u00e3o de linguagem para necessidades m\u00e9dicas e legais, comida essencialmente crua e podre, aquecimento inadequado, instala\u00e7\u00f5es inacess\u00edveis para pessoas com defici\u00eancia e discrimina\u00e7\u00e3o religiosa e LGBTQ.<\/p>\n<p>O Gabinete do Procurador-Geral n\u00e3o retornou um pedido de coment\u00e1rio no domingo, mas, de acordo com o HIRC, o Gabinete do Procurador-Geral est\u00e1 revisando as condi\u00e7\u00f5es em Plymouth ap\u00f3s a reclama\u00e7\u00e3o de mar\u00e7o.<\/p>\n<p>Os senadores pediram ao DHS que informasse at\u00e9 22 de agosto se o contrato da PCCF ser\u00e1 renovado, medidas concretas para resolver os problemas identificados pela investiga\u00e7\u00e3o de 2022, descrevesse a pol\u00edtica da PCCF sobre o fornecimento de interpreta\u00e7\u00e3o de idiomas e muito mais. <\/p>\n<p>\u201cO DHS deve fazer mais para lidar com esses problemas se decidir renovar seu contrato com a PCCF\u201d, escreveram. \u201cO DHS tamb\u00e9m deve trabalhar com o Condado de Plymouth para garantir que a equipe correcional seja responsabilizada por abuso f\u00edsico e verbal, comportamento discriminat\u00f3rio e outras viola\u00e7\u00f5es graves de protocolos.\u201d<\/p>\n<p>O escrit\u00f3rio do ICE de Boston e o Departamento do Xerife do Condado de Plymouth n\u00e3o retornaram um pedido de coment\u00e1rio na noite de domingo.<\/p>\n<p>A carta dos senadores \u00e9 <a href=\"https:\/\/www.boston.com\/wp-content\/uploads\/2024\/08\/warren_markey_pccf_follow-up_letter-66b93e29c1c4f.pdf\">aqui<\/a> na \u00edntegra.<\/p>\n<div class=\"m-block m-generic-cta\t m-generic-cta--post-content\t m-generic-cta--dark\t m-generic-cta--homepage\t m-generic-cta--email-signup\t\t m-generic-cta-block-style--default \tt-amp__generic-cta\"><\/p>\n<div class=\"m-generic-cta__wrap\">\n<div class=\"m-generic-cta__content\">\n<h3 class=\"m-generic-cta__title\">Inscri\u00e7\u00e3o no boletim informativo<\/h3>\n<p class=\"m-generic-cta__subtitle\">Fique por dentro das \u00faltimas not\u00edcias do Boston.com<\/p>\n<\/p><\/div>\n<\/p><\/div>\n<\/div><\/div>\n<p><script>\n\t\tvar consent=\"grant\";\n\t\t\/* The above code is parsing the JSON data from the local storage and storing it in a variable. *\/\n\t\t\t\t\tconst onetrustStorageConsent = JSON.parse(localStorage.getItem( 'consent_one_trust_bdc' ) );\n\t\t\tif ( ( onetrustStorageConsent !== null ) ) {\n\t\t\t\t\/* Checking to see if the user has consented to the use of cookies.\n\t\t\t\t* If they have not, it is deleting the cookie.\n\t\t\t\t* This will comment for now, until further notice.\n\t\t\t\t*\/\n\t\t\t\t\/\/if ( onetrustStorageConsent.C0002 === false ) {\n\t\t\t\t\/\/\tdocument.cookie=\"_fbp=;expires=Thu, 01 Jan 2010 00:00:00 UTC; path=\/; domain=.boston.com\";\n\t\t\t\t\/\/}\n\t\t\t\t\/* Checking if the user has given consent for the cookie C0002.\n\t\t\t\t* If the user has given consent, the variable consent will be set to 'grant'.\n\t\t\t\t* If the user has not given consent,the variable consent will be set to 'revoke'.\n\t\t\t\t* Documentation https:\/\/developers.facebook.com\/docs\/meta-pixel\/implementation\/gdpr\n\t\t\t\t*\/\n\t\t\t\tif ( onetrustStorageConsent.C0002 !== true ) {\n\t\t\t\t\tconsent=\"revoke\";\n\t\t\t\t}\n\t\t\t}\n\t\t\t\t!function(f,b,e,v,n,t,s)\n\t\t{if(f.fbq)return;n=f.fbq=function(){n.callMethod?\n\t\tn.callMethod.apply(n,arguments):n.queue.push(arguments)};\n\t\tif(!f._fbq)f._fbq=n;n.push=n;n.loaded=!0;n.version='2.0';\n\t\tn.queue=[];t=b.createElement(e);t.async=!0;\n\t\tt.src=v;s=b.getElementsByTagName(e)[0];\n\t\ts.parentNode.insertBefore(t,s)}(window, document,'script',\n\t\t'https:\/\/connect.facebook.net\/en_US\/fbevents.js');\n\t\tfbq('consent', consent);\n\t\tfbq('init', '989222871864976');\n\t\tfbq('track', 'PageView');\n\t<\/script><script type=\"module\">\n\t\tvar consent=\"grant\";\n\t\t\/* The above code is parsing the JSON data from the local storage and storing it in a variable. *\/\n\t\t\tconst onetrustStorageConsent = JSON.parse(localStorage.getItem( 'consent_one_trust_bdc' ) );\n\t\t\t\/* Checking to see if the user has consented to the use of cookies.\n\t\t\t* If they have not, it is deleting the cookie.\n\t\t\t* This will comment for now, until further notice.\n\t\t\t*\/\n\t\t\t\/\/if ( onetrustStorageConsent.C0002 === false ) {\n\t\t\t\/\/\tdocument.cookie=\"_fbp=;expires=Thu, 01 Jan 2010 00:00:00 UTC; path=\/; domain=.boston.com\";\n\t\t\t\/\/}\n\t\t\t\/* Checking if the user has given consent for the cookie C0002.\n\t\t\t* If the user has given consent, the variable consent will be set to 'grant'.\n\t\t\t* If the user has not given consent,the variable consent will be set to 'revoke'.\n\t\t\t* Documentation https:\/\/developers.facebook.com\/docs\/meta-pixel\/implementation\/gdpr\n\t\t\t*\/\n\t\t\tif ( ( onetrustStorageConsent !== null ) && (onetrustStorageConsent.C0002 !== true ) ) {\n\t\t\t\tconsent=\"revoke\";\n\t\t\t}\n\t\t\t\t!function(f,b,e,v,n,t,s){if(f.fbq)return;n=f.fbq=function()\n\t\t{n.callMethod? n.callMethod.apply(n,arguments):n.queue.push(arguments)}\n\t\t;if(!f._fbq)f._fbq=n;\n\t\tn.push=n;n.loaded=!0;n.version='2.0';n.queue=[];t=b.createElement(e);t.async=!0;\n\t\tt.src=v;s=b.getElementsByTagName(e)[0];s.parentNode.insertBefore(t,s)}(window,\n\t\tdocument,'script','https:\/\/connect.facebook.net\/en_US\/fbevents.js');\n\t\tfbq('consent', consent);\n\t\tfbq('init', '813236348753005');\n\t\tfbq('track', \"PageView\");\n\t<\/script><br \/>\n<br \/><br \/>\n<br \/><a href=\"https:\/\/www.boston.com\/news\/politics\/2024\/08\/11\/inhumane-conditions-at-plymouth-jail-used-by-ice-persist-advocates-say\/\">Source link <\/a><\/p>","protected":false},"excerpt":{"rendered":"<p>Pol\u00edtica Os senadores Elizabeth Warren e Ed Markey questionaram o Departamento de Seguran\u00e7a Interna sobre seu contrato no Centro Correcional do Condado de Plymouth. Os senadores americanos Ed Markey e&hellip;<\/p>","protected":false},"author":1,"featured_media":22301,"comment_status":"closed","ping_status":"open","sticky":false,"template":"","format":"standard","meta":{"content-type":"","footnotes":""},"categories":[1],"tags":[],"class_list":["post-22300","post","type-post","status-publish","format-standard","has-post-thumbnail","hentry","category-uncategorized"],"_links":{"self":[{"href":"https:\/\/tvbrazilusa.com\/pt\/wp-json\/wp\/v2\/posts\/22300","targetHints":{"allow":["GET"]}}],"collection":[{"href":"https:\/\/tvbrazilusa.com\/pt\/wp-json\/wp\/v2\/posts"}],"about":[{"href":"https:\/\/tvbrazilusa.com\/pt\/wp-json\/wp\/v2\/types\/post"}],"author":[{"embeddable":true,"href":"https:\/\/tvbrazilusa.com\/pt\/wp-json\/wp\/v2\/users\/1"}],"replies":[{"embeddable":true,"href":"https:\/\/tvbrazilusa.com\/pt\/wp-json\/wp\/v2\/comments?post=22300"}],"version-history":[{"count":1,"href":"https:\/\/tvbrazilusa.com\/pt\/wp-json\/wp\/v2\/posts\/22300\/revisions"}],"predecessor-version":[{"id":22302,"href":"https:\/\/tvbrazilusa.com\/pt\/wp-json\/wp\/v2\/posts\/22300\/revisions\/22302"}],"wp:featuredmedia":[{"embeddable":true,"href":"https:\/\/tvbrazilusa.com\/pt\/wp-json\/wp\/v2\/media\/22301"}],"wp:attachment":[{"href":"https:\/\/tvbrazilusa.com\/pt\/wp-json\/wp\/v2\/media?parent=22300"}],"wp:term":[{"taxonomy":"category","embeddable":true,"href":"https:\/\/tvbrazilusa.com\/pt\/wp-json\/wp\/v2\/categories?post=22300"},{"taxonomy":"post_tag","embeddable":true,"href":"https:\/\/tvbrazilusa.com\/pt\/wp-json\/wp\/v2\/tags?post=22300"}],"curies":[{"name":"wp","href":"https:\/\/api.w.org\/{rel}","templated":true}]}}