{"id":22360,"date":"2024-08-12T01:23:14","date_gmt":"2024-08-12T01:23:14","guid":{"rendered":"https:\/\/tvbrazilusa.com\/2024\/08\/12\/artigo-a-repressao-orwelliana-a-liberdade-de-expressao-no-reino-unido-pode-estar-chegando-ate-nos-paulo-figueiredo\/"},"modified":"2024-08-12T01:31:29","modified_gmt":"2024-08-12T01:31:29","slug":"artigo-a-repressao-orwelliana-a-liberdade-de-expressao-no-reino-unido-pode-estar-chegando-ate-nos-paulo-figueiredo","status":"publish","type":"post","link":"https:\/\/tvbrazilusa.com\/pt\/2024\/08\/12\/artigo-a-repressao-orwelliana-a-liberdade-de-expressao-no-reino-unido-pode-estar-chegando-ate-nos-paulo-figueiredo\/","title":{"rendered":"Artigo &#8211; A Repress\u00e3o Orwelliana \u00e0 Liberdade de Express\u00e3o no Reino Unido Pode Estar Chegando At\u00e9 N\u00f3s &#8211; Paulo Figueiredo"},"content":{"rendered":"<p> <script async src=\"https:\/\/pagead2.googlesyndication.com\/pagead\/js\/adsbygoogle.js?client=ca-pub-8864793242727901\"\r\n     crossorigin=\"anonymous\"><\/script><br \/>\n<\/p>\n<div id=\"wtr-content\" data-bg=\"#FFFFFF\" data-fg=\"#006d91\" data-width=\"25\" data-mute=\"1\" data-fgopacity=\"1.00\" data-mutedopacity=\"0.5\" data-placement=\"bottom\" data-placement-offset=\"0\" data-content-offset=\"262\" data-placement-touch=\"bottom\" data-placement-offset-touch=\"0\" data-transparent=\"\" data-shadow=\"0\" data-touch=\"1\" data-non-touch=\"1\" data-comments=\"0\" data-commentsbg=\"transparent\" data-location=\"page\" data-mutedfg=\"#006d91\" data-endfg=\"#006d91\" data-rtl=\"\">\n<pre class=\"wp-block-preformatted has-small-font-size\">Foto - imagem GPT<\/pre>\n<p><strong>Por\u00a0Matt Walsh<\/strong><\/p>\n<p>Quando v\u00e1rias crian\u00e7as foram esfaqueadas at\u00e9 a morte enquanto participavam de uma aula de dan\u00e7a com tema de Taylor Swift no Reino Unido no final do m\u00eas passado, pol\u00edticos e ve\u00edculos de m\u00eddia brit\u00e2nicos rapidamente se esfor\u00e7aram para se eximir de qualquer responsabilidade.<\/p>\n<\/div>\n<p><br \/>\n<br \/><a href=\"https:\/\/paulofigueiredoshow.com\/artigo-a-repressao-orwelliana-a-liberdade-de-expressao-no-reino-unido-pode-estar-chegando-ate-nos\/\">Source link <\/a><\/p>","protected":false},"excerpt":{"rendered":"<p>Foto &#8211; imagem GPT Por\u00a0Matt Walsh Quando v\u00e1rias crian\u00e7as foram esfaqueadas at\u00e9 a morte enquanto participavam de uma aula de dan\u00e7a com tema de Taylor Swift no Reino Unido no&hellip;<\/p>","protected":false},"author":1,"featured_media":22361,"comment_status":"closed","ping_status":"open","sticky":false,"template":"","format":"standard","meta":{"content-type":"","footnotes":""},"categories":[16],"tags":[10664,5314,495,10665,592,8618,10181,9189,8344,8943],"class_list":["post-22360","post","type-post","status-publish","format-standard","has-post-thumbnail","hentry","category-noticias","tag-britanico","tag-canada","tag-censura","tag-coreia-do-norte","tag-eua","tag-plataformas","tag-redes-sociais","tag-repressao","tag-tim-walz","tag-uk"],"_links":{"self":[{"href":"https:\/\/tvbrazilusa.com\/pt\/wp-json\/wp\/v2\/posts\/22360","targetHints":{"allow":["GET"]}}],"collection":[{"href":"https:\/\/tvbrazilusa.com\/pt\/wp-json\/wp\/v2\/posts"}],"about":[{"href":"https:\/\/tvbrazilusa.com\/pt\/wp-json\/wp\/v2\/types\/post"}],"author":[{"embeddable":true,"href":"https:\/\/tvbrazilusa.com\/pt\/wp-json\/wp\/v2\/users\/1"}],"replies":[{"embeddable":true,"href":"https:\/\/tvbrazilusa.com\/pt\/wp-json\/wp\/v2\/comments?post=22360"}],"version-history":[{"count":1,"href":"https:\/\/tvbrazilusa.com\/pt\/wp-json\/wp\/v2\/posts\/22360\/revisions"}],"predecessor-version":[{"id":22362,"href":"https:\/\/tvbrazilusa.com\/pt\/wp-json\/wp\/v2\/posts\/22360\/revisions\/22362"}],"wp:featuredmedia":[{"embeddable":true,"href":"https:\/\/tvbrazilusa.com\/pt\/wp-json\/wp\/v2\/media\/22361"}],"wp:attachment":[{"href":"https:\/\/tvbrazilusa.com\/pt\/wp-json\/wp\/v2\/media?parent=22360"}],"wp:term":[{"taxonomy":"category","embeddable":true,"href":"https:\/\/tvbrazilusa.com\/pt\/wp-json\/wp\/v2\/categories?post=22360"},{"taxonomy":"post_tag","embeddable":true,"href":"https:\/\/tvbrazilusa.com\/pt\/wp-json\/wp\/v2\/tags?post=22360"}],"curies":[{"name":"wp","href":"https:\/\/api.w.org\/{rel}","templated":true}]}}