{"id":22363,"date":"2024-08-12T01:29:09","date_gmt":"2024-08-12T01:29:09","guid":{"rendered":"https:\/\/tvbrazilusa.com\/2024\/08\/12\/clairo-nativa-de-massachusetts-estreia-videoclipe-gravado-em-worcester\/"},"modified":"2024-08-12T01:36:56","modified_gmt":"2024-08-12T01:36:56","slug":"clairo-nativa-de-massachusetts-estreia-videoclipe-gravado-em-worcester","status":"publish","type":"post","link":"https:\/\/tvbrazilusa.com\/pt\/2024\/08\/12\/clairo-nativa-de-massachusetts-estreia-videoclipe-gravado-em-worcester\/","title":{"rendered":"Clairo, nativa de Massachusetts, estreia videoclipe gravado em Worcester"},"content":{"rendered":"<p> <script async src=\"https:\/\/pagead2.googlesyndication.com\/pagead\/js\/adsbygoogle.js?client=ca-pub-8864793242727901\"\r\n     crossorigin=\"anonymous\"><\/script><br \/>\n<\/p>\n<div id=\"\">\n<header class=\"m-article-header m-article-header--standard\">\n\t\t\t\t\t\t\t\t\t\t\t\t<span id=\"article-header-primary-term\"><br \/>\n\t\t\t\t\t\t\t\t<a class=\"a-term a-term--primary\" href=\"https:\/\/www.boston.com\/tag\/music\/\"><\/p>\n<p>\t\t\t\t\t\t\t\tM\u00fasica\t\t\t\t\t\t\t\t<\/a><br \/>\n\t\t\t\t\t\t\t<\/span><\/p>\n<h2 class=\"m-article-header__sub-headline\">O v\u00eddeo de &#8220;Juna&#8221; foi gravado no Wrestling Open no White Eagle em Worcester.<\/h2>\n<figure class=\"a-photo m-article-header__photo\"><figcaption class=\"a-photo__caption\">\n<p>\tEsta imagem da capa mostra o lan\u00e7amento independente &#8220;Charm&#8221; de Clairo. (Clairo via AP)<em> <\/em>\t<\/figcaption><\/figure>\n<\/header>\n<p>A cantora indie pop Clairo n\u00e3o est\u00e1 esperando por ela <a href=\"https:\/\/www.boston.com\/news\/music\/2024\/07\/17\/mass-native-clairo-announces-boston-tour-dates\/\">Concertos de outubro em Boston<\/a> para homenagear suas ra\u00edzes em Massachusetts.<\/p>\n<p>A nativa de Carlisle filmou seu mais novo videoclipe para sua faixa \u201cJuna\u201d em uma luta livre em Worcester. <\/p>\n<p>O videoclipe, seu primeiro em cinco anos, foi filmado durante o show Wrestling Open no White Eagle em Worcester. \u201cJuna\u201d \u00e9 o \u00faltimo single de seu novo \u00e1lbum, <em><a href=\"https:\/\/www.boston.com\/culture\/music\/2024\/07\/11\/mass-native-clairo-to-release-third-studio-album-at-midnight\/\">Charme<\/a>.<\/em><\/p>\n<p>\u201cFoi um dia muito, muito gratificante no geral\u201d, disse Ryan Clancy, um lutador que aparece no v\u00eddeo, sobre as filmagens. \u201cFoi definitivamente uma experi\u00eancia nova e estou muito grato.\u201d<\/p>\n<p>No v\u00eddeo, a cantora faz uma visita a uma luta de wrestling. Enquanto ela est\u00e1 sozinha no ringue, ela observa os lutadores pularem, pularem, ca\u00edrem e, sim, darem socos uns nos outros. Clancy disse que Clairo (cujo nome verdadeiro \u00e9 Claire Cotrill) passou algum tempo quando as c\u00e2meras n\u00e3o estavam gravando verificando o set.<\/p>\n<p>\u201cEla estava no ringue, e ela estava fazendo muito do que muitas pessoas que n\u00e3o est\u00e3o familiarizadas com o nosso neg\u00f3cio fazem, que \u00e9 verificar as cordas\u201d, ele disse. \u201cEles percebem que as cordas s\u00e3o cordas de verdade, e o ringue n\u00e3o \u00e9 macio.\u201d<\/p>\n<p>Mais adiante no v\u00eddeo, verdadeiros patrocinadores do Open assistem \u00e0s lutas. Clairo se junta a eles, ta\u00e7a de vinho na m\u00e3o e ostentando uma camisa nova. A camisa? Produtos do pr\u00f3prio Clancy.<\/p>\n<p>\u201cEssa foi a escolha dela\u201d, ele disse. \u201cNa verdade, foi uma surpresa para mim que ela estivesse usando minha camiseta. Alguns dos outros lutadores me fizeram perceber isso. Eu n\u00e3o tinha ideia de como ela estava usando minha camiseta, ent\u00e3o achei isso muito legal.\u201d<\/p>\n<p>Ele decidiu doar todos os lucros da camisa que ela usou no v\u00eddeo para a American Foundation for Suicide Prevention. \u201cEu acho apropriado que eu possa simplesmente doar tudo para outras pessoas que provavelmente fazem mais do que eu, para ajudar a aumentar a conscientiza\u00e7\u00e3o sobre algo que eu acho muito, muito importante.\u201d Clancy disse. <\/p>\n<blockquote class=\"instagram-media\" data-instgrm-captioned=\"\" data-instgrm-permalink=\"https:\/\/www.instagram.com\/p\/C-SokOJugg3\/?utm_source=ig_embed&#038;utm_campaign=loading\" data-instgrm-version=\"14\" style=\" background:#FFF; border:0; border-radius:3px; box-shadow:0 0 1px 0 rgba(0,0,0,0.5),0 1px 10px 0 rgba(0,0,0,0.15); margin: 1px; max-width:540px; min-width:326px; padding:0; width:99.375%; width:-webkit-calc(100% - 2px); width:calc(100% - 2px);\"\/>\n<p>Coincidentemente, Clairo tem sido uma defensora da sa\u00fade mental e da preven\u00e7\u00e3o do suic\u00eddio por meio de sua m\u00fasica. Clancy disse que n\u00e3o tinha ideia sobre a defesa de Clairo.<\/p>\n<p>\u201c\u00c9 engra\u00e7ado como essas coisas funcionam\u201d, disse ele. <\/p>\n<p>Em um trecho not\u00e1vel de Juna, Clairo faz barulhos de trompete com a boca. Perto do final do v\u00eddeo, a c\u00e2mera se move para o p\u00fablico na partida. Eles est\u00e3o todos, no ritmo da m\u00fasica, fazendo barulhos de trompete com a boca. Alguns imitam tocar trompete. <\/p>\n<p>A pen\u00faltima cena do v\u00eddeo mostra Clancy pulando das cordas e aterrissando no ringue. Sua maior li\u00e7\u00e3o da filmagem n\u00e3o foi a publicidade, ou uma estrela em ascens\u00e3o no mundo da m\u00fasica usando seus produtos, ele disse. Foram os la\u00e7os que ele conseguiu formar.<\/p>\n<p>\u201cEstou muito, muito grato, e como todos os outros lutadores, tenho certeza que tamb\u00e9m est\u00e3o, pela experi\u00eancia que ela nos proporcionou\u201d, ele disse. \u201cPorque, voc\u00ea sabe, ela fez isso por n\u00f3s.\u201d<\/p>\n<p>O v\u00eddeo termina com Clairo cercada por todos os outros lutadores enquanto eles fazem poses. O cintur\u00e3o do campeonato repousa sobre seus ombros. <\/p>\n<p><iframe title=\"Clairo - Juna (Official Video)\" width=\"1170\" height=\"658\" src=\"https:\/\/www.youtube.com\/embed\/TsxAVFQkXQ8?feature=oembed\" frameborder=\"0\" allow=\"accelerometer; autoplay; clipboard-write; encrypted-media; gyroscope; picture-in-picture; web-share\" referrerpolicy=\"strict-origin-when-cross-origin\" allowfullscreen><\/iframe><\/p>\n<div class=\"m-block m-generic-cta\t m-generic-cta--post-content\t m-generic-cta--dark\t m-generic-cta--homepage\t m-generic-cta--email-signup\t\t m-generic-cta-block-style--default \tt-amp__generic-cta\"><\/p>\n<div class=\"m-generic-cta__wrap\">\n<div class=\"m-generic-cta__content\">\n<h3 class=\"m-generic-cta__title\">Inscri\u00e7\u00e3o no boletim informativo<\/h3>\n<p class=\"m-generic-cta__subtitle\">Fique por dentro das \u00faltimas not\u00edcias do Boston.com<\/p>\n<\/p><\/div>\n<\/p><\/div>\n<\/div><\/div>\n<p><script>\n\t\tvar consent=\"grant\";\n\t\t\/* The above code is parsing the JSON data from the local storage and storing it in a variable. *\/\n\t\t\t\t\tconst onetrustStorageConsent = JSON.parse(localStorage.getItem( 'consent_one_trust_bdc' ) );\n\t\t\tif ( ( onetrustStorageConsent !== null ) ) {\n\t\t\t\t\/* Checking to see if the user has consented to the use of cookies.\n\t\t\t\t* If they have not, it is deleting the cookie.\n\t\t\t\t* This will comment for now, until further notice.\n\t\t\t\t*\/\n\t\t\t\t\/\/if ( onetrustStorageConsent.C0002 === false ) {\n\t\t\t\t\/\/\tdocument.cookie=\"_fbp=;expires=Thu, 01 Jan 2010 00:00:00 UTC; path=\/; domain=.boston.com\";\n\t\t\t\t\/\/}\n\t\t\t\t\/* Checking if the user has given consent for the cookie C0002.\n\t\t\t\t* If the user has given consent, the variable consent will be set to 'grant'.\n\t\t\t\t* If the user has not given consent,the variable consent will be set to 'revoke'.\n\t\t\t\t* Documentation https:\/\/developers.facebook.com\/docs\/meta-pixel\/implementation\/gdpr\n\t\t\t\t*\/\n\t\t\t\tif ( onetrustStorageConsent.C0002 !== true ) {\n\t\t\t\t\tconsent=\"revoke\";\n\t\t\t\t}\n\t\t\t}\n\t\t\t\t!function(f,b,e,v,n,t,s)\n\t\t{if(f.fbq)return;n=f.fbq=function(){n.callMethod?\n\t\tn.callMethod.apply(n,arguments):n.queue.push(arguments)};\n\t\tif(!f._fbq)f._fbq=n;n.push=n;n.loaded=!0;n.version='2.0';\n\t\tn.queue=[];t=b.createElement(e);t.async=!0;\n\t\tt.src=v;s=b.getElementsByTagName(e)[0];\n\t\ts.parentNode.insertBefore(t,s)}(window, document,'script',\n\t\t'https:\/\/connect.facebook.net\/en_US\/fbevents.js');\n\t\tfbq('consent', consent);\n\t\tfbq('init', '989222871864976');\n\t\tfbq('track', 'PageView');\n\t<\/script><script type=\"module\">\n\t\tvar consent=\"grant\";\n\t\t\/* The above code is parsing the JSON data from the local storage and storing it in a variable. *\/\n\t\t\tconst onetrustStorageConsent = JSON.parse(localStorage.getItem( 'consent_one_trust_bdc' ) );\n\t\t\t\/* Checking to see if the user has consented to the use of cookies.\n\t\t\t* If they have not, it is deleting the cookie.\n\t\t\t* This will comment for now, until further notice.\n\t\t\t*\/\n\t\t\t\/\/if ( onetrustStorageConsent.C0002 === false ) {\n\t\t\t\/\/\tdocument.cookie=\"_fbp=;expires=Thu, 01 Jan 2010 00:00:00 UTC; path=\/; domain=.boston.com\";\n\t\t\t\/\/}\n\t\t\t\/* Checking if the user has given consent for the cookie C0002.\n\t\t\t* If the user has given consent, the variable consent will be set to 'grant'.\n\t\t\t* If the user has not given consent,the variable consent will be set to 'revoke'.\n\t\t\t* Documentation https:\/\/developers.facebook.com\/docs\/meta-pixel\/implementation\/gdpr\n\t\t\t*\/\n\t\t\tif ( ( onetrustStorageConsent !== null ) && (onetrustStorageConsent.C0002 !== true ) ) {\n\t\t\t\tconsent=\"revoke\";\n\t\t\t}\n\t\t\t\t!function(f,b,e,v,n,t,s){if(f.fbq)return;n=f.fbq=function()\n\t\t{n.callMethod? n.callMethod.apply(n,arguments):n.queue.push(arguments)}\n\t\t;if(!f._fbq)f._fbq=n;\n\t\tn.push=n;n.loaded=!0;n.version='2.0';n.queue=[];t=b.createElement(e);t.async=!0;\n\t\tt.src=v;s=b.getElementsByTagName(e)[0];s.parentNode.insertBefore(t,s)}(window,\n\t\tdocument,'script','https:\/\/connect.facebook.net\/en_US\/fbevents.js');\n\t\tfbq('consent', consent);\n\t\tfbq('init', '813236348753005');\n\t\tfbq('track', \"PageView\");\n\t<\/script><script async src=\"\/\/www.instagram.com\/embed.js\"><\/script><br \/>\n<br \/><br \/>\n<br \/><a href=\"https:\/\/www.boston.com\/culture\/music\/2024\/08\/11\/mass-native-clairo-premieres-music-video-shot-in-worcester\/\">Source link <\/a><\/p>","protected":false},"excerpt":{"rendered":"<p>M\u00fasica O v\u00eddeo de &#8220;Juna&#8221; foi gravado no Wrestling Open no White Eagle em Worcester. Esta imagem da capa mostra o lan\u00e7amento independente &#8220;Charm&#8221; de Clairo. (Clairo via AP) A&hellip;<\/p>","protected":false},"author":1,"featured_media":22364,"comment_status":"closed","ping_status":"open","sticky":false,"template":"","format":"standard","meta":{"content-type":"","footnotes":""},"categories":[1],"tags":[],"class_list":["post-22363","post","type-post","status-publish","format-standard","has-post-thumbnail","hentry","category-uncategorized"],"_links":{"self":[{"href":"https:\/\/tvbrazilusa.com\/pt\/wp-json\/wp\/v2\/posts\/22363","targetHints":{"allow":["GET"]}}],"collection":[{"href":"https:\/\/tvbrazilusa.com\/pt\/wp-json\/wp\/v2\/posts"}],"about":[{"href":"https:\/\/tvbrazilusa.com\/pt\/wp-json\/wp\/v2\/types\/post"}],"author":[{"embeddable":true,"href":"https:\/\/tvbrazilusa.com\/pt\/wp-json\/wp\/v2\/users\/1"}],"replies":[{"embeddable":true,"href":"https:\/\/tvbrazilusa.com\/pt\/wp-json\/wp\/v2\/comments?post=22363"}],"version-history":[{"count":1,"href":"https:\/\/tvbrazilusa.com\/pt\/wp-json\/wp\/v2\/posts\/22363\/revisions"}],"predecessor-version":[{"id":22365,"href":"https:\/\/tvbrazilusa.com\/pt\/wp-json\/wp\/v2\/posts\/22363\/revisions\/22365"}],"wp:featuredmedia":[{"embeddable":true,"href":"https:\/\/tvbrazilusa.com\/pt\/wp-json\/wp\/v2\/media\/22364"}],"wp:attachment":[{"href":"https:\/\/tvbrazilusa.com\/pt\/wp-json\/wp\/v2\/media?parent=22363"}],"wp:term":[{"taxonomy":"category","embeddable":true,"href":"https:\/\/tvbrazilusa.com\/pt\/wp-json\/wp\/v2\/categories?post=22363"},{"taxonomy":"post_tag","embeddable":true,"href":"https:\/\/tvbrazilusa.com\/pt\/wp-json\/wp\/v2\/tags?post=22363"}],"curies":[{"name":"wp","href":"https:\/\/api.w.org\/{rel}","templated":true}]}}