{"id":22366,"date":"2024-08-12T01:26:15","date_gmt":"2024-08-12T01:26:15","guid":{"rendered":"https:\/\/tvbrazilusa.com\/2024\/08\/12\/familias-celebram-o-dia-da-independencia-da-india-no-bushnell-park\/"},"modified":"2024-08-12T01:38:07","modified_gmt":"2024-08-12T01:38:07","slug":"familias-celebram-o-dia-da-independencia-da-india-no-bushnell-park","status":"publish","type":"post","link":"https:\/\/tvbrazilusa.com\/pt\/2024\/08\/12\/familias-celebram-o-dia-da-independencia-da-india-no-bushnell-park\/","title":{"rendered":"Fam\u00edlias celebram o Dia da Independ\u00eancia da \u00cdndia no Bushnell Park"},"content":{"rendered":"<script async src=\"https:\/\/pagead2.googlesyndication.com\/pagead\/js\/adsbygoogle.js?client=ca-pub-8864793242727901\"\r\n     crossorigin=\"anonymous\"><\/script>\n<p>HARTFORD, Connecticut (WTNH) \u2013 A Associa\u00e7\u00e3o Indiana de Connecticut Central organizou uma celebra\u00e7\u00e3o do Dia da Independ\u00eancia da \u00cdndia no Bushnell Park na manh\u00e3 de domingo. <\/p>\n<p>Crian\u00e7as e adolescentes estavam vestidos com roupas tradicionais, trazendo cor e brilho ao parque. Fam\u00edlias celebraram o dia hist\u00f3rico com m\u00fasica, performances, can\u00e7\u00f5es e dan\u00e7a. O Dia da Independ\u00eancia da \u00cdndia \u00e9 quinta-feira, 15 de agosto. <\/p>\n<p>&#8220;\u00c9 um dia de celebra\u00e7\u00e3o, um dia de felicidade e um dia de gratid\u00e3o&#8221;, disse Dhilan Shah, presidente da India Association of Central Connecticut. &#8220;Assim como somos gratos aos EUA por viverem aqui, tamb\u00e9m nos lembramos de nossas ra\u00edzes e celebramos nossa independ\u00eancia dos brit\u00e2nicos.&#8221; <\/p>\n<p>O dom\u00ednio brit\u00e2nico sobre a \u00cdndia terminou em 1947 ap\u00f3s anos de protestos e resist\u00eancia. As crian\u00e7as fizeram apresenta\u00e7\u00f5es e terminaram com a frase &#8220;jai hind&#8221;, um slogan nacional que surgiu quando a \u00cdndia lutava pela independ\u00eancia. <\/p>\n<p>&#8220;O Dia da Independ\u00eancia significa muito para n\u00f3s, n\u00e3o apenas ter a liberdade de falar e fazer o que voc\u00ea quer, mas tamb\u00e9m h\u00e1 um sentimento do seu pr\u00f3prio cora\u00e7\u00e3o de que voc\u00ea n\u00e3o precisa ser oprimido&#8221;, disse Vilas Shah, um membro da associa\u00e7\u00e3o. &#8220;E voc\u00ea tem a liberdade de fazer o que deveria estar fazendo.&#8221;<\/p>\n<p>A India Association of Central Connecticut existe h\u00e1 55 anos. Os organizadores disseram que a popula\u00e7\u00e3o indiana em Connecticut cresceu ao longo dos anos e eles realizam eventos como este para os jovens se lembrarem da hist\u00f3ria de sua na\u00e7\u00e3o. <\/p>\n<p><br \/>\n<br \/><a href=\"https:\/\/www.wtnh.com\/news\/connecticut\/hartford\/families-celebrate-indias-independence-day-in-bushnell-park\/\">Source link <\/a><\/p>","protected":false},"excerpt":{"rendered":"<p>HARTFORD, Connecticut (WTNH) \u2013 A Associa\u00e7\u00e3o Indiana de Connecticut Central organizou uma celebra\u00e7\u00e3o do Dia da Independ\u00eancia da \u00cdndia no Bushnell Park na manh\u00e3 de domingo. Crian\u00e7as e adolescentes estavam&hellip;<\/p>","protected":false},"author":1,"featured_media":22367,"comment_status":"closed","ping_status":"open","sticky":false,"template":"","format":"standard","meta":{"content-type":"","footnotes":""},"categories":[1],"tags":[],"class_list":["post-22366","post","type-post","status-publish","format-standard","has-post-thumbnail","hentry","category-uncategorized"],"_links":{"self":[{"href":"https:\/\/tvbrazilusa.com\/pt\/wp-json\/wp\/v2\/posts\/22366","targetHints":{"allow":["GET"]}}],"collection":[{"href":"https:\/\/tvbrazilusa.com\/pt\/wp-json\/wp\/v2\/posts"}],"about":[{"href":"https:\/\/tvbrazilusa.com\/pt\/wp-json\/wp\/v2\/types\/post"}],"author":[{"embeddable":true,"href":"https:\/\/tvbrazilusa.com\/pt\/wp-json\/wp\/v2\/users\/1"}],"replies":[{"embeddable":true,"href":"https:\/\/tvbrazilusa.com\/pt\/wp-json\/wp\/v2\/comments?post=22366"}],"version-history":[{"count":1,"href":"https:\/\/tvbrazilusa.com\/pt\/wp-json\/wp\/v2\/posts\/22366\/revisions"}],"predecessor-version":[{"id":22368,"href":"https:\/\/tvbrazilusa.com\/pt\/wp-json\/wp\/v2\/posts\/22366\/revisions\/22368"}],"wp:featuredmedia":[{"embeddable":true,"href":"https:\/\/tvbrazilusa.com\/pt\/wp-json\/wp\/v2\/media\/22367"}],"wp:attachment":[{"href":"https:\/\/tvbrazilusa.com\/pt\/wp-json\/wp\/v2\/media?parent=22366"}],"wp:term":[{"taxonomy":"category","embeddable":true,"href":"https:\/\/tvbrazilusa.com\/pt\/wp-json\/wp\/v2\/categories?post=22366"},{"taxonomy":"post_tag","embeddable":true,"href":"https:\/\/tvbrazilusa.com\/pt\/wp-json\/wp\/v2\/tags?post=22366"}],"curies":[{"name":"wp","href":"https:\/\/api.w.org\/{rel}","templated":true}]}}