{"id":22372,"date":"2024-08-12T01:41:45","date_gmt":"2024-08-12T01:41:45","guid":{"rendered":"https:\/\/tvbrazilusa.com\/2024\/08\/12\/o-que-saber-sobre-a-convencao-nacional-democrata\/"},"modified":"2024-08-12T01:48:33","modified_gmt":"2024-08-12T01:48:33","slug":"o-que-saber-sobre-a-convencao-nacional-democrata","status":"publish","type":"post","link":"https:\/\/tvbrazilusa.com\/pt\/2024\/08\/12\/o-que-saber-sobre-a-convencao-nacional-democrata\/","title":{"rendered":"O que saber sobre a Conven\u00e7\u00e3o Nacional Democrata"},"content":{"rendered":"<p> <script async src=\"https:\/\/pagead2.googlesyndication.com\/pagead\/js\/adsbygoogle.js?client=ca-pub-8864793242727901\"\r\n     crossorigin=\"anonymous\"><\/script><br \/>\n<\/p>\n<div id=\"\">\n<header class=\"m-article-header m-article-header--standard\">\n\t\t\t\t\t\t\t\t\t\t\t\t<span id=\"article-header-primary-term\"><br \/>\n\t\t\t\t\t\t\t\t<a class=\"a-term a-term--primary\" href=\"https:\/\/www.boston.com\/tag\/politics\/\"><\/p>\n<p>\t\t\t\t\t\t\t\tPol\u00edtica\t\t\t\t\t\t\t\t<\/a><br \/>\n\t\t\t\t\t\t\t<\/span><\/p>\n<h2 class=\"m-article-header__sub-headline\">A Conven\u00e7\u00e3o Nacional Democrata est\u00e1 quase chegando, seguindo a conven\u00e7\u00e3o Republicana no m\u00eas passado. Quando terminar, ser\u00e1 uma corrida de 75 dias at\u00e9 o Dia da Elei\u00e7\u00e3o.<\/h2>\n<figure class=\"a-photo m-article-header__photo\"><figcaption class=\"a-photo__caption\">\n<p>\tA candidata presidencial democrata, vice-presidente Kamala Harris, e seu companheiro de chapa, o governador de Minnesota, Tim Walz, chegam a um com\u00edcio de campanha na Filad\u00e9lfia, ter\u00e7a-feira, 6 de agosto de 2024.<em> Foto AP\/Matt Rourke<\/em>\t<\/figcaption><\/figure>\n<div class=\"m-article-header__meta\">\n<div class=\"m-article-header__byline\">\n<p class=\"m-article-header__author\">\n<p>\t\t\t\t\t\t\t\tPor Maggie Astor, New York Times Service\t\t\t\t\t\t\t<\/p>\n<p>\t\t\t\t\t\t    \t\t\t\t\t\t\t<time class=\"m-article-header__date\"><\/p>\n<p>        \t\t\t\t\t\t\t11 de agosto de 2024    \t\t\t\t\t\t\t<\/time><\/p><\/div>\n<\/p><\/div>\n<\/header>\n<p>A Conven\u00e7\u00e3o Nacional Democrata est\u00e1 quase chegando, seguindo a conven\u00e7\u00e3o Republicana no m\u00eas passado. Quando terminar, ser\u00e1 uma corrida de 75 dias at\u00e9 o Dia da Elei\u00e7\u00e3o.<\/p>\n<p>Aqui est\u00e1 o que voc\u00ea precisa saber sobre a conven\u00e7\u00e3o.<\/p>\n<h2 class=\"wp-block-heading\" id=\"h-when-is-the-democratic-national-convention\"><b>Quando \u00e9 a Conven\u00e7\u00e3o Nacional Democrata? <\/b><\/h2>\n<p>A conven\u00e7\u00e3o ocorrer\u00e1 de segunda-feira, 19 de agosto, a quinta-feira, 22 de agosto.<\/p>\n<h2 class=\"wp-block-heading\" id=\"h-where-is-it\"><b>Cad\u00ea? <\/b><\/h2>\n<p>Ser\u00e1 realizado em dois locais em Chicago: o United Center, uma arena no West Side da cidade, sediar\u00e1 eventos noturnos \u2014 ou seja, a programa\u00e7\u00e3o do hor\u00e1rio nobre e discursos destinados ao consumo p\u00fablico. O McCormick Place, que fica no centro, perto do Lago Michigan, sediar\u00e1 eventos diurnos, em grande parte neg\u00f3cios oficiais do partido e reuni\u00f5es.<\/p>\n<h2 class=\"wp-block-heading\" id=\"h-who-will-be-there\"><b>Quem estar\u00e1 l\u00e1? <\/b><\/h2>\n<p>A vice-presidente Kamala Harris e seu companheiro de chapa, o governador Tim Walz de Minnesota, ser\u00e3o as estrelas, e o presidente Joe Biden tamb\u00e9m deve falar. Mas a lista completa e a programa\u00e7\u00e3o dos palestrantes ainda n\u00e3o foram divulgadas. Os republicanos, durante sua conven\u00e7\u00e3o, n\u00e3o divulgaram sua programa\u00e7\u00e3o de palestras at\u00e9 perto do in\u00edcio da programa\u00e7\u00e3o de cada noite.<\/p>\n<p>Normalmente, por\u00e9m, as conven\u00e7\u00f5es apresentam uma ampla gama de pessoas proeminentes dentro do partido, como governadores, membros do Congresso e ex-oficiais eleitos. C\u00f4njuges dos indicados e outros membros da fam\u00edlia frequentemente falam ou fazem apari\u00e7\u00f5es. E os americanos que n\u00e3o s\u00e3o famosos geralmente ganham algum tempo de palco tamb\u00e9m, falando sobre experi\u00eancias pessoais que tocam nos temas e pol\u00edticas que o indicado quer enfatizar.<\/p>\n<p>Por exemplo, na Conven\u00e7\u00e3o Nacional Democrata de 2020, Kristen Urquiza fez um discurso amplamente divulgado no qual culpou o ent\u00e3o presidente Donald Trump pela morte de seu pai por COVID. Na Conven\u00e7\u00e3o Nacional Republicana deste ano, Michael Morin falou criticamente sobre as pol\u00edticas de imigra\u00e7\u00e3o do governo Biden depois que sua irm\u00e3, Rachel Morin, foi morta enquanto corria no ano passado; um imigrante ilegal no pa\u00eds foi preso no caso.<\/p>\n<h2 class=\"wp-block-heading\" id=\"h-how-does-it-all-work\"><b>Como tudo funciona? <\/b><\/h2>\n<p>Normalmente, a conven\u00e7\u00e3o incluiria uma vota\u00e7\u00e3o nominal para selecionar formalmente os indicados para presidente e vice-presidente. N\u00e3o desta vez. Harris e Walz foram oficialmente indicados por meio de uma vota\u00e7\u00e3o nominal antecipada realizada online.<\/p>\n<p>Isso significa que a principal atividade na conven\u00e7\u00e3o deste ano ser\u00e1 dupla: os discursos e a confirma\u00e7\u00e3o da plataforma do partido.<\/p>\n<p>Os discursos s\u00e3o o que voc\u00ea ver\u00e1 na televis\u00e3o no hor\u00e1rio nobre, e eles ser\u00e3o a face p\u00fablica da conven\u00e7\u00e3o, defendendo a chapa Harris-Walz e denunciando a chapa Trump-JD Vance. Mas durante o dia, os delegados finalizar\u00e3o e adotar\u00e3o uma plataforma \u2014 que foi redigida \u2014 descrevendo o que o Partido Democrata representa.<\/p>\n<h2 class=\"wp-block-heading\" id=\"h-is-kamala-harris-already-the-nominee\"><b>Kamala Harris j\u00e1 \u00e9 a indicada? <\/b><\/h2>\n<p>Sim. \u00c9 incomum, mas o Comit\u00ea Nacional Democrata decidiu realizar uma vota\u00e7\u00e3o nominal virtual no in\u00edcio de agosto para evitar potenciais dores de cabe\u00e7a legais sobre c\u00e9dulas em Ohio.<\/p>\n<h2 class=\"wp-block-heading\" id=\"h-what-about-walz-is-he-made-official-at-the-convention\"><b>E o Walz? Ele \u00e9 oficializado na conven\u00e7\u00e3o? <\/b><\/h2>\n<p>Sua nomea\u00e7\u00e3o tamb\u00e9m \u00e9 oficial. O partido estipulou que quem quer que seu indicado presidencial escolhesse como companheiro de chapa seria o indicado \u00e0 vice-presid\u00eancia, ent\u00e3o nenhuma vota\u00e7\u00e3o separada foi necess\u00e1ria para Walz depois que Harris o selecionou. O Comit\u00ea Nacional Democrata certificou ambas as nomea\u00e7\u00f5es neste m\u00eas.<\/p>\n<h2 class=\"wp-block-heading\" id=\"h-how-often-will-harris-and-walz-appear\"><b>Com que frequ\u00eancia Harris e Walz aparecer\u00e3o? <\/b><\/h2>\n<p>Isso n\u00e3o \u00e9 conhecido.<\/p>\n<p>Trump fez uma apari\u00e7\u00e3o todos os dias na Conven\u00e7\u00e3o Nacional Republicana no m\u00eas passado, mas isso n\u00e3o \u00e9 a norma. Normalmente, o candidato a vice-presidente \u00e9 o orador principal na terceira noite da conven\u00e7\u00e3o e o candidato presidencial \u00e9 o orador principal na \u00faltima noite. N\u00e3o \u00e9 incomum que essas sejam suas \u00fanicas apari\u00e7\u00f5es importantes.<\/p>\n<h2 class=\"wp-block-heading\" id=\"h-will-there-be-protests\"><b>Haver\u00e1 protestos? <\/b><\/h2>\n<p>Sim. O n\u00famero de manifestantes na conven\u00e7\u00e3o republicana em Milwaukee foi menor do que muitos esperavam, mas multid\u00f5es maiores s\u00e3o esperadas para a conven\u00e7\u00e3o democrata.<\/p>\n<p>Os maiores protestos provavelmente ocorrer\u00e3o no primeiro e no \u00faltimo dia da conven\u00e7\u00e3o, embora v\u00e1rios outros tenham sido anunciados. Um grupo guarda-chuva de organiza\u00e7\u00f5es da esquerda, a Coalition to March on the DNC, organizou marchas em ambos os dias, amplamente focadas em se opor \u00e0 guerra de Israel na Faixa de Gaza e ao apoio de muitos democratas a ela.<\/p>\n<p>Os manifestantes t\u00eam brigado com as autoridades de Chicago sobre onde poder\u00e3o marchar. Os ativistas est\u00e3o buscando uma rota mais longa que, segundo eles, acomodar\u00e1 melhor as dezenas de milhares de pessoas que esperam comparecer. Um juiz federal est\u00e1 supervisionando a disputa, mas ainda n\u00e3o tomou uma decis\u00e3o.<\/p>\n<p>Este artigo foi publicado originalmente em <a href=\"https:\/\/www.nytimes.com\/2024\/08\/11\/us\/politics\/dnc-when-where-who.html\"><em>O jornal New York Times<\/em><\/a>.<\/p>\n<\/p><\/div>\n<p><script>\n\t\tvar consent=\"grant\";\n\t\t\/* The above code is parsing the JSON data from the local storage and storing it in a variable. *\/\n\t\t\t\t\tconst onetrustStorageConsent = JSON.parse(localStorage.getItem( 'consent_one_trust_bdc' ) );\n\t\t\tif ( ( onetrustStorageConsent !== null ) ) {\n\t\t\t\t\/* Checking to see if the user has consented to the use of cookies.\n\t\t\t\t* If they have not, it is deleting the cookie.\n\t\t\t\t* This will comment for now, until further notice.\n\t\t\t\t*\/\n\t\t\t\t\/\/if ( onetrustStorageConsent.C0002 === false ) {\n\t\t\t\t\/\/\tdocument.cookie=\"_fbp=;expires=Thu, 01 Jan 2010 00:00:00 UTC; path=\/; domain=.boston.com\";\n\t\t\t\t\/\/}\n\t\t\t\t\/* Checking if the user has given consent for the cookie C0002.\n\t\t\t\t* If the user has given consent, the variable consent will be set to 'grant'.\n\t\t\t\t* If the user has not given consent,the variable consent will be set to 'revoke'.\n\t\t\t\t* Documentation https:\/\/developers.facebook.com\/docs\/meta-pixel\/implementation\/gdpr\n\t\t\t\t*\/\n\t\t\t\tif ( onetrustStorageConsent.C0002 !== true ) {\n\t\t\t\t\tconsent=\"revoke\";\n\t\t\t\t}\n\t\t\t}\n\t\t\t\t!function(f,b,e,v,n,t,s)\n\t\t{if(f.fbq)return;n=f.fbq=function(){n.callMethod?\n\t\tn.callMethod.apply(n,arguments):n.queue.push(arguments)};\n\t\tif(!f._fbq)f._fbq=n;n.push=n;n.loaded=!0;n.version='2.0';\n\t\tn.queue=[];t=b.createElement(e);t.async=!0;\n\t\tt.src=v;s=b.getElementsByTagName(e)[0];\n\t\ts.parentNode.insertBefore(t,s)}(window, document,'script',\n\t\t'https:\/\/connect.facebook.net\/en_US\/fbevents.js');\n\t\tfbq('consent', consent);\n\t\tfbq('init', '989222871864976');\n\t\tfbq('track', 'PageView');\n\t<\/script><script type=\"module\">\n\t\tvar consent=\"grant\";\n\t\t\/* The above code is parsing the JSON data from the local storage and storing it in a variable. *\/\n\t\t\tconst onetrustStorageConsent = JSON.parse(localStorage.getItem( 'consent_one_trust_bdc' ) );\n\t\t\t\/* Checking to see if the user has consented to the use of cookies.\n\t\t\t* If they have not, it is deleting the cookie.\n\t\t\t* This will comment for now, until further notice.\n\t\t\t*\/\n\t\t\t\/\/if ( onetrustStorageConsent.C0002 === false ) {\n\t\t\t\/\/\tdocument.cookie=\"_fbp=;expires=Thu, 01 Jan 2010 00:00:00 UTC; path=\/; domain=.boston.com\";\n\t\t\t\/\/}\n\t\t\t\/* Checking if the user has given consent for the cookie C0002.\n\t\t\t* If the user has given consent, the variable consent will be set to 'grant'.\n\t\t\t* If the user has not given consent,the variable consent will be set to 'revoke'.\n\t\t\t* Documentation https:\/\/developers.facebook.com\/docs\/meta-pixel\/implementation\/gdpr\n\t\t\t*\/\n\t\t\tif ( ( onetrustStorageConsent !== null ) && (onetrustStorageConsent.C0002 !== true ) ) {\n\t\t\t\tconsent=\"revoke\";\n\t\t\t}\n\t\t\t\t!function(f,b,e,v,n,t,s){if(f.fbq)return;n=f.fbq=function()\n\t\t{n.callMethod? n.callMethod.apply(n,arguments):n.queue.push(arguments)}\n\t\t;if(!f._fbq)f._fbq=n;\n\t\tn.push=n;n.loaded=!0;n.version='2.0';n.queue=[];t=b.createElement(e);t.async=!0;\n\t\tt.src=v;s=b.getElementsByTagName(e)[0];s.parentNode.insertBefore(t,s)}(window,\n\t\tdocument,'script','https:\/\/connect.facebook.net\/en_US\/fbevents.js');\n\t\tfbq('consent', consent);\n\t\tfbq('init', '813236348753005');\n\t\tfbq('track', \"PageView\");\n\t<\/script><br \/>\n<br \/><br \/>\n<br \/><a href=\"https:\/\/www.boston.com\/news\/politics\/2024\/08\/11\/what-to-know-about-the-democratic-national-convention\/\">Source link <\/a><\/p>","protected":false},"excerpt":{"rendered":"<p>Pol\u00edtica A Conven\u00e7\u00e3o Nacional Democrata est\u00e1 quase chegando, seguindo a conven\u00e7\u00e3o Republicana no m\u00eas passado. Quando terminar, ser\u00e1 uma corrida de 75 dias at\u00e9 o Dia da Elei\u00e7\u00e3o. A candidata&hellip;<\/p>","protected":false},"author":1,"featured_media":22373,"comment_status":"closed","ping_status":"open","sticky":false,"template":"","format":"standard","meta":{"content-type":"","footnotes":""},"categories":[1],"tags":[],"class_list":["post-22372","post","type-post","status-publish","format-standard","has-post-thumbnail","hentry","category-uncategorized"],"_links":{"self":[{"href":"https:\/\/tvbrazilusa.com\/pt\/wp-json\/wp\/v2\/posts\/22372","targetHints":{"allow":["GET"]}}],"collection":[{"href":"https:\/\/tvbrazilusa.com\/pt\/wp-json\/wp\/v2\/posts"}],"about":[{"href":"https:\/\/tvbrazilusa.com\/pt\/wp-json\/wp\/v2\/types\/post"}],"author":[{"embeddable":true,"href":"https:\/\/tvbrazilusa.com\/pt\/wp-json\/wp\/v2\/users\/1"}],"replies":[{"embeddable":true,"href":"https:\/\/tvbrazilusa.com\/pt\/wp-json\/wp\/v2\/comments?post=22372"}],"version-history":[{"count":1,"href":"https:\/\/tvbrazilusa.com\/pt\/wp-json\/wp\/v2\/posts\/22372\/revisions"}],"predecessor-version":[{"id":22374,"href":"https:\/\/tvbrazilusa.com\/pt\/wp-json\/wp\/v2\/posts\/22372\/revisions\/22374"}],"wp:featuredmedia":[{"embeddable":true,"href":"https:\/\/tvbrazilusa.com\/pt\/wp-json\/wp\/v2\/media\/22373"}],"wp:attachment":[{"href":"https:\/\/tvbrazilusa.com\/pt\/wp-json\/wp\/v2\/media?parent=22372"}],"wp:term":[{"taxonomy":"category","embeddable":true,"href":"https:\/\/tvbrazilusa.com\/pt\/wp-json\/wp\/v2\/categories?post=22372"},{"taxonomy":"post_tag","embeddable":true,"href":"https:\/\/tvbrazilusa.com\/pt\/wp-json\/wp\/v2\/tags?post=22372"}],"curies":[{"name":"wp","href":"https:\/\/api.w.org\/{rel}","templated":true}]}}