{"id":22423,"date":"2024-08-12T03:04:02","date_gmt":"2024-08-12T03:04:02","guid":{"rendered":"https:\/\/tvbrazilusa.com\/2024\/08\/12\/o-red-sox-promove-os-principais-prospectos-marcelo-mayer-roman-anthony-e-kyle-teel-para-o-triple-a-worcester\/"},"modified":"2024-08-12T03:10:16","modified_gmt":"2024-08-12T03:10:16","slug":"o-red-sox-promove-os-principais-prospectos-marcelo-mayer-roman-anthony-e-kyle-teel-para-o-triple-a-worcester","status":"publish","type":"post","link":"https:\/\/tvbrazilusa.com\/pt\/2024\/08\/12\/o-red-sox-promove-os-principais-prospectos-marcelo-mayer-roman-anthony-e-kyle-teel-para-o-triple-a-worcester\/","title":{"rendered":"O Red Sox promove os principais prospectos Marcelo Mayer, Roman Anthony e Kyle Teel para o Triple-A Worcester"},"content":{"rendered":"<p> <script async src=\"https:\/\/pagead2.googlesyndication.com\/pagead\/js\/adsbygoogle.js?client=ca-pub-8864793242727901\"\r\n     crossorigin=\"anonymous\"><\/script><br \/>\n<\/p>\n<div id=\"\">\n<header class=\"m-article-header m-article-header--standard\">\n\t\t\t\t\t\t\t\t\t\t\t\t<span id=\"article-header-primary-term\"><br \/>\n\t\t\t\t\t\t\t\t<a class=\"a-term a-term--primary\" href=\"https:\/\/www.boston.com\/tag\/boston-red-sox\/\"><\/p>\n<p>\t\t\t\t\t\t\t\tRed Sox\t\t\t\t\t\t\t\t<\/a><br \/>\n\t\t\t\t\t\t\t<\/span><\/p>\n<h2 class=\"m-article-header__sub-headline\">&#8220;Eu fiquei tipo, &#39;Cara, isso \u00e9 surreal. Estamos literalmente nos mudando juntos.&#8221;<\/h2>\n<figure class=\"a-photo m-article-header__photo\"><figcaption class=\"a-photo__caption\">\n<p>\tKyle Teel, Roman Anthony e Marcelo Mayer est\u00e3o todos indo para Worcester. <em>  Ken McGagh para o Boston Globe<\/em>\t<\/figcaption><\/figure>\n<\/header>\n<p>A pr\u00f3xima onda de grandes talentos do Red Sox est\u00e1 avan\u00e7ando no sistema de fazenda do time.<\/p>\n<p><a target=\"_blank\" href=\"https:\/\/x.com\/NESN\/status\/1822746024831528965\" rel=\"noreferrer noopener\">De acordo com <\/a><em><a target=\"_blank\" href=\"https:\/\/x.com\/NESN\/status\/1822746024831528965\" rel=\"noreferrer noopener\">O Globo de Boston <\/a><\/em><a target=\"_blank\" href=\"https:\/\/x.com\/NESN\/status\/1822746024831528965\" rel=\"noreferrer noopener\">Alex Speier<\/a>Os tr\u00eas principais prospectos de Boston \u2014 o shortstop Marcelo Mayer, o catcher Kyle Teel e o outfielder Roman Anthony \u2014 foram todos promovidos ao Worcester Triple-A. <\/p>\n<p>Todos os tr\u00eas prospectos de primeira linha t\u00eam<a href=\"https:\/\/www.boston.com\/sports\/boston-red-sox\/2024\/06\/20\/boston-red-sox-portland-sea-dogs-marcelo-mayer-roman-anthony-kyle-teel\/\" target=\"_blank\" rel=\"noreferrer noopener\"> passaram a temporada inteira juntos como companheiros de equipe no Double-A Portland<\/a>com sua camaradagem tornando seu salto coletivo para o pr\u00f3ximo n\u00edvel do beisebol ainda mais doce. <\/p>\n<p>\u201cPuxei Marcelo de lado antes de entrarmos [the clubhouse]e eu fiquei tipo, &#39;Cara, isso \u00e9 surreal. Estamos literalmente nos mudando juntos&#39;\u201d, Teel disse a Speier. \u201cTemos uma cultura t\u00e3o boa e uma amizade t\u00e3o boa. Ir com esse grupo de caras \u00e9 ver nosso trabalho duro valendo a pena \u2014 tipo, no dia de folga, chegando juntos e trabalhando, falando sobre o jogo. Ver tudo valendo a pena, n\u00e3o h\u00e1 sensa\u00e7\u00e3o melhor.\u201d<\/p>\n<p>Todos os tr\u00eas candidatos far\u00e3o suas estreias com o Woo Sox esta semana, com Worcester pronto para abrir uma sequ\u00eancia de seis jogos em casa na ter\u00e7a-feira \u00e0 noite no Polar Park. <\/p>\n<p>Todos os tr\u00eas, Mayer, Teel e Anthony, elevaram ainda mais seu estoque nesta temporada em Portland, com o trio classificado em <a href=\"https:\/\/www.mlb.com\/prospects\" target=\"_blank\" rel=\"noreferrer noopener\">os 25 melhores da lista dos 100 melhores prospectos da MLB Pipeline. <\/a>Mayer ocupa o sexto lugar geral na lista, enquanto Anthony e Teel tamb\u00e9m obtiveram notas altas, ficando em 13\u00ba e 23\u00ba, respectivamente. <\/p>\n<p>\u201c\u00c9 bom para eles. Apenas saiam e continuem melhorando\u201d, Alex Cora <a href=\"https:\/\/x.com\/NESN\/status\/1822746024831528965\" target=\"_blank\" rel=\"noreferrer noopener\">disse no domingo<\/a> da promo\u00e7\u00e3o do trio. \u201cIsso \u00e9 algo que (o t\u00e9cnico do Portland, Chad Epperson) sempre disse \u2014 que eles s\u00e3o bons jogadores, mas est\u00e3o trabalhando em tudo. Bons corredores de base, sendo um bom companheiro de equipe. H\u00e1 muita coisa no desenvolvimento de jogadores que n\u00e3o \u00e9 apenas o que acontece entre as linhas. <\/p>\n<p>\u201cComo eu disse a eles no treinamento de primavera individualmente, eu disse que n\u00e3o h\u00e1 limite de idade nas grandes ligas. Voc\u00ea pode chegar aos 19 ou aos 35. N\u00e3o importa. Se voc\u00ea for bom, voc\u00ea \u00e9 bom. O fato de que eles est\u00e3o indo todos juntos para l\u00e1 vai ser divertido de assistir. Eles far\u00e3o parte disso no futuro. Estou feliz que eles estejam fazendo um trabalho excelente.\u201d<\/p>\n<p>Maio, <a target=\"_blank\" href=\"https:\/\/www.boston.com\/sports\/boston-red-sox\/2024\/07\/26\/marcelo-mayer-red-sox-prospects-mlb-baseball-keith-law\/\" rel=\"noreferrer noopener\">que foi apontado como o segundo melhor prospecto do beisebol por Keith Law, do The Athletic<\/a> no m\u00eas passado, superou uma temporada de 2023 repleta de les\u00f5es e prosperou em Portland. O jogador de campo interno de 21 anos e ex-quarta escolha geral (2021) teve m\u00e9dias de .307\/.370\/.480 com oito home runs, 36 rebatidas extras e 13 roubos de bola em 77 jogos contra arremessadores Double-A.<\/p>\n<p>Ant\u00f4nio \u2014 <a target=\"_blank\" href=\"https:\/\/www.boston.com\/sports\/boston-red-sox\/2024\/06\/23\/roman-anthony-just-turned-20-but-red-sox-top-prospect-is-years-ahead-of-schedule\/\" rel=\"noreferrer noopener\">que se projeta como um outfielder rebatedor poderoso com ferramentas avan\u00e7adas no bast\u00e3o <\/a>\u2014 cortou a linha de .269\/.367\/.489 com 15 home runs, 38 rebatidas extras e 16 roubos em 84 disputas. De acordo com Speier, Anthony (que fez 20 anos em 13 de maio) se tornar\u00e1 o mais jovem prospecto do Sox a chegar \u00e0 Triple-A desde Glenn Hoffman em 1978.<\/p>\n<p>Teel, que Boston escolheu na primeira rodada do draft de 2023 como um receptor universit\u00e1rio polido, acelerou sua linha do tempo para as grandes ligas em pouco tempo. Em sua primeira temporada profissional completa com o Red Sox, Teel rebateu .298 com 11 home runs e 31 rebatidas extras em 84 jogos.<\/p>\n<div class=\"m-block m-generic-cta\t m-generic-cta--post-content\t m-generic-cta--dark\t m-generic-cta--homepage\t m-generic-cta--email-signup\t\t m-generic-cta-block-style--default \tt-amp__generic-cta\"><\/p>\n<div class=\"m-generic-cta__wrap\">\n<div class=\"m-generic-cta__content\">\n<h3 class=\"m-generic-cta__title\">Inscri\u00e7\u00e3o no boletim informativo<\/h3>\n<p class=\"m-generic-cta__subtitle\">Fique por dentro das \u00faltimas not\u00edcias do Boston.com<\/p>\n<\/p><\/div>\n<\/p><\/div>\n<\/div><\/div>\n<p><script>\n\t\tvar consent=\"grant\";\n\t\t\/* The above code is parsing the JSON data from the local storage and storing it in a variable. *\/\n\t\t\t\t\tconst onetrustStorageConsent = JSON.parse(localStorage.getItem( 'consent_one_trust_bdc' ) );\n\t\t\tif ( ( onetrustStorageConsent !== null ) ) {\n\t\t\t\t\/* Checking to see if the user has consented to the use of cookies.\n\t\t\t\t* If they have not, it is deleting the cookie.\n\t\t\t\t* This will comment for now, until further notice.\n\t\t\t\t*\/\n\t\t\t\t\/\/if ( onetrustStorageConsent.C0002 === false ) {\n\t\t\t\t\/\/\tdocument.cookie=\"_fbp=;expires=Thu, 01 Jan 2010 00:00:00 UTC; path=\/; domain=.boston.com\";\n\t\t\t\t\/\/}\n\t\t\t\t\/* Checking if the user has given consent for the cookie C0002.\n\t\t\t\t* If the user has given consent, the variable consent will be set to 'grant'.\n\t\t\t\t* If the user has not given consent,the variable consent will be set to 'revoke'.\n\t\t\t\t* Documentation https:\/\/developers.facebook.com\/docs\/meta-pixel\/implementation\/gdpr\n\t\t\t\t*\/\n\t\t\t\tif ( onetrustStorageConsent.C0002 !== true ) {\n\t\t\t\t\tconsent=\"revoke\";\n\t\t\t\t}\n\t\t\t}\n\t\t\t\t!function(f,b,e,v,n,t,s)\n\t\t{if(f.fbq)return;n=f.fbq=function(){n.callMethod?\n\t\tn.callMethod.apply(n,arguments):n.queue.push(arguments)};\n\t\tif(!f._fbq)f._fbq=n;n.push=n;n.loaded=!0;n.version='2.0';\n\t\tn.queue=[];t=b.createElement(e);t.async=!0;\n\t\tt.src=v;s=b.getElementsByTagName(e)[0];\n\t\ts.parentNode.insertBefore(t,s)}(window, document,'script',\n\t\t'https:\/\/connect.facebook.net\/en_US\/fbevents.js');\n\t\tfbq('consent', consent);\n\t\tfbq('init', '989222871864976');\n\t\tfbq('track', 'PageView');\n\t<\/script><script type=\"module\">\n\t\tvar consent=\"grant\";\n\t\t\/* The above code is parsing the JSON data from the local storage and storing it in a variable. *\/\n\t\t\tconst onetrustStorageConsent = JSON.parse(localStorage.getItem( 'consent_one_trust_bdc' ) );\n\t\t\t\/* Checking to see if the user has consented to the use of cookies.\n\t\t\t* If they have not, it is deleting the cookie.\n\t\t\t* This will comment for now, until further notice.\n\t\t\t*\/\n\t\t\t\/\/if ( onetrustStorageConsent.C0002 === false ) {\n\t\t\t\/\/\tdocument.cookie=\"_fbp=;expires=Thu, 01 Jan 2010 00:00:00 UTC; path=\/; domain=.boston.com\";\n\t\t\t\/\/}\n\t\t\t\/* Checking if the user has given consent for the cookie C0002.\n\t\t\t* If the user has given consent, the variable consent will be set to 'grant'.\n\t\t\t* If the user has not given consent,the variable consent will be set to 'revoke'.\n\t\t\t* Documentation https:\/\/developers.facebook.com\/docs\/meta-pixel\/implementation\/gdpr\n\t\t\t*\/\n\t\t\tif ( ( onetrustStorageConsent !== null ) && (onetrustStorageConsent.C0002 !== true ) ) {\n\t\t\t\tconsent=\"revoke\";\n\t\t\t}\n\t\t\t\t!function(f,b,e,v,n,t,s){if(f.fbq)return;n=f.fbq=function()\n\t\t{n.callMethod? n.callMethod.apply(n,arguments):n.queue.push(arguments)}\n\t\t;if(!f._fbq)f._fbq=n;\n\t\tn.push=n;n.loaded=!0;n.version='2.0';n.queue=[];t=b.createElement(e);t.async=!0;\n\t\tt.src=v;s=b.getElementsByTagName(e)[0];s.parentNode.insertBefore(t,s)}(window,\n\t\tdocument,'script','https:\/\/connect.facebook.net\/en_US\/fbevents.js');\n\t\tfbq('consent', consent);\n\t\tfbq('init', '813236348753005');\n\t\tfbq('track', \"PageView\");\n\t<\/script><br \/>\n<br \/><br \/>\n<br \/><a href=\"https:\/\/www.boston.com\/sports\/boston-red-sox\/2024\/08\/11\/boston-red-sox-prospects-promotion-worcester-marcelo-mayer-roman-anthony-kyle-teel\/\">Source link <\/a><\/p>","protected":false},"excerpt":{"rendered":"<p>Red Sox &#8220;Eu fiquei tipo, &#39;Cara, isso \u00e9 surreal. Estamos literalmente nos mudando juntos.&#8221; Kyle Teel, Roman Anthony e Marcelo Mayer est\u00e3o todos indo para Worcester. Ken McGagh para o&hellip;<\/p>","protected":false},"author":1,"featured_media":22424,"comment_status":"closed","ping_status":"open","sticky":false,"template":"","format":"standard","meta":{"content-type":"","footnotes":""},"categories":[1],"tags":[],"class_list":["post-22423","post","type-post","status-publish","format-standard","has-post-thumbnail","hentry","category-uncategorized"],"_links":{"self":[{"href":"https:\/\/tvbrazilusa.com\/pt\/wp-json\/wp\/v2\/posts\/22423","targetHints":{"allow":["GET"]}}],"collection":[{"href":"https:\/\/tvbrazilusa.com\/pt\/wp-json\/wp\/v2\/posts"}],"about":[{"href":"https:\/\/tvbrazilusa.com\/pt\/wp-json\/wp\/v2\/types\/post"}],"author":[{"embeddable":true,"href":"https:\/\/tvbrazilusa.com\/pt\/wp-json\/wp\/v2\/users\/1"}],"replies":[{"embeddable":true,"href":"https:\/\/tvbrazilusa.com\/pt\/wp-json\/wp\/v2\/comments?post=22423"}],"version-history":[{"count":1,"href":"https:\/\/tvbrazilusa.com\/pt\/wp-json\/wp\/v2\/posts\/22423\/revisions"}],"predecessor-version":[{"id":22425,"href":"https:\/\/tvbrazilusa.com\/pt\/wp-json\/wp\/v2\/posts\/22423\/revisions\/22425"}],"wp:featuredmedia":[{"embeddable":true,"href":"https:\/\/tvbrazilusa.com\/pt\/wp-json\/wp\/v2\/media\/22424"}],"wp:attachment":[{"href":"https:\/\/tvbrazilusa.com\/pt\/wp-json\/wp\/v2\/media?parent=22423"}],"wp:term":[{"taxonomy":"category","embeddable":true,"href":"https:\/\/tvbrazilusa.com\/pt\/wp-json\/wp\/v2\/categories?post=22423"},{"taxonomy":"post_tag","embeddable":true,"href":"https:\/\/tvbrazilusa.com\/pt\/wp-json\/wp\/v2\/tags?post=22423"}],"curies":[{"name":"wp","href":"https:\/\/api.w.org\/{rel}","templated":true}]}}