{"id":22573,"date":"2024-08-12T10:00:00","date_gmt":"2024-08-12T10:00:00","guid":{"rendered":"https:\/\/tvbrazilusa.com\/2024\/08\/12\/calendario-de-pagamento-do-pis-pasep-veja-se-voce-tem-direito-ao-beneficio\/"},"modified":"2024-08-12T10:07:15","modified_gmt":"2024-08-12T10:07:15","slug":"calendario-de-pagamento-do-pis-pasep-veja-se-voce-tem-direito-ao-beneficio","status":"publish","type":"post","link":"https:\/\/tvbrazilusa.com\/pt\/2024\/08\/12\/calendario-de-pagamento-do-pis-pasep-veja-se-voce-tem-direito-ao-beneficio\/","title":{"rendered":"Calend\u00e1rio de pagamento do PIS\/Pasep: veja se voc\u00ea tem direito ao benef\u00edcio"},"content":{"rendered":"<p> <script async src=\"https:\/\/pagead2.googlesyndication.com\/pagead\/js\/adsbygoogle.js?client=ca-pub-8864793242727901\"\r\n     crossorigin=\"anonymous\"><\/script><br \/>\n<\/p>\n<div>\n<p>O pagamento do abono salarial para trabalhadores da iniciativa privada (<a href=\"https:\/\/terrabrasilnoticias.com\/\">PIS<\/a>) e servidores p\u00fablicos (<a href=\"https:\/\/www.gov.br\/pt-br\">Pasep<\/a>) em 2024 seguir\u00e1 conforme o m\u00eas de nascimento do benefici\u00e1rio. A distribui\u00e7\u00e3o dos valores ter\u00e1 in\u00edcio em 15 de fevereiro e se estender\u00e1 at\u00e9 15 de agosto. A partir de 5 de fevereiro de 2024, os trabalhadores j\u00e1 podem verificar se t\u00eam direito ao benef\u00edcio atrav\u00e9s do portal gov.br ou no aplicativo Carteira de Trabalho Digital.<\/p>\n<p><strong>Este benef\u00edcio \u00e9 essencial<\/strong> e muitos brasileiros esperam ansiosamente por ele. O abono salarial funciona como uma renda extra para muitos trabalhadores brasileiros, ajudando a equilibrar as finan\u00e7as pessoais. Esse benef\u00edcio \u00e9 fundamental, especialmente para aqueles que recebem at\u00e9 dois sal\u00e1rios m\u00ednimos mensais.<\/p>\n<h2 class=\"wp-block-heading\">Datas de pagamento do PIS\/Pasep em 2024<\/h2>\n<p>Os trabalhadores do setor privado e servidores p\u00fablicos receber\u00e3o o abono conforme o m\u00eas de anivers\u00e1rio. Confira abaixo as datas de pagamento e organize-se para n\u00e3o perder o prazo:<\/p>\n<ul class=\"wp-block-list\">\n<li><strong>Nascidos em janeiro:<\/strong>\u00a0a partir de 15 de fevereiro<\/li>\n<li><strong>Nascidos em fevereiro:<\/strong>\u00a0a partir de 15 de mar\u00e7o<\/li>\n<li><strong>Nascidos em mar\u00e7o e abril:<\/strong>\u00a0a partir de 15 de abril<\/li>\n<li><strong>Nascidos em maio e junho:<\/strong>\u00a0a partir de 15 de maio<\/li>\n<li><strong>Nascidos em julho e agosto:<\/strong>\u00a0a partir de 17 de junho<\/li>\n<li><strong>Nascidos em setembro e outubro:<\/strong>\u00a0a partir de 15 de julho<\/li>\n<li><strong>Nascidos em novembro e dezembro:<\/strong>\u00a0a partir de 15 de agosto<\/li>\n<\/ul>\n<h2 class=\"wp-block-heading\">Quem tem direito ao PIS\/Pasep em 2024?<\/h2>\n<p>Para garantir seu abono salarial em 2024, \u00e9 necess\u00e1rio atender a certos crit\u00e9rios. Veja abaixo quais trabalhadores e servidores t\u00eam direito ao pagamento:<\/p>\n<ul class=\"wp-block-list\">\n<li>Estar cadastrado no PIS\/Pasep h\u00e1 pelo menos cinco anos;<\/li>\n<li>Ter trabalhado formalmente por pelo menos 30 dias em 2023;<\/li>\n<li>Receber uma m\u00e9dia de at\u00e9 dois sal\u00e1rios m\u00ednimos mensais em 2023;<\/li>\n<li>Os dados precisam estar devidamente informados pelo empregador na Rela\u00e7\u00e3o Anual de Informa\u00e7\u00f5es Sociais (RAIS) ou no eSocial.<\/li>\n<\/ul>\n<h2 class=\"wp-block-heading\">Como consultar o Abono Salarial PIS\/Pasep?<\/h2>\n<p>A consulta para saber se voc\u00ea tem direito ao abono salarial \u00e9 bastante simples. Desde o dia 5 de fevereiro de 2024, voc\u00ea pode verificar seu status no portal gov.br ou no aplicativo Carteira de Trabalho Digital. Basta seguir esses passos:<\/p>\n<ol class=\"wp-block-list\">\n<li>Acesse o portal gov.br ou baixe o aplicativo Carteira de Trabalho Digital;<\/li>\n<li>Fa\u00e7a login utilizando seu CPF e senha;<\/li>\n<li>Procure a se\u00e7\u00e3o relacionada ao PIS\/Pasep;<\/li>\n<li>Informe os dados solicitados e verifique se tem direito ao pagamento.<\/li>\n<\/ol>\n<h2 class=\"wp-block-heading\">Qual o valor do Abono Salarial?<\/h2>\n<p>O valor do abono \u00e9 proporcional ao tempo de servi\u00e7o do trabalhador no ano-base. Cada m\u00eas trabalhado corresponde a 1\/12 do sal\u00e1rio m\u00ednimo vigente. Em 2024, o sal\u00e1rio m\u00ednimo \u00e9 de R$ 1.412,00. Assim, o valor do abono pode variar, sendo uma \u00f3tima ajuda para fechar as contas no fim do m\u00eas.<\/p>\n<p>A import\u00e2ncia do abono salarial vai al\u00e9m de um valor financeiro. Ele \u00e9 um reconhecimento do trabalho formal e uma medida de apoio aos empregados, promovendo a inclus\u00e3o social e econ\u00f4mica. Quer se manter informado sobre temas importantes como esse? Continue acompanhando nossas atualiza\u00e7\u00f5es.<\/p>\n<\/p><\/div>\n<p><br \/>\n<br \/><a href=\"https:\/\/terrabrasilnoticias.com\/2024\/08\/calendario-de-pagamento-do-pis-pasep-veja-se-voce-tem-direito-ao-beneficio\/\">Source link <\/a><\/p>","protected":false},"excerpt":{"rendered":"<p>O pagamento do abono salarial para trabalhadores da iniciativa privada (PIS) e servidores p\u00fablicos (Pasep) em 2024 seguir\u00e1 conforme o m\u00eas de nascimento do benefici\u00e1rio. A distribui\u00e7\u00e3o dos valores ter\u00e1&hellip;<\/p>","protected":false},"author":1,"featured_media":22574,"comment_status":"closed","ping_status":"open","sticky":false,"template":"","format":"standard","meta":{"content-type":"","footnotes":""},"categories":[16],"tags":[1875,1863,10783,1876,1877],"class_list":["post-22573","post","type-post","status-publish","format-standard","has-post-thumbnail","hentry","category-noticias","tag-abono-salarial","tag-beneficio","tag-calendario-de-pagamento","tag-pasep","tag-pis"],"_links":{"self":[{"href":"https:\/\/tvbrazilusa.com\/pt\/wp-json\/wp\/v2\/posts\/22573","targetHints":{"allow":["GET"]}}],"collection":[{"href":"https:\/\/tvbrazilusa.com\/pt\/wp-json\/wp\/v2\/posts"}],"about":[{"href":"https:\/\/tvbrazilusa.com\/pt\/wp-json\/wp\/v2\/types\/post"}],"author":[{"embeddable":true,"href":"https:\/\/tvbrazilusa.com\/pt\/wp-json\/wp\/v2\/users\/1"}],"replies":[{"embeddable":true,"href":"https:\/\/tvbrazilusa.com\/pt\/wp-json\/wp\/v2\/comments?post=22573"}],"version-history":[{"count":1,"href":"https:\/\/tvbrazilusa.com\/pt\/wp-json\/wp\/v2\/posts\/22573\/revisions"}],"predecessor-version":[{"id":22575,"href":"https:\/\/tvbrazilusa.com\/pt\/wp-json\/wp\/v2\/posts\/22573\/revisions\/22575"}],"wp:featuredmedia":[{"embeddable":true,"href":"https:\/\/tvbrazilusa.com\/pt\/wp-json\/wp\/v2\/media\/22574"}],"wp:attachment":[{"href":"https:\/\/tvbrazilusa.com\/pt\/wp-json\/wp\/v2\/media?parent=22573"}],"wp:term":[{"taxonomy":"category","embeddable":true,"href":"https:\/\/tvbrazilusa.com\/pt\/wp-json\/wp\/v2\/categories?post=22573"},{"taxonomy":"post_tag","embeddable":true,"href":"https:\/\/tvbrazilusa.com\/pt\/wp-json\/wp\/v2\/tags?post=22573"}],"curies":[{"name":"wp","href":"https:\/\/api.w.org\/{rel}","templated":true}]}}