{"id":22582,"date":"2024-08-12T10:07:30","date_gmt":"2024-08-12T10:07:30","guid":{"rendered":"https:\/\/tvbrazilusa.com\/2024\/08\/12\/relatorio-de-inspecao-revela-defeito-no-painel-de-aviao-da-voepass-que-caiu-em-sp\/"},"modified":"2024-08-12T10:20:03","modified_gmt":"2024-08-12T10:20:03","slug":"relatorio-de-inspecao-revela-defeito-no-painel-de-aviao-da-voepass-que-caiu-em-sp","status":"publish","type":"post","link":"https:\/\/tvbrazilusa.com\/pt\/2024\/08\/12\/relatorio-de-inspecao-revela-defeito-no-painel-de-aviao-da-voepass-que-caiu-em-sp\/","title":{"rendered":"Relat\u00f3rio de inspe\u00e7\u00e3o revela defeito no painel de avi\u00e3o da VoePass que caiu em SP"},"content":{"rendered":"<p> <script async src=\"https:\/\/pagead2.googlesyndication.com\/pagead\/js\/adsbygoogle.js?client=ca-pub-8864793242727901\"\r\n     crossorigin=\"anonymous\"><\/script><br \/>\n<\/p>\n<div>\n<p>Na tarde da \u00faltima sexta-feira, 9 de agosto de 2024, um avi\u00e3o modelo ATR-72 da companhia a\u00e9rea VoePass caiu em Vinhedo, S\u00e3o Paulo. De acordo com um documento obtido pelo jornal O Globo, a aeronave possu\u00eda diversos problemas com \u201ca\u00e7\u00e3o corretiva retardada\u201d, ou seja, reparos pendentes. Embora muitos desses itens fossem triviais, como cortinas rasgadas e assentos quebrados, quatro deles poderiam de fato interferir na opera\u00e7\u00e3o segura da aeronave.<\/p>\n<p>Entre as pend\u00eancias encontradas, destaca-se um defeito no painel de navega\u00e7\u00e3o, mais especificamente no EHSI (Indicador Eletr\u00f4nico de Situa\u00e7\u00e3o Horizontal). Este dispositivo auxilia os pilotos na visualiza\u00e7\u00e3o de m\u00faltiplos dados de navega\u00e7\u00e3o em um \u00fanico visor. Mesmo n\u00e3o sendo indispens\u00e1vel para o voo, ele facilita a leitura de informa\u00e7\u00f5es cruciais durante situa\u00e7\u00f5es cr\u00edticas.<\/p>\n<h2 class=\"wp-block-heading\">Afinal, o Que \u00e9 o EHSI e Qual a Sua Import\u00e2ncia?<\/h2>\n<figure class=\"wp-block-image size-full\"><picture decoding=\"async\" class=\"wp-image-172281\"><source type=\"image\/webp\" srcset=\"https:\/\/terrabrasilnoticias.com\/wp-content\/uploads\/2024\/08\/image-353.png.webp 888w, https:\/\/terrabrasilnoticias.com\/wp-content\/uploads\/2024\/08\/image-353-300x169.png.webp 300w, https:\/\/terrabrasilnoticias.com\/wp-content\/uploads\/2024\/08\/image-353-768x432.png.webp 768w, https:\/\/terrabrasilnoticias.com\/wp-content\/uploads\/2024\/08\/image-353-750x422.png.webp 750w\" sizes=\"(max-width: 888px) 100vw, 888px\"\/><\/picture><figcaption class=\"wp-element-caption\">Foto: Rafael Luiz Canossa\/Creative Commons<\/figcaption><\/figure>\n<p>O EHSI tem um papel fundamental no painel de navega\u00e7\u00e3o de muitas aeronaves. Resumindo informa\u00e7\u00f5es de b\u00fassola, GPS, radar e outros dados essenciais, ele permite que os pilotos n\u00e3o precisem alternar entre m\u00faltiplos indicadores. Ainda que um avi\u00e3o possa operar sem ele, sua aus\u00eancia pode aumentar consideravelmente a carga de trabalho do piloto, especialmente em situa\u00e7\u00f5es onde muitos dados precisam ser consultados ao mesmo tempo.<\/p>\n<p>Ag\u00eancias de seguran\u00e7a a\u00e9rea exigem o uso do EHSI em determinadas categorias de aeronave e tipos de rota. No entanto, as informa\u00e7\u00f5es fornecidas at\u00e9 agora pelo Centro de Investiga\u00e7\u00e3o e Preven\u00e7\u00e3o de Acidentes Aeron\u00e1uticos (Cenipa) n\u00e3o s\u00e3o conclusivas quanto ao papel deste defeito espec\u00edfico no acidente ocorrido.<\/p>\n<h2 class=\"wp-block-heading\">Que Outros Problemas a Aeronave Apresentava?<\/h2>\n<p>Al\u00e9m do defeito no EHSI, a inspe\u00e7\u00e3o revelou outros tr\u00eas problemas considerados menores, mas que poderiam influenciar na opera\u00e7\u00e3o segura da aeronave:<\/p>\n<ul class=\"wp-block-list\">\n<li>Uma luz de alerta na igni\u00e7\u00e3o do motor que acendia intermitentemente.<\/li>\n<li>Um dos freios de rodas para aterrissagem e taxiamento estava inoperante (lembrando que o modelo possui seis freios de roda).<\/li>\n<li>O limpador de para-brisa do lado do copiloto estava quebrado.<\/li>\n<\/ul>\n<p>Tamb\u00e9m foram relatados dois assentos de passageiro com problemas na fivela do cinto de seguran\u00e7a. Outros itens triviais inclu\u00edam rasgos no carpete, defeitos no ar-condicionado, e a aus\u00eancia de um porta-copos no assento do piloto, que n\u00e3o afetam diretamente a opera\u00e7\u00e3o ou a seguran\u00e7a da aeronave.<\/p>\n<h2 class=\"wp-block-heading\">Como a VoePass Respondeu a Estas Revela\u00e7\u00f5es?<\/h2>\n<p>Em comunicado \u00e0 imprensa, a VoePass confirmou a exist\u00eancia de alguns problemas listados no relat\u00f3rio de inspe\u00e7\u00e3o, mas assegurou que a aeronave estava dentro dos padr\u00f5es exigidos para a decolagem. Eles afirmaram:<\/p>\n<p><strong>\u201cEm rela\u00e7\u00e3o ao acidente ocorrido na tarde desta sexta-feira, 9 de agosto de 2024, com o voo 2283, na regi\u00e3o de Vinhedo-SP, a VoePass reitera que a aeronave estava aeronaveg\u00e1vel, com todos os sistemas requeridos em funcionamento, cumprindo com todos os requisitos e exig\u00eancias estipulados pelas autoridades e legisla\u00e7\u00e3o setorial vigente.\u201d<\/strong><\/p>\n<p>A empresa informa que est\u00e1 colaborando com as investiga\u00e7\u00f5es e ressalta a busca pelo acolhimento das fam\u00edlias das v\u00edtimas, oferecendo transporte, hospedagem e apoio emocional.<\/p>\n<p>At\u00e9 o momento, n\u00e3o se sabe se o problema do EHSI teve interfer\u00eancia direta no acidente. Artigos t\u00e9cnicos indicam que o dispositivo facilita a leitura de dados em situa\u00e7\u00f5es cr\u00edticas, mas a investiga\u00e7\u00e3o ainda est\u00e1 em andamento. Informa\u00e7\u00f5es adicionais ser\u00e3o divulgadas pelo Cenipa conforme o avan\u00e7o das investiga\u00e7\u00f5es.<\/p>\n<p>O incidente trouxe \u00e0 tona a import\u00e2ncia da manuten\u00e7\u00e3o preventiva e da exig\u00eancia de cumprimentos rigorosos em rela\u00e7\u00e3o aos padr\u00f5es de seguran\u00e7a aeron\u00e1utica. A VoePass, por sua vez, afirmou seu compromisso em colaborar com as autoridades para solucionar o caso e minimizar o impacto sobre as fam\u00edlias envolvidas.<\/p>\n<\/p><\/div>\n<p><br \/>\n<br \/><a href=\"https:\/\/terrabrasilnoticias.com\/2024\/08\/relatorio-de-inspecao-revela-defeito-no-painel-de-aviao-da-voepass-que-caiu-em-sp\/\">Source link <\/a><\/p>","protected":false},"excerpt":{"rendered":"<p>Na tarde da \u00faltima sexta-feira, 9 de agosto de 2024, um avi\u00e3o modelo ATR-72 da companhia a\u00e9rea VoePass caiu em Vinhedo, S\u00e3o Paulo. De acordo com um documento obtido pelo&hellip;<\/p>","protected":false},"author":1,"featured_media":22583,"comment_status":"closed","ping_status":"open","sticky":false,"template":"","format":"standard","meta":{"content-type":"","footnotes":""},"categories":[16],"tags":[],"class_list":["post-22582","post","type-post","status-publish","format-standard","has-post-thumbnail","hentry","category-noticias"],"_links":{"self":[{"href":"https:\/\/tvbrazilusa.com\/pt\/wp-json\/wp\/v2\/posts\/22582","targetHints":{"allow":["GET"]}}],"collection":[{"href":"https:\/\/tvbrazilusa.com\/pt\/wp-json\/wp\/v2\/posts"}],"about":[{"href":"https:\/\/tvbrazilusa.com\/pt\/wp-json\/wp\/v2\/types\/post"}],"author":[{"embeddable":true,"href":"https:\/\/tvbrazilusa.com\/pt\/wp-json\/wp\/v2\/users\/1"}],"replies":[{"embeddable":true,"href":"https:\/\/tvbrazilusa.com\/pt\/wp-json\/wp\/v2\/comments?post=22582"}],"version-history":[{"count":1,"href":"https:\/\/tvbrazilusa.com\/pt\/wp-json\/wp\/v2\/posts\/22582\/revisions"}],"predecessor-version":[{"id":22584,"href":"https:\/\/tvbrazilusa.com\/pt\/wp-json\/wp\/v2\/posts\/22582\/revisions\/22584"}],"wp:featuredmedia":[{"embeddable":true,"href":"https:\/\/tvbrazilusa.com\/pt\/wp-json\/wp\/v2\/media\/22583"}],"wp:attachment":[{"href":"https:\/\/tvbrazilusa.com\/pt\/wp-json\/wp\/v2\/media?parent=22582"}],"wp:term":[{"taxonomy":"category","embeddable":true,"href":"https:\/\/tvbrazilusa.com\/pt\/wp-json\/wp\/v2\/categories?post=22582"},{"taxonomy":"post_tag","embeddable":true,"href":"https:\/\/tvbrazilusa.com\/pt\/wp-json\/wp\/v2\/tags?post=22582"}],"curies":[{"name":"wp","href":"https:\/\/api.w.org\/{rel}","templated":true}]}}